{"id":78274,"date":"2025-05-08T03:51:02","date_gmt":"2025-05-08T01:51:02","guid":{"rendered":"https:\/\/www.infokuryr.cz\/n\/?p=78274"},"modified":"2025-05-08T03:51:02","modified_gmt":"2025-05-08T01:51:02","slug":"radni-skrtli-imigrantske-neziskovce-dotace-ted-se-boji-o-zivot-nemecko-v-roce-2025","status":"publish","type":"post","link":"https:\/\/www.infokuryr.cz\/n\/2025\/05\/08\/radni-skrtli-imigrantske-neziskovce-dotace-ted-se-boji-o-zivot-nemecko-v-roce-2025\/","title":{"rendered":"Radn\u00ed \u0161krtli imigrantsk\u00e9 neziskovce dotace, te\u010f se boj\u00ed o \u017eivot\u2026 N\u011bmecko v roce 2025!"},"content":{"rendered":"<div id=\"fb-root\"><\/div>\n<p>Nemalou odvahu projevili radn\u00ed v sask\u00e9m m\u011bst\u011b Wurzenu.\u00a0<strong>Na n\u00e1vrh radn\u00edch z opozi\u010dn\u00ed AfD \u0161krtli dotaci neziskovce zvan\u00e9 \u201eNetzwerk f\u00fcr Demokratische Kultur\u201c\u00a0 (s\u00edt pro demokratickou kulturu) ve v\u00fd\u0161i 12 000 EUR. T\u00edm ale zp\u016fsobili, \u017ee neziskovka nejsp\u00ed\u0161 nez\u00edsk\u00e1 ani dotace od zemsk\u00e9 vl\u00e1dy ve v\u00fd\u0161i 150 000 EUR a pak by musela zav\u0159\u00edt kr\u00e1m a neziskovk\u00e1\u0159i j\u00edt na prac\u00e1k. Pr\u00fd tak bude ohro\u017eena \u201eob\u010dansk\u00e1 spole\u010dnost\u201c.<\/strong><\/p>\n<p>V\u016fbec to byla zaj\u00edmav\u00e1 debata,\u00a0<strong>radn\u00ed se nap\u0159\u00edklad pohor\u0161ovali, \u017ee neziskovka spot\u0159ebuje v\u011bt\u0161inu dotac\u00ed na person\u00e1ln\u00ed n\u00e1klady a tak\u00e9 podivn\u011b veden\u00e9mu \u00fa\u010detnictv\u00ed.<\/strong><\/p>\n<p>Podle m\u00edstn\u00ed Levice a socdem plnila neziskovka d\u016fle\u017eit\u00e9 \u00fakoly, nap\u0159\u00edklad se anga\u017eovala v dovozu barevn\u00fdch uprchl\u00edk\u016f do N\u011bmecka a rovn\u011b\u017e v boji proti \u201epravici a nen\u00e1visti\u201c.<\/p>\n<p>K<strong>dy\u017e se m\u00edstn\u00ed \u201eob\u010dansk\u00e1 spole\u010dnost\u201c dozv\u011bd\u011bla, \u017ee radn\u00ed budou hlasovat proti dotaci, tak jim za\u010dala otev\u0159en\u011b vyhro\u017eovat<\/strong>. To se stup\u0148uje po hlasov\u00e1n\u00ed, kter\u00e9 bylo sice tajn\u00e9, ale zn\u00e1te to v liber\u00e1ln\u00ed demokracii si na tajemstv\u00ed hraj\u00ed jen nen\u00e1vistn\u00e9 \u017eivly, a\u00a0<strong>p\u0159edev\u0161\u00edm radn\u00ed za CDU se doslova boj\u00ed o \u017eivot.<\/strong>\u00a0To asi bude ta militantn\u00ed demokracie v praxi, jak j\u00ed vymyslel v N\u011bmecku narozen\u00fd pan Loewenstein (N\u011bmec to ale nebyl).<\/p>\n<p>To je realita N\u011bmecka v roce 2025!<\/p>\n<p>Za \u010cechy \u0159\u00edk\u00e1me, nem\u00e1me z\u00e1jem!<\/p>\n<p><a href=\"https:\/\/ceskavec.com\/2025\/05\/radni-skrtli-imigrantske-neziskovce-dotace-ted-se-boji-o-zivot-nemecko-v-roce-2025\">Aron G.<\/a><\/p>\n<p>&nbsp;<\/p>\n","protected":false},"excerpt":{"rendered":"<p>Nemalou odvahu projevili radn\u00ed v sask\u00e9m m\u011bst\u011b Wurzenu.\u00a0Na n\u00e1vrh radn\u00edch z opozi\u010dn\u00ed AfD \u0161krtli dotaci&#8230;<\/p>\n","protected":false},"author":2,"featured_media":78275,"comment_status":"closed","ping_status":"closed","sticky":false,"template":"","format":"standard","meta":[],"categories":[7],"tags":[920,119,84,6375],"_links":{"self":[{"href":"https:\/\/www.infokuryr.cz\/n\/wp-json\/wp\/v2\/posts\/78274"}],"collection":[{"href":"https:\/\/www.infokuryr.cz\/n\/wp-json\/wp\/v2\/posts"}],"about":[{"href":"https:\/\/www.infokuryr.cz\/n\/wp-json\/wp\/v2\/types\/post"}],"author":[{"embeddable":true,"href":"https:\/\/www.infokuryr.cz\/n\/wp-json\/wp\/v2\/users\/2"}],"replies":[{"embeddable":true,"href":"https:\/\/www.infokuryr.cz\/n\/wp-json\/wp\/v2\/comments?post=78274"}],"version-history":[{"count":0,"href":"https:\/\/www.infokuryr.cz\/n\/wp-json\/wp\/v2\/posts\/78274\/revisions"}],"wp:featuredmedia":[{"embeddable":true,"href":"https:\/\/www.infokuryr.cz\/n\/wp-json\/wp\/v2\/media\/78275"}],"wp:attachment":[{"href":"https:\/\/www.infokuryr.cz\/n\/wp-json\/wp\/v2\/media?parent=78274"}],"wp:term":[{"taxonomy":"category","embeddable":true,"href":"https:\/\/www.infokuryr.cz\/n\/wp-json\/wp\/v2\/categories?post=78274"},{"taxonomy":"post_tag","embeddable":true,"href":"https:\/\/www.infokuryr.cz\/n\/wp-json\/wp\/v2\/tags?post=78274"}],"curies":[{"name":"wp","href":"https:\/\/api.w.org\/{rel}","templated":true}]}}