{"id":78253,"date":"2025-05-08T00:13:35","date_gmt":"2025-05-07T22:13:35","guid":{"rendered":"https:\/\/www.infokuryr.cz\/n\/?p=78253"},"modified":"2025-05-07T16:43:49","modified_gmt":"2025-05-07T14:43:49","slug":"erik-best-spatne-jaderne-zpravy","status":"publish","type":"post","link":"https:\/\/www.infokuryr.cz\/n\/2025\/05\/08\/erik-best-spatne-jaderne-zpravy\/","title":{"rendered":"Erik Best: \u0160patn\u00e9 jadern\u00e9 zpr\u00e1vy"},"content":{"rendered":"<div id=\"fb-root\"><\/div>\n<p>Jak vypl\u00fdv\u00e1 z\u00a0jej\u00edho\u00a0<a href=\"https:\/\/www.fleet.cz\/files\/Harmonogram_finalnich-kroku_duben_2025.jpg\" target=\"_blank\" rel=\"noopener\">intern\u00edho dokumentu<\/a>, Fialova vl\u00e1da doufala, \u017ee dne\u0161n\u00edm podpisem smlouvy s\u00a0KHNP o\u00a0dostavb\u011b jadern\u00e9 elektr\u00e1rny Dukovany spln\u00ed sv\u016fj c\u00edl ohledn\u011b \u201ezapln\u011bn\u00ed ve\u0159ejn\u00e9ho prostoru pozitivn\u00edch zpr\u00e1v a\u00a0informac\u00ed\u201c.<\/p>\n<p>Tuto snahu v\u010dera zma\u0159il Krajsk\u00fd soud v\u00a0Brn\u011b vyd\u00e1n\u00edm p\u0159edb\u011b\u017en\u00e9ho opat\u0159en\u00ed, kter\u00fdm prozat\u00edm zakazuje podpis kontraktu. To d\u00e1v\u00e1 v\u0161em odp\u016frc\u016fm vl\u00e1dn\u00edch pl\u00e1n\u016f, v\u010detn\u011b spole\u010dnosti EDF, v\u00edce \u010dasu na shrom\u00e1\u017ed\u011bn\u00ed argument\u016f. B\u00fdval\u00fd gener\u00e1ln\u00ed \u0159editel \u010cEZ\u00a0<a href=\"https:\/\/www.fsfinalword.cz\/?page=archive&amp;day=2024-07-22\" target=\"_blank\" rel=\"noopener\">Jaroslav M\u00edl<\/a>\u00a0v\u00a0p\u00e1tek na stanici\u00a0<a href=\"https:\/\/cnn.iprima.cz\/porady\/360deg\/360-2-5-v-21-59\" target=\"_blank\" rel=\"noopener\">CNN Prima News<\/a>\u00a0prohl\u00e1sil, \u017ee rozhodnut\u00ed o\u00a0notifikaci ze strany EU je velmi zvl\u00e1\u0161tn\u00ed a\u00a0\u017ee by ho zaj\u00edmalo, kdo to za \u010deskou stranu projedn\u00e1val a\u00a0kdo to schv\u00e1lil, proto\u017ee ekonomick\u00e9 ztr\u00e1ty pro \u010ceskou republiku jsou v\u00a0\u0159\u00e1du vysok\u00fdch des\u00edtek miliard korun.<\/p>\n<p>Energetick\u00fd expert\u00a0<a href=\"https:\/\/www.youtube.com\/watch?v=Q7TKhZWKf2M&amp;t=220s\" target=\"_blank\" rel=\"noopener\">Pavel Jane\u010dek<\/a>\u00a0pro slovensk\u00fd port\u00e1l Trend uvedl, \u017ee smlouvu s\u00a0KHNP pova\u017euje za \u201enepodepsatelnou\u201c mimo jin\u00e9 proto, \u017ee notifika\u010dn\u00ed dokument zabra\u0148uje n\u00e1vratnosti investice. Dne\u0161n\u00ed podpis podle n\u011bj nem\u011bl b\u00fdt ni\u010d\u00edm jin\u00fdm ne\u017e p\u0159edvolebn\u00ed akc\u00ed. Krajsk\u00fd soud v\u00a0Brn\u011b z\u00a0n\u00ed nyn\u00ed ud\u011blal p\u0159edvolebn\u00ed akci t\u00e9 druh\u00e9 strany.<\/p>\n<p><a href=\"https:\/\/www.fsfinalword.cz\/?page=archive&amp;day=2025-05-07\">Erik Best<\/a><\/p>\n<p><img decoding=\"async\" loading=\"lazy\" class=\"alignnone  wp-image-1179\" src=\"http:\/\/www.infokuryr.cz\/n\/wp-content\/uploads\/2021\/04\/erik-best.jpg\" alt=\"\" width=\"134\" height=\"151\" \/><\/p>\n<p>&nbsp;<\/p>\n","protected":false},"excerpt":{"rendered":"<p>Jak vypl\u00fdv\u00e1 z\u00a0jej\u00edho\u00a0intern\u00edho dokumentu, Fialova vl\u00e1da doufala, \u017ee dne\u0161n\u00edm podpisem smlouvy s\u00a0KHNP o\u00a0dostavb\u011b jadern\u00e9 elektr\u00e1rny&#8230;<\/p>\n","protected":false},"author":2,"featured_media":26076,"comment_status":"closed","ping_status":"closed","sticky":false,"template":"","format":"standard","meta":[],"categories":[6],"tags":[2998,1503,324],"_links":{"self":[{"href":"https:\/\/www.infokuryr.cz\/n\/wp-json\/wp\/v2\/posts\/78253"}],"collection":[{"href":"https:\/\/www.infokuryr.cz\/n\/wp-json\/wp\/v2\/posts"}],"about":[{"href":"https:\/\/www.infokuryr.cz\/n\/wp-json\/wp\/v2\/types\/post"}],"author":[{"embeddable":true,"href":"https:\/\/www.infokuryr.cz\/n\/wp-json\/wp\/v2\/users\/2"}],"replies":[{"embeddable":true,"href":"https:\/\/www.infokuryr.cz\/n\/wp-json\/wp\/v2\/comments?post=78253"}],"version-history":[{"count":0,"href":"https:\/\/www.infokuryr.cz\/n\/wp-json\/wp\/v2\/posts\/78253\/revisions"}],"wp:featuredmedia":[{"embeddable":true,"href":"https:\/\/www.infokuryr.cz\/n\/wp-json\/wp\/v2\/media\/26076"}],"wp:attachment":[{"href":"https:\/\/www.infokuryr.cz\/n\/wp-json\/wp\/v2\/media?parent=78253"}],"wp:term":[{"taxonomy":"category","embeddable":true,"href":"https:\/\/www.infokuryr.cz\/n\/wp-json\/wp\/v2\/categories?post=78253"},{"taxonomy":"post_tag","embeddable":true,"href":"https:\/\/www.infokuryr.cz\/n\/wp-json\/wp\/v2\/tags?post=78253"}],"curies":[{"name":"wp","href":"https:\/\/api.w.org\/{rel}","templated":true}]}}