{"id":78235,"date":"2025-05-08T00:19:06","date_gmt":"2025-05-07T22:19:06","guid":{"rendered":"https:\/\/www.infokuryr.cz\/n\/?p=78235"},"modified":"2025-05-07T16:04:00","modified_gmt":"2025-05-07T14:04:00","slug":"trumpova-administrativa-prosazuje-auta-s-umelou-inteligenci-pod-zaminkou-drzet-krok-s-cinou","status":"publish","type":"post","link":"https:\/\/www.infokuryr.cz\/n\/2025\/05\/08\/trumpova-administrativa-prosazuje-auta-s-umelou-inteligenci-pod-zaminkou-drzet-krok-s-cinou\/","title":{"rendered":"Trumpova administrativa prosazuje auta s um\u011blou inteligenc\u00ed \u2013 pod z\u00e1minkou \u201edr\u017eet krok s \u010c\u00ednou\u201c"},"content":{"rendered":"<div id=\"fb-root\"><\/div>\n<div class=\"elementor-element elementor-element-1fb4c2c elementor-widget elementor-widget-theme-post-content\" data-id=\"1fb4c2c\" data-element_type=\"widget\" data-widget_type=\"theme-post-content.default\">\n<div class=\"elementor-widget-container\">\n<p><strong><span>Trumpova administrativa v\u00fdrazn\u011b podporuje snahu o rozvoj samo\u0159\u00edd\u00edc\u00edch vozidel ovl\u00e1dan\u00fdch um\u011blou inteligenc\u00ed.<\/span><\/strong><\/p>\n<p><span>Pod z\u00e1minkou \u201emus\u00edme dr\u017eet krok s \u010c\u00ednou\u201c se americk\u00fd dopravn\u00ed syst\u00e9m z\u00e1sadn\u011b m\u011bn\u00ed zp\u016fsobem, kter\u00fd podkop\u00e1v\u00e1 svobodu pohybu \u2013 a to v\u0161e iniciuje Trumpova administrativa.<\/span><\/p>\n<p><span>Americk\u00e9 ministerstvo dopravy ve \u010dtvrtek ozn\u00e1milo, \u017ee zm\u00edrn\u00ed bezpe\u010dnostn\u00ed p\u0159edpisy pro v\u00fdvoj samo\u0159\u00edd\u00edc\u00edch vozidel, aby si USA udr\u017eely glob\u00e1ln\u00ed dominanci v tomto odv\u011btv\u00ed.<\/span><\/p>\n<p><span>Program osvobod\u00ed americk\u00e9 v\u00fdrobce automobil\u016f od bezpe\u010dnostn\u00edch p\u0159edpis\u016f pro automatizovan\u00e1 vozidla (AV) ur\u010den\u00e1 pro v\u00fdzkumn\u00e9 nebo demonstra\u010dn\u00ed \u00fa\u010dely, uv\u00e1d\u00ed se v dopise N\u00e1rodn\u00edho \u00fa\u0159adu pro bezpe\u010dnost silni\u010dn\u00edho provozu (NHTSA).<\/span><\/p>\n<p><span>Ministr dopravy\u00a0<\/span><strong><span>Sean P. Duffy<\/span><\/strong><span>\u00a0\u0159ekl:<\/span><\/p>\n<p><em>\u201eTato administrativa ch\u00e1pe, \u017ee s \u010c\u00ednou z\u00e1vod\u00edme v inovac\u00edch \u2013 a s\u00e1zka nem\u016f\u017ee b\u00fdt vy\u0161\u0161\u00ed.\u201c<\/em><\/p>\n<p><span>Duffy zd\u016fraznil, \u017ee tento krok je sou\u010d\u00e1st\u00ed inova\u010dn\u00ed agendy Ministerstva dopravy, jej\u00edm\u017e c\u00edlem je p\u0159ibl\u00ed\u017eit USA \u201ek jednotn\u00e9mu n\u00e1rodn\u00edmu standardu\u201c, kter\u00fd podporuje inovace sn\u00ed\u017een\u00edm regula\u010dn\u00edch p\u0159ek\u00e1\u017eek.<\/span><\/p>\n<p><span>Hlavn\u00ed pr\u00e1vn\u00ed z\u00e1stupce NHTSA\u00a0<\/span><strong><span>Peter Simshauser<\/span><\/strong><span>\u00a0uvedl, \u017ee tento krok umo\u017en\u00ed v\u00fdrobc\u016fm autonomn\u00edch vozidel \u201erychlej\u0161\u00ed v\u00fdvoj a tr\u00e1ven\u00ed m\u00e9n\u011b \u010dasu zbyte\u010dn\u00fdmi procesy a z\u00e1rove\u0148 zlep\u0161en\u00ed bezpe\u010dnosti\u201c.<\/span><\/p>\n<p><span>Asociace\u00a0<\/span><strong><span>pr\u016fmyslu autonomn\u00edch vozidel (AVIA)<\/span><\/strong><span>\u00a0ve sv\u00e9m prohl\u00e1\u0161en\u00ed uv\u00edtala nov\u00fd r\u00e1mec jako \u201eodv\u00e1\u017en\u00fd a nezbytn\u00fd krok\u201c k urychlen\u00ed p\u0159echodu USA na automatizovan\u00e1 vozidla.<\/span><\/p>\n<p><span>Tvrd\u00ed se, \u017ee tato vozidla zv\u00fd\u0161\u00ed bezpe\u010dnost na silnic\u00edch \u2013 t\u00edm, \u017ee \u0159\u00edzen\u00ed p\u0159evezmou od lid\u00ed a ponechaj\u00ed ho na um\u011bl\u00e9 inteligenci. Ani slovo v\u0161ak o ztr\u00e1t\u011b soukrom\u00ed a svobody pohybu. Proto\u017ee\u00a0<\/span><strong><span>autonomn\u00ed auta jsou tak\u00e9 vozidla, kter\u00e1 lze na d\u00e1lku vypnout.<\/span><\/strong><\/p>\n<p><span>Gener\u00e1ln\u00ed \u0159editel spole\u010dnosti AVIA\u00a0<\/span><strong><span>Jeff Farrah<\/span><\/strong><span>\u00a0uvedl:<\/span><\/p>\n<p><em>\u201eT\u011b\u0161\u00edme se na spolupr\u00e1ci s ministrem Duffym a jeho t\u00fdmem p\u0159i zav\u00e1d\u011bn\u00ed inteligentn\u00edch a progresivn\u00edch politik, kter\u00e9 zv\u00fd\u0161\u00ed bezpe\u010dnost na\u0161ich silnic, roz\u0161\u00ed\u0159\u00ed mobilitu, pos\u00edl\u00ed dodavatelsk\u00e9 \u0159et\u011bzce a podpo\u0159\u00ed americk\u00fd hospod\u00e1\u0159sk\u00fd r\u016fst pro dal\u0161\u00ed generace.\u201c<\/em><\/p>\n<p><span>Toto je dal\u0161\u00ed p\u0159\u00edklad toho, jak n\u00e1s Trumpova administrativa vede do \u201eodv\u00e1\u017en\u00e9ho nov\u00e9ho sv\u011bta\u201c technokracie \u2013 kde st\u00e1le m\u00e9n\u011b n\u00e1stroj\u016f, kter\u00e9 pou\u017e\u00edv\u00e1me, m\u00e1me pod vlastn\u00ed kontrolou. Um\u011bl\u00e1 inteligence\u00a0<\/span><strong><span>bude ovl\u00e1dat v\u0161echno<\/span><\/strong><span>\u00a0. P\u0159esn\u011b o tom je\u00a0<\/span><strong><span>Projekt Hv\u011bzdn\u00e1 br\u00e1na<\/span><\/strong><span>\u00a0.<\/span><\/p>\n<p><strong><span>Projekt Stargate<\/span><\/strong><span>\u00a0spustil\u00a0B\u00edl\u00fd d\u016fm prvn\u00ed den druh\u00e9ho funk\u010dn\u00edho obdob\u00ed ve spolupr\u00e1ci s arcitechnokraty\u00a0<\/span><strong><span>Larrym Ellisonem<\/span><\/strong><span>\u00a0(Oracle) a\u00a0<\/span><strong><span>Samem Altmanem (OpenAI).\u00a0<\/span><\/strong><strong><span>Elon Musk<\/span><\/strong><span>\u00a0a\u00a0<\/span><strong><span>Peter Thiel<\/span><\/strong><span>\u00a0\u2013 oba v\u00fdznamn\u00ed technokrat\u00e9 \u2013 maj\u00ed tak\u00e9\u00a0obrovsk\u00fd vliv na B\u00edl\u00fd d\u016fm.<\/span><\/p>\n<p><span>Ellison, Altman, Musk a Thiel maj\u00ed jedno spole\u010dn\u00e9: jsou to technokrat\u00e9 s c\u00edlem nahradit\u00a0lidi\u00a0<\/span><strong><span>um\u011blou inteligenc\u00ed<\/span><\/strong><span>\u00a0t\u00e9m\u011b\u0159 ve v\u0161ech funkc\u00edch. O t\u011bch n\u011bkolika m\u00e1lo, kte\u0159\u00ed z\u016fst\u00e1vaj\u00ed v kl\u00ed\u010dov\u00fdch rol\u00edch, se \u0159\u00edk\u00e1, \u017ee jsou \u201enadlid\u00e9\u201c \u2013 vylep\u0161en\u00ed invazivn\u00ed technologi\u00ed.<\/span><br \/>\n<span>Jin\u00fdmi slovy: sou\u010d\u00e1st nov\u00e9, nad\u0159azen\u00e9 etnick\u00e9 skupiny\u00a0<\/span><strong><span>transhuman\u016f<\/span><\/strong><span>\u00a0.<\/span><\/p>\n<p><span>Proto mluv\u00edme o\u00a0<\/span><strong><span>\u201elidskosti 2.0\u201c<\/span><\/strong><span>\u00a0. Nejde jen o \u201einternet v\u011bc\u00ed\u201c, jako jsou autonomn\u00ed vozidla \u2013 jde o\u00a0<\/span><strong><span>\u201einternet t\u011bl\u201c<\/span><\/strong><span>\u00a0.<\/span><\/p>\n<p><span>Pochybuji, \u017ee prezident Trump tomu v\u0161emu opravdu rozum\u00ed. Ale zahr\u00e1v\u00e1 si s ohn\u011bm t\u00edm, \u017ee se spojuje s transhumanisty a technokraty, jako jsou Musk, Ellison, Altman a Thiel.<\/span><\/p>\n<p><span>Pro Trumpa jde p\u0159edev\u0161\u00edm o to, \u201edr\u017eet krok s \u010c\u00ednou\u201c.<\/span><br \/>\n<strong><span>\u010c\u00edna jako hlavn\u00ed konkurent<\/span><\/strong><span>\u00a0\u2013 \u200b\u200bzn\u00e1m\u00fd narativ, kter\u00fd r\u00e1di vtahuj\u00ed do hry i samotn\u00ed technokrat\u00e9. Proto\u017ee v\u011bd\u00ed: Funguje to.<\/span><br \/>\n<strong><span>\u201ePokud to neud\u011bl\u00e1me, \u010c\u00edna n\u00e1s p\u0159edb\u011bhne.\u201c<\/span><\/strong><br \/>\n<span>Ale bu\u010fte opatrn\u00ed: tento argument je\u00a0<\/span><strong><span>nebezpe\u010dn\u00fd klam<\/span><\/strong><span>\u00a0.<\/span><\/p>\n<p><span>Podle\u00a0<\/span><strong><span>serveru NTD.com\u00a0<\/span><\/strong><strong><span>John Bozzella<\/span><\/strong><span>\u00a0, prezident a gener\u00e1ln\u00ed \u0159editel Aliance\u00a0<\/span><strong><span>pro automobilov\u00e9 inovace<\/span><\/strong><span>\u00a0, uvedl\u00a0, \u017ee nov\u00fd r\u00e1mec zaji\u0161\u0165uje, \u017ee USA neztrat\u00ed sv\u00e9 vedouc\u00ed postaven\u00ed v oblasti autonomn\u00edch vozidel ve prosp\u011bch \u010c\u00edny nebo jin\u00fdch zem\u00ed.<\/span><\/p>\n<p><strong><span>Ztr\u00e1ta veden\u00ed v autonomn\u00ed oblasti ve prosp\u011bch \u010c\u00edny? No a co?<\/span><\/strong><br \/>\n<span>Pokud jsou \u010c\u00ed\u0148an\u00e9 nuceni jezdit v autonomn\u00edch vozidlech \u2013 nov\u00e9 form\u011b ve\u0159ejn\u00e9 dopravy, kterou ji\u017e \u0159idi\u010d neovl\u00e1d\u00e1 \u2013<\/span><br \/>\n<span>pro\u010d by to m\u011blo znamenat, \u017ee\u00a0se touto cestou mus\u00ed vydat i\u00a0<\/span><strong><span>Amerika ?<\/span><\/strong><\/p>\n<p><span>Cel\u00fd tlak\u00a0<\/span><strong><span>na to, aby um\u011bl\u00e1 inteligence ovl\u00e1dala ka\u017ed\u00fd aspekt na\u0161eho \u017eivota,<\/span><\/strong><span>\u00a0je prosazov\u00e1n pod rou\u0161kou \u201enesm\u00edme zaost\u00e1vat\u201c. A to st\u00e1le rostouc\u00edm tempem.<\/span><\/p>\n<p><span>Ale zde le\u017e\u00ed kl\u00ed\u010dov\u00fd bod:<\/span><br \/>\n<span>\u010c\u00edna je\u00a0<\/span><strong><span>autorit\u00e1\u0159sk\u00e1 spole\u010dnost<\/span><\/strong><span>\u00a0\u2013 a technologie sledov\u00e1n\u00ed do syst\u00e9mu bezprobl\u00e9mov\u011b zapad\u00e1.<\/span><br \/>\n<span>Amerika m\u00e1 b\u00fdt na druhou stranu\u00a0<\/span><strong><span>svobodnou spole\u010dnost\u00ed<\/span><\/strong><span>\u00a0.<\/span><br \/>\n<span>A p\u0159esto n\u00e1s na\u0161e vlastn\u00ed politick\u00e9 elity tla\u010d\u00ed\u00a0<\/span><strong><span>stejnou nebezpe\u010dnou cestou jako \u010c\u00ednu<\/span><\/strong><span>\u00a0.<\/span><\/p>\n<p><span>U\u017e jen to by m\u011blo\u00a0<\/span><strong><span>vyvolat poplach<\/span><\/strong><span>\u00a0.<\/span><\/p>\n<p><span>Proto\u017ee i kdy\u017e sou\u010dasn\u00e1 vl\u00e1da vn\u00edm\u00e1 tyto technologie pouze jako neutr\u00e1ln\u00ed n\u00e1stroje, lze si b\u00fdt jisti, \u017ee\u00a0<\/span><strong><span>budouc\u00ed vl\u00e1da<\/span><\/strong><span>\u00a0nebude ani na vte\u0159inu v\u00e1hat s jejich\u00a0<\/span><strong><span>zneu\u017eit\u00edm<\/span><\/strong><span>\u00a0.<\/span><\/p>\n<p><strong>Leo Hohmann<\/strong><\/p>\n<\/div>\n<\/div>\n<div class=\"elementor-element elementor-element-8c57238 quelle dc-has-condition dc-condition-empty elementor-widget elementor-widget-heading\" data-id=\"8c57238\" data-element_type=\"widget\" data-widget_type=\"heading.default\">\n<div class=\"elementor-widget-container\">\n<h3 class=\"elementor-heading-title elementor-size-default\"><span style=\"font-size: 10pt;\"><a href=\"https:\/\/leohohmann.substack.com\/p\/the-push-toward-ai-powered-self-driving?r=qrouj&amp;utm_medium=ios&amp;triedRedirect=true\" target=\"_blank\" rel=\"nofollow noopener\">Zdroj<\/a><\/span><\/h3>\n<p>&nbsp;<\/p>\n<\/div>\n<\/div>\n","protected":false},"excerpt":{"rendered":"<p>Trumpova administrativa v\u00fdrazn\u011b podporuje snahu o rozvoj samo\u0159\u00edd\u00edc\u00edch vozidel ovl\u00e1dan\u00fdch um\u011blou inteligenc\u00ed. Pod z\u00e1minkou \u201emus\u00edme&#8230;<\/p>\n","protected":false},"author":2,"featured_media":78236,"comment_status":"closed","ping_status":"closed","sticky":false,"template":"","format":"standard","meta":[],"categories":[7],"tags":[3101,2074,2194],"_links":{"self":[{"href":"https:\/\/www.infokuryr.cz\/n\/wp-json\/wp\/v2\/posts\/78235"}],"collection":[{"href":"https:\/\/www.infokuryr.cz\/n\/wp-json\/wp\/v2\/posts"}],"about":[{"href":"https:\/\/www.infokuryr.cz\/n\/wp-json\/wp\/v2\/types\/post"}],"author":[{"embeddable":true,"href":"https:\/\/www.infokuryr.cz\/n\/wp-json\/wp\/v2\/users\/2"}],"replies":[{"embeddable":true,"href":"https:\/\/www.infokuryr.cz\/n\/wp-json\/wp\/v2\/comments?post=78235"}],"version-history":[{"count":1,"href":"https:\/\/www.infokuryr.cz\/n\/wp-json\/wp\/v2\/posts\/78235\/revisions"}],"predecessor-version":[{"id":78237,"href":"https:\/\/www.infokuryr.cz\/n\/wp-json\/wp\/v2\/posts\/78235\/revisions\/78237"}],"wp:featuredmedia":[{"embeddable":true,"href":"https:\/\/www.infokuryr.cz\/n\/wp-json\/wp\/v2\/media\/78236"}],"wp:attachment":[{"href":"https:\/\/www.infokuryr.cz\/n\/wp-json\/wp\/v2\/media?parent=78235"}],"wp:term":[{"taxonomy":"category","embeddable":true,"href":"https:\/\/www.infokuryr.cz\/n\/wp-json\/wp\/v2\/categories?post=78235"},{"taxonomy":"post_tag","embeddable":true,"href":"https:\/\/www.infokuryr.cz\/n\/wp-json\/wp\/v2\/tags?post=78235"}],"curies":[{"name":"wp","href":"https:\/\/api.w.org\/{rel}","templated":true}]}}