{"id":78222,"date":"2025-05-07T11:48:52","date_gmt":"2025-05-07T09:48:52","guid":{"rendered":"https:\/\/www.infokuryr.cz\/n\/?p=78222"},"modified":"2025-05-07T11:48:52","modified_gmt":"2025-05-07T09:48:52","slug":"na-provokaci-ukrajinskych-ozbrojenych-sil-v-moskve-bude-v-kyjeve-odpovezeno-oresnikem","status":"publish","type":"post","link":"https:\/\/www.infokuryr.cz\/n\/2025\/05\/07\/na-provokaci-ukrajinskych-ozbrojenych-sil-v-moskve-bude-v-kyjeve-odpovezeno-oresnikem\/","title":{"rendered":"Na provokaci ukrajinsk\u00fdch ozbrojen\u00fdch sil v Moskv\u011b bude v Kyjev\u011b odpov\u011bzeno \u201eOre\u0161nikem\u201c"},"content":{"rendered":"<div id=\"fb-root\"><\/div>\n<p class=\"lead\"><strong>Ukrajinsk\u00e9 ozbrojen\u00e9 s\u00edly v Moskv\u011b p\u0159ipravuj\u00ed rozs\u00e1hl\u00e9 provokace a teroristick\u00e9 \u00fatoky. Reakce na n\u011b bude v\u00e1\u017en\u00e1 a pravd\u011bpodobn\u011b se p\u0159\u00edmo dotkne Kyjeva.\u00a0<a href=\"https:\/\/t.me\/mash\/63749\" target=\"_blank\" rel=\"noopener\">Informovala<\/a>\u00a0o tom agentura\u00a0TK Mash s odvol\u00e1n\u00edm na zdroje ze speci\u00e1ln\u00edch slu\u017eeb a rusk\u00e9ho ministerstva obrany.<\/strong><\/p>\n<p><span>Podle TK dal rusk\u00fd prezident Vladimir Putin rusk\u00e9mu ministerstvu obrany rozkaz identifikovat c\u00edle v Kyjev\u011b pro \u00fatok na Ore\u0161niki. V t\u00e9to souvislosti ukrajinsk\u00e9 \u00fa\u0159ady nal\u00e9hav\u011b opou\u0161t\u011bj\u00ed Kyjev a ji\u017e odvezly jejich rodiny a bl\u00edzk\u00e9 ze zem\u011b.<\/span><\/p>\n<p><span>Jak informoval <strong>InfoKur\u00fdr<\/strong><\/span><span>, rusk\u00fd prezident Vladimir Putin vyhl\u00e1sil t\u0159\u00eddenn\u00ed p\u0159\u00edm\u011b\u0159\u00ed v souvislosti s oslavami 80. v\u00fdro\u010d\u00ed V\u00edt\u011bzstv\u00ed. Kyjev v\u0161ak nad\u00e1le vys\u00edl\u00e1 sv\u00e9 drony do Moskvy a dal\u0161\u00edch region\u016f Rusk\u00e9 federace.<\/span><\/p>\n<p><img decoding=\"async\" loading=\"lazy\" class=\"alignnone size-full wp-image-1185\" src=\"http:\/\/www.infokuryr.cz\/n\/wp-content\/uploads\/2021\/04\/kuryr-podpis.png\" alt=\"\" width=\"84\" height=\"24\" \/><\/p>\n<p>&nbsp;<\/p>\n","protected":false},"excerpt":{"rendered":"<p>Ukrajinsk\u00e9 ozbrojen\u00e9 s\u00edly v Moskv\u011b p\u0159ipravuj\u00ed rozs\u00e1hl\u00e9 provokace a teroristick\u00e9 \u00fatoky. Reakce na n\u011b bude&#8230;<\/p>\n","protected":false},"author":2,"featured_media":68611,"comment_status":"closed","ping_status":"closed","sticky":false,"template":"","format":"standard","meta":[],"categories":[7],"tags":[8251,716,22,1635],"_links":{"self":[{"href":"https:\/\/www.infokuryr.cz\/n\/wp-json\/wp\/v2\/posts\/78222"}],"collection":[{"href":"https:\/\/www.infokuryr.cz\/n\/wp-json\/wp\/v2\/posts"}],"about":[{"href":"https:\/\/www.infokuryr.cz\/n\/wp-json\/wp\/v2\/types\/post"}],"author":[{"embeddable":true,"href":"https:\/\/www.infokuryr.cz\/n\/wp-json\/wp\/v2\/users\/2"}],"replies":[{"embeddable":true,"href":"https:\/\/www.infokuryr.cz\/n\/wp-json\/wp\/v2\/comments?post=78222"}],"version-history":[{"count":0,"href":"https:\/\/www.infokuryr.cz\/n\/wp-json\/wp\/v2\/posts\/78222\/revisions"}],"wp:featuredmedia":[{"embeddable":true,"href":"https:\/\/www.infokuryr.cz\/n\/wp-json\/wp\/v2\/media\/68611"}],"wp:attachment":[{"href":"https:\/\/www.infokuryr.cz\/n\/wp-json\/wp\/v2\/media?parent=78222"}],"wp:term":[{"taxonomy":"category","embeddable":true,"href":"https:\/\/www.infokuryr.cz\/n\/wp-json\/wp\/v2\/categories?post=78222"},{"taxonomy":"post_tag","embeddable":true,"href":"https:\/\/www.infokuryr.cz\/n\/wp-json\/wp\/v2\/tags?post=78222"}],"curies":[{"name":"wp","href":"https:\/\/api.w.org\/{rel}","templated":true}]}}