{"id":78215,"date":"2025-05-07T11:43:59","date_gmt":"2025-05-07T09:43:59","guid":{"rendered":"https:\/\/www.infokuryr.cz\/n\/?p=78215"},"modified":"2025-05-07T13:21:08","modified_gmt":"2025-05-07T11:21:08","slug":"v-predvecer-vyroci-osvobozeni-byl-v-teplicich-znicen-pamatnik-rudoarmejce","status":"publish","type":"post","link":"https:\/\/www.infokuryr.cz\/n\/2025\/05\/07\/v-predvecer-vyroci-osvobozeni-byl-v-teplicich-znicen-pamatnik-rudoarmejce\/","title":{"rendered":"V p\u0159edve\u010der v\u00fdro\u010d\u00ed Osvobozen\u00ed byl v Teplic\u00edch zni\u010den pam\u00e1tn\u00edk Rudoarm\u011bjce"},"content":{"rendered":"<div id=\"fb-root\"><\/div>\n<p>V noci z \u00faterka na st\u0159edu 7.5. byl v Havl\u00ed\u010dkov\u011b sadech Teplic\u00edch zni\u010den kultovn\u00ed pam\u00e1tn\u00edk Rudoarm\u011bjce, p\u0159ipom\u00ednaj\u00edc\u00ed osvobozen\u00ed Teplic a padl\u00e9 sov\u011btsk\u00e9 voj\u00e1ky, kter\u00fd tam st\u00e1l od roku 1955 jako pod\u011bkov\u00e1n\u00ed za osvobozen\u00ed od fa\u0161ismu v roce 1945.<\/p>\n<p><img decoding=\"async\" loading=\"lazy\" class=\"wp-image-78216 aligncenter\" src=\"http:\/\/www.infokuryr.cz\/n\/wp-content\/uploads\/2025\/05\/pamatnik-tp0-300x225.jpg\" alt=\"\" width=\"723\" height=\"542\" srcset=\"https:\/\/www.infokuryr.cz\/n\/wp-content\/uploads\/2025\/05\/pamatnik-tp0-300x225.jpg 300w, https:\/\/www.infokuryr.cz\/n\/wp-content\/uploads\/2025\/05\/pamatnik-tp0-1024x768.jpg 1024w, https:\/\/www.infokuryr.cz\/n\/wp-content\/uploads\/2025\/05\/pamatnik-tp0-768x576.jpg 768w, https:\/\/www.infokuryr.cz\/n\/wp-content\/uploads\/2025\/05\/pamatnik-tp0-1536x1152.jpg 1536w, https:\/\/www.infokuryr.cz\/n\/wp-content\/uploads\/2025\/05\/pamatnik-tp0-2048x1536.jpg 2048w\" sizes=\"(max-width: 723px) 100vw, 723px\" \/><\/p>\n<p>Ob\u010dan\u00e9 Teplic odsuzuj\u00ed tento pronacistick\u00fd \u010din a obvi\u0148uj\u00ed Fialovo vl\u00e1du, kter\u00e1 dopustila eskalaci protirusk\u00fdch n\u00e1lad a rozd\u011blov\u00e1n\u00ed spole\u010dnosti.<\/p>\n<p>Rozho\u0159\u010den\u00ed do\u0161lo do takov\u00e9 m\u00edry, \u017ee mnoz\u00ed ob\u010dan\u00e9 podle jejich vyj\u00e1d\u0159en\u00ed p\u0159ipravuj\u00ed lyn\u010d pachatel\u016f, jakmile budou zn\u00e1ma jejich jm\u00e9na!<\/p>\n<p>Zni\u010den\u00ed pam\u00e1tn\u00edku v p\u0159edve\u010der v\u00fdznamn\u00e9ho 80. let\u00e9ho v\u00fdro\u010d\u00ed osvobozen\u00ed \u010ceskoslovenska od nacizmu, je jen uk\u00e1zka nacifikace a fa\u0161izace spole\u010dnosti!<\/p>\n<p>Podle policejn\u00ed mluv\u010d\u00ed Ilony Gazdo\u0161ov\u00e9 bude po pro\u0161et\u0159en\u00ed a zadokumentov\u00e1n\u00ed cel\u00e9 ud\u00e1losti na m\u00edst\u011b stanovena pr\u00e1vn\u00ed kvalifikace. &#8222;V\u00a0\u00favahu p\u0159ipad\u00e1 trestn\u00fd \u010din po\u0161kozen\u00ed ciz\u00ed v\u011bci,&#8220; sd\u011blila mluv\u010d\u00ed.<\/p>\n<p>Jednou z\u00a0mo\u017en\u00fdch verz\u00ed poni\u010den\u00ed je, \u017ee vandalov\u00e9 na m\u00edsto p\u0159ijeli autem a sochu shodili z\u00e1v\u011bsn\u00fdm lanem.<\/p>\n<p><img decoding=\"async\" loading=\"lazy\" class=\"wp-image-78217 aligncenter\" src=\"http:\/\/www.infokuryr.cz\/n\/wp-content\/uploads\/2025\/05\/pamatnik-tp-225x300.jpg\" alt=\"\" width=\"518\" height=\"691\" srcset=\"https:\/\/www.infokuryr.cz\/n\/wp-content\/uploads\/2025\/05\/pamatnik-tp-225x300.jpg 225w, https:\/\/www.infokuryr.cz\/n\/wp-content\/uploads\/2025\/05\/pamatnik-tp-768x1024.jpg 768w, https:\/\/www.infokuryr.cz\/n\/wp-content\/uploads\/2025\/05\/pamatnik-tp-1152x1536.jpg 1152w, https:\/\/www.infokuryr.cz\/n\/wp-content\/uploads\/2025\/05\/pamatnik-tp-1024x1365.jpg 1024w, https:\/\/www.infokuryr.cz\/n\/wp-content\/uploads\/2025\/05\/pamatnik-tp.jpg 1200w\" sizes=\"(max-width: 518px) 100vw, 518px\" \/><\/p>\n<p>&nbsp;<\/p>\n<p><img decoding=\"async\" loading=\"lazy\" class=\"wp-image-78219 aligncenter\" src=\"http:\/\/www.infokuryr.cz\/n\/wp-content\/uploads\/2025\/05\/pamatnik-tp3-225x300.jpg\" alt=\"\" width=\"523\" height=\"697\" srcset=\"https:\/\/www.infokuryr.cz\/n\/wp-content\/uploads\/2025\/05\/pamatnik-tp3-225x300.jpg 225w, https:\/\/www.infokuryr.cz\/n\/wp-content\/uploads\/2025\/05\/pamatnik-tp3-768x1024.jpg 768w, https:\/\/www.infokuryr.cz\/n\/wp-content\/uploads\/2025\/05\/pamatnik-tp3-1152x1536.jpg 1152w, https:\/\/www.infokuryr.cz\/n\/wp-content\/uploads\/2025\/05\/pamatnik-tp3-1024x1365.jpg 1024w, https:\/\/www.infokuryr.cz\/n\/wp-content\/uploads\/2025\/05\/pamatnik-tp3.jpg 1200w\" sizes=\"(max-width: 523px) 100vw, 523px\" \/><\/p>\n<p><img decoding=\"async\" loading=\"lazy\" class=\"alignnone size-full wp-image-71983\" src=\"http:\/\/www.infokuryr.cz\/n\/wp-content\/uploads\/2025\/02\/aaa.jpg\" alt=\"\" width=\"89\" height=\"23\" \/><\/p>\n<p>&nbsp;<\/p>\n<p>&nbsp;<\/p>\n","protected":false},"excerpt":{"rendered":"<p>V noci z \u00faterka na st\u0159edu 7.5. byl v Havl\u00ed\u010dkov\u011b sadech Teplic\u00edch zni\u010den kultovn\u00ed pam\u00e1tn\u00edk&#8230;<\/p>\n","protected":false},"author":2,"featured_media":78220,"comment_status":"closed","ping_status":"closed","sticky":false,"template":"","format":"standard","meta":[],"categories":[6],"tags":[2071,9071,681,2782],"_links":{"self":[{"href":"https:\/\/www.infokuryr.cz\/n\/wp-json\/wp\/v2\/posts\/78215"}],"collection":[{"href":"https:\/\/www.infokuryr.cz\/n\/wp-json\/wp\/v2\/posts"}],"about":[{"href":"https:\/\/www.infokuryr.cz\/n\/wp-json\/wp\/v2\/types\/post"}],"author":[{"embeddable":true,"href":"https:\/\/www.infokuryr.cz\/n\/wp-json\/wp\/v2\/users\/2"}],"replies":[{"embeddable":true,"href":"https:\/\/www.infokuryr.cz\/n\/wp-json\/wp\/v2\/comments?post=78215"}],"version-history":[{"count":1,"href":"https:\/\/www.infokuryr.cz\/n\/wp-json\/wp\/v2\/posts\/78215\/revisions"}],"predecessor-version":[{"id":78223,"href":"https:\/\/www.infokuryr.cz\/n\/wp-json\/wp\/v2\/posts\/78215\/revisions\/78223"}],"wp:featuredmedia":[{"embeddable":true,"href":"https:\/\/www.infokuryr.cz\/n\/wp-json\/wp\/v2\/media\/78220"}],"wp:attachment":[{"href":"https:\/\/www.infokuryr.cz\/n\/wp-json\/wp\/v2\/media?parent=78215"}],"wp:term":[{"taxonomy":"category","embeddable":true,"href":"https:\/\/www.infokuryr.cz\/n\/wp-json\/wp\/v2\/categories?post=78215"},{"taxonomy":"post_tag","embeddable":true,"href":"https:\/\/www.infokuryr.cz\/n\/wp-json\/wp\/v2\/tags?post=78215"}],"curies":[{"name":"wp","href":"https:\/\/api.w.org\/{rel}","templated":true}]}}