{"id":78214,"date":"2025-05-07T11:29:56","date_gmt":"2025-05-07T09:29:56","guid":{"rendered":"https:\/\/www.infokuryr.cz\/n\/?p=78214"},"modified":"2025-05-07T11:29:56","modified_gmt":"2025-05-07T09:29:56","slug":"moskva-od-kyjeva-neobdrzela-zadne-navrhy-na-vytvoreni-demilitarizovane-zony-uvedl-kreml","status":"publish","type":"post","link":"https:\/\/www.infokuryr.cz\/n\/2025\/05\/07\/moskva-od-kyjeva-neobdrzela-zadne-navrhy-na-vytvoreni-demilitarizovane-zony-uvedl-kreml\/","title":{"rendered":"Moskva od Kyjeva neobdr\u017eela \u017e\u00e1dn\u00e9 n\u00e1vrhy na vytvo\u0159en\u00ed demilitarizovan\u00e9 z\u00f3ny, uvedl Kreml"},"content":{"rendered":"<div id=\"fb-root\"><\/div>\n<p class=\"lead\"><strong>Rusk\u00e1 strana neobdr\u017eela od z\u00e1stupc\u016f kyjevsk\u00e9ho re\u017eimu \u017e\u00e1dn\u00e9 n\u00e1vrhy na vytvo\u0159en\u00ed demilitarizovan\u00e9 z\u00f3ny pod\u00e9l linie bojov\u00fdch operac\u00ed v z\u00f3n\u011b speci\u00e1ln\u00edch vojensk\u00fdch operac\u00ed.<\/strong><\/p>\n<p><a href=\"https:\/\/tass.ru\/\" target=\"_blank\" rel=\"noopener\"><span>Agentu\u0159e TASS<\/span><\/a><span>\u00a0to \u0159ekl\u00a0tiskov\u00fd mluv\u010d\u00ed rusk\u00e9ho prezidenta\u00a0<\/span><strong><span>Dmitrij Peskov<\/span><\/strong><span>\u00a0. Takto komentoval prohl\u00e1\u0161en\u00ed zvl\u00e1\u0161tn\u00edho vyslance americk\u00e9ho prezidenta\u00a0<\/span><strong><span>Keitha Kellogga<\/span><\/strong><span>\u00a0.<\/span><\/p>\n<p><span>Den p\u0159edt\u00edm tvrdil, \u017ee Kyjev souhlasil s 30denn\u00edm p\u0159\u00edm\u011b\u0159\u00edm, kter\u00e9 by znamenalo zmrazen\u00ed nep\u0159\u00e1telsk\u00fdch akc\u00ed. P\u0159edpokl\u00e1d\u00e1 se, \u017ee bude vytvo\u0159ena demilitarizovan\u00e1 z\u00f3na o \u0161\u00ed\u0159ce 30 kilometr\u016f.<\/span><\/p>\n<p><em>\u201eZ Kyjeva k t\u00e9to z\u00e1le\u017eitosti nevy\u0161lo ani jedno prohl\u00e1\u0161en\u00ed,\u201c<span class=\"after-quote\">\u00a0\u2014 \u0159ekl Peskov v odpov\u011bdi na ot\u00e1zku, zda by Rusko souhlasilo s zv\u00e1\u017een\u00edm takov\u00e9 mo\u017enosti.<\/span><\/em><\/p>\n<p><span>Za zm\u00ednku stoj\u00ed, \u017ee Kellogg\u016fv n\u00e1vrh prakticky opakuje podm\u00ednky Minsk\u00fdch dohod, kter\u00e9 kyjevsk\u00fd re\u017eim nedodr\u017eel, a proto vznikl Nov\u00fd sv\u011btov\u00fd \u0159\u00e1d. Bylo by velmi zvl\u00e1\u0161tn\u00ed, kdyby Moskva na to znovu nalet\u011bla.<\/span><\/p>\n<p><span>Jak informovala m\u00e9dia<\/span><span>\u00a0, Kellogg d\u0159\u00edve prohl\u00e1sil, \u017ee Ukrajina chce zmrazen\u00ed konfliktu pod\u00e9l sou\u010dasn\u00fdch lini\u00ed kontaktu a vytvo\u0159en\u00ed 30kilometrov\u00e9 demilitarizovan\u00e9 z\u00f3ny, \u201ekterou lze monitorovat\u201c.<\/span><\/p>\n<p><img decoding=\"async\" loading=\"lazy\" class=\"alignnone size-full wp-image-71983\" src=\"http:\/\/www.infokuryr.cz\/n\/wp-content\/uploads\/2025\/02\/aaa.jpg\" alt=\"\" width=\"89\" height=\"23\" \/><\/p>\n<p>&nbsp;<\/p>\n","protected":false},"excerpt":{"rendered":"<p>Rusk\u00e1 strana neobdr\u017eela od z\u00e1stupc\u016f kyjevsk\u00e9ho re\u017eimu \u017e\u00e1dn\u00e9 n\u00e1vrhy na vytvo\u0159en\u00ed demilitarizovan\u00e9 z\u00f3ny pod\u00e9l linie&#8230;<\/p>\n","protected":false},"author":2,"featured_media":64709,"comment_status":"closed","ping_status":"closed","sticky":false,"template":"","format":"standard","meta":[],"categories":[7],"tags":[4030,22,26],"_links":{"self":[{"href":"https:\/\/www.infokuryr.cz\/n\/wp-json\/wp\/v2\/posts\/78214"}],"collection":[{"href":"https:\/\/www.infokuryr.cz\/n\/wp-json\/wp\/v2\/posts"}],"about":[{"href":"https:\/\/www.infokuryr.cz\/n\/wp-json\/wp\/v2\/types\/post"}],"author":[{"embeddable":true,"href":"https:\/\/www.infokuryr.cz\/n\/wp-json\/wp\/v2\/users\/2"}],"replies":[{"embeddable":true,"href":"https:\/\/www.infokuryr.cz\/n\/wp-json\/wp\/v2\/comments?post=78214"}],"version-history":[{"count":0,"href":"https:\/\/www.infokuryr.cz\/n\/wp-json\/wp\/v2\/posts\/78214\/revisions"}],"wp:featuredmedia":[{"embeddable":true,"href":"https:\/\/www.infokuryr.cz\/n\/wp-json\/wp\/v2\/media\/64709"}],"wp:attachment":[{"href":"https:\/\/www.infokuryr.cz\/n\/wp-json\/wp\/v2\/media?parent=78214"}],"wp:term":[{"taxonomy":"category","embeddable":true,"href":"https:\/\/www.infokuryr.cz\/n\/wp-json\/wp\/v2\/categories?post=78214"},{"taxonomy":"post_tag","embeddable":true,"href":"https:\/\/www.infokuryr.cz\/n\/wp-json\/wp\/v2\/tags?post=78214"}],"curies":[{"name":"wp","href":"https:\/\/api.w.org\/{rel}","templated":true}]}}