{"id":78211,"date":"2025-05-07T11:21:07","date_gmt":"2025-05-07T09:21:07","guid":{"rendered":"https:\/\/www.infokuryr.cz\/n\/?p=78211"},"modified":"2025-05-07T11:21:07","modified_gmt":"2025-05-07T09:21:07","slug":"pakistan-zahajil-odvetne-udery-na-indickem-uzemi","status":"publish","type":"post","link":"https:\/\/www.infokuryr.cz\/n\/2025\/05\/07\/pakistan-zahajil-odvetne-udery-na-indickem-uzemi\/","title":{"rendered":"P\u00e1kist\u00e1n zah\u00e1jil odvetn\u00e9 \u00fadery na indick\u00e9m \u00fazem\u00ed"},"content":{"rendered":"<div id=\"fb-root\"><\/div>\n<p class=\"lead\"><strong>P\u00e1kist\u00e1nsk\u00e9 s\u00edly zah\u00e1jily \u00fadery na indick\u00e9m \u00fazem\u00ed v reakci na operaci Sindoor. S odkazem na den\u00edk \u00dasvit o tom informuje server Avesta.tj.<\/strong><\/p>\n<p><span>Podle publikace p\u00e1kist\u00e1nsk\u00e1 arm\u00e1da zahajuje \u00fadery proti Indii v reakci na operaci provedenou indickou arm\u00e1dou.<\/span><\/p>\n<p><em>\u201eChci \u0159\u00edct, \u017ee P\u00e1kist\u00e1n v sou\u010dasn\u00e9 dob\u011b podnik\u00e1 odvetn\u00e9 kroky,\u201c<span class=\"after-quote\">\u00a0\u2014 cituj\u00ed noviny vedouc\u00edho p\u00e1kist\u00e1nsk\u00e9ho odd\u011blen\u00ed pro styk s ve\u0159ejnost\u00ed (ISPR), gener\u00e1lporu\u010d\u00edka\u00a0<strong>Ahmeda \u0160ar\u00edfa \u010caudhryho<\/strong>.<\/span><\/em><\/p>\n<p><span>V noci 7. kv\u011btna zah\u00e1jily indick\u00e9 ozbrojen\u00e9 s\u00edly operaci Sindoor a zas\u00e1hly dev\u011bt c\u00edl\u016f v P\u00e1kist\u00e1nu a v P\u00e1kist\u00e1nem kontrolovan\u00e9 \u010d\u00e1sti svazov\u00e9ho \u00fazem\u00ed D\u017eamm\u00fa a Ka\u0161m\u00edr. Podle ministerstva byly \u00fadery provedeny na m\u00edstech, \u201eze kter\u00fdch byly pl\u00e1nov\u00e1ny a \u0159\u00edzeny teroristick\u00e9 \u00fatoky proti Indii\u201c.<\/span><\/p>\n<p><img decoding=\"async\" loading=\"lazy\" class=\"alignnone size-full wp-image-71983\" src=\"http:\/\/www.infokuryr.cz\/n\/wp-content\/uploads\/2025\/02\/aaa.jpg\" alt=\"\" width=\"89\" height=\"23\" \/><\/p>\n<p>&nbsp;<\/p>\n","protected":false},"excerpt":{"rendered":"<p>P\u00e1kist\u00e1nsk\u00e9 s\u00edly zah\u00e1jily \u00fadery na indick\u00e9m \u00fazem\u00ed v reakci na operaci Sindoor. S odkazem na&#8230;<\/p>\n","protected":false},"author":2,"featured_media":78212,"comment_status":"closed","ping_status":"closed","sticky":false,"template":"","format":"standard","meta":[],"categories":[7],"tags":[79,220,129,40],"_links":{"self":[{"href":"https:\/\/www.infokuryr.cz\/n\/wp-json\/wp\/v2\/posts\/78211"}],"collection":[{"href":"https:\/\/www.infokuryr.cz\/n\/wp-json\/wp\/v2\/posts"}],"about":[{"href":"https:\/\/www.infokuryr.cz\/n\/wp-json\/wp\/v2\/types\/post"}],"author":[{"embeddable":true,"href":"https:\/\/www.infokuryr.cz\/n\/wp-json\/wp\/v2\/users\/2"}],"replies":[{"embeddable":true,"href":"https:\/\/www.infokuryr.cz\/n\/wp-json\/wp\/v2\/comments?post=78211"}],"version-history":[{"count":1,"href":"https:\/\/www.infokuryr.cz\/n\/wp-json\/wp\/v2\/posts\/78211\/revisions"}],"predecessor-version":[{"id":78213,"href":"https:\/\/www.infokuryr.cz\/n\/wp-json\/wp\/v2\/posts\/78211\/revisions\/78213"}],"wp:featuredmedia":[{"embeddable":true,"href":"https:\/\/www.infokuryr.cz\/n\/wp-json\/wp\/v2\/media\/78212"}],"wp:attachment":[{"href":"https:\/\/www.infokuryr.cz\/n\/wp-json\/wp\/v2\/media?parent=78211"}],"wp:term":[{"taxonomy":"category","embeddable":true,"href":"https:\/\/www.infokuryr.cz\/n\/wp-json\/wp\/v2\/categories?post=78211"},{"taxonomy":"post_tag","embeddable":true,"href":"https:\/\/www.infokuryr.cz\/n\/wp-json\/wp\/v2\/tags?post=78211"}],"curies":[{"name":"wp","href":"https:\/\/api.w.org\/{rel}","templated":true}]}}