{"id":78193,"date":"2025-05-07T06:22:32","date_gmt":"2025-05-07T04:22:32","guid":{"rendered":"https:\/\/www.infokuryr.cz\/n\/?p=78193"},"modified":"2025-05-07T06:22:32","modified_gmt":"2025-05-07T04:22:32","slug":"usa-ztratily-u-jemenu-dalsi-letoun-tvrdi-media","status":"publish","type":"post","link":"https:\/\/www.infokuryr.cz\/n\/2025\/05\/07\/usa-ztratily-u-jemenu-dalsi-letoun-tvrdi-media\/","title":{"rendered":"USA ztratily u Jemenu dal\u0161\u00ed letoun, tvrd\u00ed m\u00e9dia"},"content":{"rendered":"<div id=\"fb-root\"><\/div>\n<h3>\u00dadajn\u011b se v Rud\u00e9m mo\u0159i z\u0159\u00edtil p\u0159es palubu letadlov\u00e9 lodi USS Harry S. Truman letoun F\/A-18 \u2013 u\u017e druh\u00fd b\u011bhem t\u00fddne<\/h3>\n<p data-start=\"150\" data-end=\"332\"><span>Americk\u00e9 n\u00e1mo\u0159nictvo ztratilo v Rud\u00e9m mo\u0159i dal\u0161\u00ed st\u00edha\u010dku. Jde o druh\u00fd incident s letounem F\/A-18 Super Hornet z lodi USS Harry S. Truman za necel\u00fd t\u00fdden a t\u0159et\u00ed takovou ztr\u00e1tu od doby, kdy Washington zintenzivnil operace proti H\u00fat\u00edjsk\u00fdm rebel\u016fm v Jemenu.<\/span><\/p>\n<p data-start=\"150\" data-end=\"332\"><span>Letadlo se \u00fadajn\u011b z\u0159\u00edtilo do mo\u0159e pot\u00e9, co p\u0159i pokusu o p\u0159ist\u00e1n\u00ed na letadlov\u00e9 lodi do\u0161lo k selh\u00e1n\u00ed aretace, co\u017e donutilo pilota i d\u016fstojn\u00edka zbra\u0148ov\u00fdch syst\u00e9m\u016f katapultovat se. O incidentu v \u00fater\u00fd poprv\u00e9 informovala CNN s odvol\u00e1n\u00edm na n\u011bkolik zdroj\u016f obezn\u00e1men\u00fdch s touto z\u00e1le\u017eitost\u00ed.<\/span><\/p>\n<p data-start=\"882\" data-end=\"1224\"><em><span>\u201eZastaven\u00ed se nezda\u0159ilo, co\u017e zp\u016fsobilo, \u017ee letadlo p\u0159e\u0161lo p\u0159es palubu. Oba piloti se bezpe\u010dn\u011b katapultovali a byli zachr\u00e1n\u011bni vrtuln\u00edkem p\u0159id\u011blen\u00fdm k Helicopter Sea Combat Squadron 11,\u201c<\/span><\/em><span>\u00a0\u0159ekl USNI News nejmenovan\u00fd p\u0159edstavitel obrany.\u00a0<\/span><em><span>\u201ePiloty vy\u0161et\u0159il l\u00e9ka\u0159sk\u00fd person\u00e1l a odhadl, \u017ee utrp\u011bli lehk\u00e1 zran\u011bn\u00ed. \u017d\u00e1dn\u00fd z pracovn\u00edk\u016f pilotn\u00edho person\u00e1lu nebyl zran\u011bn.\u201c<\/span><\/em><\/p>\n<p data-start=\"1226\" data-end=\"1493\"><span>K incidentu \u00fadajn\u011b do\u0161lo ve stejn\u00fd den, kdy \u00cdr\u00e1nem podporovan\u00e1 povstaleck\u00e1 skupina H\u00fat\u00ed\u016f\u00a0<\/span><em><span>\u201evyst\u0159elila\u201c<\/span><\/em><span>\u00a0na Trumanovu lo\u010f, a\u010dkoli nen\u00ed jasn\u00e9, zda tyto dv\u011b ud\u00e1losti spolu souvisej\u00ed. Prob\u00edh\u00e1 form\u00e1ln\u00ed vy\u0161et\u0159ov\u00e1n\u00ed a n\u00e1mo\u0159nictvo dosud ofici\u00e1ln\u011b nepotvrdilo podrobnosti.<\/span><\/p>\n<p data-start=\"1495\" data-end=\"1829\"><span>Jen minul\u00fd t\u00fdden spadla z lodi Truman dal\u0161\u00ed st\u00edha\u010dka F\/A-18 p\u0159es palubu b\u011bhem \u00fahybn\u00fdch man\u00e9vr\u016f, aby se vyhnula palb\u011b H\u00fat\u00ed\u016f, kter\u00e9 se bl\u00ed\u017eily. P\u0159i jin\u00e9m incidentu v prosinci lo\u0148sk\u00e9ho roku byla st\u00edha\u010dka F\/A-18 omylem sest\u0159elena raketov\u00fdm k\u0159i\u017en\u00edkem USS Gettysburg kr\u00e1tce po startu z lodi Truman za \u00fa\u010delem bombardov\u00e1n\u00ed c\u00edl\u016f H\u00fat\u00ed\u016f v Jemenu.<\/span><\/p>\n<p data-start=\"1831\" data-end=\"2087\"><span>Podle odhad\u016f Pentagonu stoj\u00ed ka\u017ed\u00fd letoun F\/A-18 Super Hornet 60 a\u017e 70 milion\u016f dolar\u016f. H\u00fat\u00edov\u00e9 tak\u00e9 tvrd\u00ed, \u017ee v uplynul\u00e9m roce sest\u0159elili v\u00edce ne\u017e tucet americk\u00fdch dron\u016f MQ-9 Reaper, p\u0159i\u010dem\u017e ka\u017ed\u00fd z nich m\u011bl hodnotu p\u0159ibli\u017en\u011b 30 milion\u016f dolar\u016f.<\/span><\/p>\n<p data-start=\"2089\" data-end=\"2401\"><span>USA se opakovan\u011b st\u0159et\u00e1vaj\u00ed s H\u00fat\u00edyi od konce roku 2023, kdy tato skupina za\u010dala \u00fato\u010dit na lodn\u00ed dopravu v Rud\u00e9m mo\u0159i a tvrdila, \u017ee jedn\u00e1 v solidarit\u011b s palestinsk\u00fdm lidem uprost\u0159ed izraelsk\u00e9 vojensk\u00e9 kampan\u011b v Gaze. \u00dadern\u00e1 skupina Truman zah\u00e1jila v r\u00e1mci \u0161ir\u0161\u00ed americko-britsk\u00e9 operace \u0159adu leteck\u00fdch \u00fader\u016f na Jemen.<\/span><\/p>\n<p data-start=\"2403\" data-end=\"2778\"><span>V \u00fater\u00fd v\u0161ak prezident Donald Trump ozn\u00e1mil, \u017ee Washington\u00a0<\/span><em><span>\u201eokam\u017eit\u011b zastav\u00ed\u201c<\/span><\/em><span>\u00a0bombardovac\u00ed kampa\u0148 s tvrzen\u00edm, \u017ee H\u00fat\u00edov\u00e9\u00a0<\/span><em><span>\u201ekapitulovali\u201c<\/span><\/em><span>\u00a0a ji\u017e neusiluj\u00ed o konfrontaci. Kr\u00e1tce po ozn\u00e1men\u00ed Om\u00e1n potvrdil, \u017ee zprost\u0159edkoval dohodu o p\u0159\u00edm\u011b\u0159\u00ed mezi USA a H\u00fat\u00edov\u00e9, p\u0159i\u010dem\u017e ob\u011b strany se zav\u00e1zaly, \u017ee se na sebe v Rud\u00e9m mo\u0159i nebudou \u00fato\u010dit.<\/span><\/p>\n<p data-start=\"2403\" data-end=\"2778\"><img decoding=\"async\" loading=\"lazy\" class=\"alignnone size-full wp-image-71983\" src=\"http:\/\/www.infokuryr.cz\/n\/wp-content\/uploads\/2025\/02\/aaa.jpg\" alt=\"\" width=\"89\" height=\"23\" \/><\/p>\n<p data-start=\"2403\" data-end=\"2778\">\n","protected":false},"excerpt":{"rendered":"<p>\u00dadajn\u011b se v Rud\u00e9m mo\u0159i z\u0159\u00edtil p\u0159es palubu letadlov\u00e9 lodi USS Harry S. Truman letoun&#8230;<\/p>\n","protected":false},"author":2,"featured_media":78194,"comment_status":"closed","ping_status":"closed","sticky":false,"template":"","format":"standard","meta":[],"categories":[7],"tags":[447,6329,37,3034],"_links":{"self":[{"href":"https:\/\/www.infokuryr.cz\/n\/wp-json\/wp\/v2\/posts\/78193"}],"collection":[{"href":"https:\/\/www.infokuryr.cz\/n\/wp-json\/wp\/v2\/posts"}],"about":[{"href":"https:\/\/www.infokuryr.cz\/n\/wp-json\/wp\/v2\/types\/post"}],"author":[{"embeddable":true,"href":"https:\/\/www.infokuryr.cz\/n\/wp-json\/wp\/v2\/users\/2"}],"replies":[{"embeddable":true,"href":"https:\/\/www.infokuryr.cz\/n\/wp-json\/wp\/v2\/comments?post=78193"}],"version-history":[{"count":0,"href":"https:\/\/www.infokuryr.cz\/n\/wp-json\/wp\/v2\/posts\/78193\/revisions"}],"wp:featuredmedia":[{"embeddable":true,"href":"https:\/\/www.infokuryr.cz\/n\/wp-json\/wp\/v2\/media\/78194"}],"wp:attachment":[{"href":"https:\/\/www.infokuryr.cz\/n\/wp-json\/wp\/v2\/media?parent=78193"}],"wp:term":[{"taxonomy":"category","embeddable":true,"href":"https:\/\/www.infokuryr.cz\/n\/wp-json\/wp\/v2\/categories?post=78193"},{"taxonomy":"post_tag","embeddable":true,"href":"https:\/\/www.infokuryr.cz\/n\/wp-json\/wp\/v2\/tags?post=78193"}],"curies":[{"name":"wp","href":"https:\/\/api.w.org\/{rel}","templated":true}]}}