{"id":78191,"date":"2025-05-07T06:19:46","date_gmt":"2025-05-07T04:19:46","guid":{"rendered":"https:\/\/www.infokuryr.cz\/n\/?p=78191"},"modified":"2025-05-07T06:19:46","modified_gmt":"2025-05-07T04:19:46","slug":"izraelske-letecke-udery-idf-zcela-vyradily-z-provozu-hlavni-jemenske-letiste","status":"publish","type":"post","link":"https:\/\/www.infokuryr.cz\/n\/2025\/05\/07\/izraelske-letecke-udery-idf-zcela-vyradily-z-provozu-hlavni-jemenske-letiste\/","title":{"rendered":"Izraelsk\u00e9 leteck\u00e9 \u00fadery IDF \u201ezcela vy\u0159adily z provozu\u201c hlavn\u00ed jemensk\u00e9 leti\u0161t\u011b"},"content":{"rendered":"<div id=\"fb-root\"><\/div>\n<h3>Bombov\u00fd \u00fatok n\u00e1sledoval po raketov\u00e9m \u00fatoku H\u00fat\u00ed\u016f pobl\u00ed\u017e Tel Avivu<\/h3>\n<p><span>Izraelsk\u00e9 obrann\u00e9 s\u00edly (IDF) v \u00fater\u00fd ozn\u00e1mily, \u017ee izraelsk\u00e9 n\u00e1lety\u00a0<\/span><em><span>\u201ezcela vy\u0159adily z provozu\u201c<\/span><\/em><span>\u00a0mezin\u00e1rodn\u00ed leti\u0161t\u011b v jemensk\u00e9m hlavn\u00edm m\u011bst\u011b San\u00e1, kter\u00e9 ovl\u00e1daj\u00ed H\u00fat\u00edov\u00e9, a zas\u00e1hly dal\u0161\u00ed c\u00edle.<\/span><\/p>\n<p><span>Izraelsk\u00e9 obrann\u00e9 s\u00edly (IDF) zah\u00e1jily s\u00e9rii \u00fader\u016f na c\u00edle kontrolovan\u00e9 H\u00fat\u00edy v Jemenu pot\u00e9, co povstaleck\u00e1 skupina v ned\u011bli odp\u00e1lila balistick\u00e9 rakety na mezin\u00e1rodn\u00ed leti\u0161t\u011b Ben Guriona pobl\u00ed\u017e Tel Avivu.<\/span><\/p>\n<p><em><span>\u201eSt\u00edha\u010dky zas\u00e1hly a zni\u010dily infrastrukturu H\u00fat\u00ed\u016f na hlavn\u00edm leti\u0161ti v San\u00e1, \u010d\u00edm\u017e leti\u0161t\u011b zcela vy\u0159adily z provozu,\u201c<\/span><\/em><span>\u00a0uvedly izraelsk\u00e9 obrann\u00e9 s\u00edly. Dodaly, \u017ee ter\u010dem \u00fatok\u016f bylo tak\u00e9 n\u011bkolik elektr\u00e1ren a beton\u00e1rna.<\/span><\/p>\n<p><span>Z\u00e1b\u011bry koluj\u00edc\u00ed na internetu ukazuj\u00ed hust\u00fd \u010dern\u00fd kou\u0159 stoupaj\u00edc\u00ed nad San\u00e1.<\/span><\/p>\n<p><span>\u00datern\u00ed \u00fatoky podle H\u00fat\u00ed\u016f veden\u00e9 televizn\u00ed stanice Al Masirah zabily nejm\u00e9n\u011b t\u0159i lidi a v\u00edce ne\u017e 30 jich bylo zran\u011bno. Stalo se tak necel\u00fdch 24 hodin pot\u00e9, co Izrael bombardoval p\u0159\u00edstav Hodaidah, p\u0159i kter\u00e9m zahynul jeden \u010dlov\u011bk a des\u00edtky dal\u0161\u00edch byly zran\u011bny.<\/span><\/p>\n<p><span>Vys\u00edlatel varoval, \u017ee nejnov\u011bj\u0161\u00ed \u00fatoky by mohly zhor\u0161it humanit\u00e1rn\u00ed krizi v Jemenu naru\u0161en\u00edm dod\u00e1vek elekt\u0159iny.<\/span><\/p>\n<div class=\"rtcode\">\n<div class=\"twitter-tweet twitter-tweet-rendered\"><iframe id=\"twitter-widget-0\" class=\"\" title=\"X P\u0159\u00edsp\u011bvek\" src=\"https:\/\/platform.twitter.com\/embed\/Tweet.html?creatorScreenName=RT_com&amp;dnt=false&amp;embedId=twitter-widget-0&amp;features=eyJ0ZndfdGltZWxpbmVfbGlzdCI6eyJidWNrZXQiOltdLCJ2ZXJzaW9uIjpudWxsfSwidGZ3X2ZvbGxvd2VyX2NvdW50X3N1bnNldCI6eyJidWNrZXQiOnRydWUsInZlcnNpb24iOm51bGx9LCJ0ZndfdHdlZXRfZWRpdF9iYWNrZW5kIjp7ImJ1Y2tldCI6Im9uIiwidmVyc2lvbiI6bnVsbH0sInRmd19yZWZzcmNfc2Vzc2lvbiI6eyJidWNrZXQiOiJvbiIsInZlcnNpb24iOm51bGx9LCJ0ZndfZm9zbnJfc29mdF9pbnRlcnZlbnRpb25zX2VuYWJsZWQiOnsiYnVja2V0Ijoib24iLCJ2ZXJzaW9uIjpudWxsfSwidGZ3X21peGVkX21lZGlhXzE1ODk3Ijp7ImJ1Y2tldCI6InRyZWF0bWVudCIsInZlcnNpb24iOm51bGx9LCJ0ZndfZXhwZXJpbWVudHNfY29va2llX2V4cGlyYXRpb24iOnsiYnVja2V0IjoxMjA5NjAwLCJ2ZXJzaW9uIjpudWxsfSwidGZ3X3Nob3dfYmlyZHdhdGNoX3Bpdm90c19lbmFibGVkIjp7ImJ1Y2tldCI6Im9uIiwidmVyc2lvbiI6bnVsbH0sInRmd19kdXBsaWNhdGVfc2NyaWJlc190b19zZXR0aW5ncyI6eyJidWNrZXQiOiJvbiIsInZlcnNpb24iOm51bGx9LCJ0ZndfdXNlX3Byb2ZpbGVfaW1hZ2Vfc2hhcGVfZW5hYmxlZCI6eyJidWNrZXQiOiJvbiIsInZlcnNpb24iOm51bGx9LCJ0ZndfdmlkZW9faGxzX2R5bmFtaWNfbWFuaWZlc3RzXzE1MDgyIjp7ImJ1Y2tldCI6InRydWVfYml0cmF0ZSIsInZlcnNpb24iOm51bGx9LCJ0ZndfbGVnYWN5X3RpbWVsaW5lX3N1bnNldCI6eyJidWNrZXQiOnRydWUsInZlcnNpb24iOm51bGx9LCJ0ZndfdHdlZXRfZWRpdF9mcm9udGVuZCI6eyJidWNrZXQiOiJvbiIsInZlcnNpb24iOm51bGx9fQ%3D%3D&amp;frame=false&amp;hideCard=false&amp;hideThread=false&amp;id=1919819351617683769&amp;lang=cs&amp;origin=https%3A%2F%2Fwww.rt.com%2Fnews%2F616872-israel-yemen-airport-airstrike%2F&amp;sessionId=4cff932244f61c2b6fa4343b7e471ce0005538c7&amp;siteScreenName=RT_com&amp;theme=light&amp;widgetsVersion=2615f7e52b7e0%3A1702314776716&amp;width=550px\" frameborder=\"0\" scrolling=\"no\" allowfullscreen=\"allowfullscreen\" data-tweet-id=\"1919819351617683769\" data-mce-fragment=\"1\"><\/iframe><\/div>\n<\/div>\n<p><span>Tyto leteck\u00e9 \u00fadery znamenaj\u00ed prudkou eskalaci nep\u0159\u00e1telsk\u00fdch akc\u00ed mezi Izraelsk\u00fdmi obrann\u00fdmi silami (IDF) a \u00cdr\u00e1nem podporovan\u00fdmi H\u00fat\u00edi. V ned\u011bli se raketa H\u00fat\u00ed\u016f vyhnula izraelsk\u00e9 protivzdu\u0161n\u00e9 obran\u011b a dopadla pobl\u00ed\u017e leti\u0161t\u011b Ben Gurion, p\u0159i\u010dem\u017e zranila \u0161est lid\u00ed a kr\u00e1tce naru\u0161ila leteck\u00fd provoz. Zd\u00e1 se, \u017ee se jednalo o prvn\u00ed p\u0159\u00edpad, kdy se projektil H\u00fat\u00ed\u016f dostal do oblasti. \u00datok vyvolal ost\u0159e odsouzen\u00ed izraelsk\u00fdch p\u0159edstavitel\u016f.<\/span><\/p>\n<p><span>H\u00fat\u00edov\u00e9 se k odpov\u011bdnosti p\u0159ihl\u00e1sili a \u00fatok ozna\u010dili za reakci na izraelskou vojenskou kampa\u0148 v Gaze. Varovali p\u0159ed\u00a0<\/span><em><span>\u201erozs\u00e1hlou leteckou blok\u00e1dou\u201c<\/span><\/em><span>\u00a0a sl\u00edbili, \u017ee budou\u00a0<\/span><em><span>\u201eopakovan\u011b \u00fato\u010dit na leti\u0161t\u011b\u201c,<\/span><\/em><span>\u00a0konkr\u00e9tn\u011b na leti\u0161t\u011b Ben Guriona.<\/span><\/p>\n<p><span>Skupina, kter\u00e1 kontroluje velkou \u010d\u00e1st z\u00e1padn\u00edho Jemenu, v\u010detn\u011b San\u00e1 a Hodajdy, v uplynul\u00e9m roce odp\u00e1lila \u0159adu dron\u016f a raket na izraelsk\u00e9 \u00fazem\u00ed a lodn\u00ed dopravu v Rud\u00e9m mo\u0159i. Tvrd\u00ed, \u017ee \u00fatoky jsou na podporu Palestinc\u016f.<\/span><\/p>\n<p><span>Po \u00fatern\u00edch \u00faderech H\u00fat\u00edov\u00e9 prohl\u00e1sili, \u017ee izraelsk\u00e9 akce\u00a0<\/span><em><span>\u201enez\u016fstanou bez odezvy\u201c.<\/span><\/em><\/p>\n<p><img decoding=\"async\" loading=\"lazy\" class=\"alignnone size-full wp-image-71983\" src=\"http:\/\/www.infokuryr.cz\/n\/wp-content\/uploads\/2025\/02\/aaa.jpg\" alt=\"\" width=\"89\" height=\"23\" \/><\/p>\n<p>&nbsp;<\/p>\n","protected":false},"excerpt":{"rendered":"<p>Bombov\u00fd \u00fatok n\u00e1sledoval po raketov\u00e9m \u00fatoku H\u00fat\u00ed\u016f pobl\u00ed\u017e Tel Avivu Izraelsk\u00e9 obrann\u00e9 s\u00edly (IDF) v&#8230;<\/p>\n","protected":false},"author":2,"featured_media":78192,"comment_status":"closed","ping_status":"closed","sticky":false,"template":"","format":"standard","meta":[],"categories":[7],"tags":[107,1400,806,3203],"_links":{"self":[{"href":"https:\/\/www.infokuryr.cz\/n\/wp-json\/wp\/v2\/posts\/78191"}],"collection":[{"href":"https:\/\/www.infokuryr.cz\/n\/wp-json\/wp\/v2\/posts"}],"about":[{"href":"https:\/\/www.infokuryr.cz\/n\/wp-json\/wp\/v2\/types\/post"}],"author":[{"embeddable":true,"href":"https:\/\/www.infokuryr.cz\/n\/wp-json\/wp\/v2\/users\/2"}],"replies":[{"embeddable":true,"href":"https:\/\/www.infokuryr.cz\/n\/wp-json\/wp\/v2\/comments?post=78191"}],"version-history":[{"count":0,"href":"https:\/\/www.infokuryr.cz\/n\/wp-json\/wp\/v2\/posts\/78191\/revisions"}],"wp:featuredmedia":[{"embeddable":true,"href":"https:\/\/www.infokuryr.cz\/n\/wp-json\/wp\/v2\/media\/78192"}],"wp:attachment":[{"href":"https:\/\/www.infokuryr.cz\/n\/wp-json\/wp\/v2\/media?parent=78191"}],"wp:term":[{"taxonomy":"category","embeddable":true,"href":"https:\/\/www.infokuryr.cz\/n\/wp-json\/wp\/v2\/categories?post=78191"},{"taxonomy":"post_tag","embeddable":true,"href":"https:\/\/www.infokuryr.cz\/n\/wp-json\/wp\/v2\/tags?post=78191"}],"curies":[{"name":"wp","href":"https:\/\/api.w.org\/{rel}","templated":true}]}}