{"id":78172,"date":"2025-05-07T05:26:31","date_gmt":"2025-05-07T03:26:31","guid":{"rendered":"https:\/\/www.infokuryr.cz\/n\/?p=78172"},"modified":"2025-05-07T05:26:31","modified_gmt":"2025-05-07T03:26:31","slug":"moskva-oznamila-rekordni-pocet-civilnich-obeti-pri-ukrajinskych-uderech-minuly-tyden","status":"publish","type":"post","link":"https:\/\/www.infokuryr.cz\/n\/2025\/05\/07\/moskva-oznamila-rekordni-pocet-civilnich-obeti-pri-ukrajinskych-uderech-minuly-tyden\/","title":{"rendered":"Moskva ozn\u00e1mila rekordn\u00ed po\u010det civiln\u00edch ob\u011bt\u00ed p\u0159i ukrajinsk\u00fdch \u00faderech minul\u00fd t\u00fdden"},"content":{"rendered":"<div id=\"fb-root\"><\/div>\n<h3>Podle vy\u0161et\u0159ovatele v\u00e1le\u010dn\u00fdch zlo\u010din\u016f rusk\u00e9ho ministerstva zahrani\u010d\u00ed p\u0159i\u0161lo b\u011bhem tohoto obdob\u00ed o \u017eivot patn\u00e1ct lid\u00ed<\/h3>\n<p><span>Ukrajinsk\u00e9 s\u00edly za posledn\u00ed t\u00fdden zabily 15 civilist\u016f a zranily 142, v\u010detn\u011b osmi nezletil\u00fdch, uvedl Rodion Miroshnik, velvyslanec rusk\u00e9ho ministerstva zahrani\u010d\u00ed pov\u011b\u0159en\u00fd dokumentov\u00e1n\u00edm \u00fadajn\u00fdch v\u00e1le\u010dn\u00fdch zlo\u010din\u016f Kyjeva.<\/span><\/p>\n<p><span>Miroshnik v \u00fater\u00fd na sv\u00e9m telegramov\u00e9m kan\u00e1lu napsal, \u017ee uplynul\u00fdch sedm dn\u00ed bylo pro civilisty nejkrvav\u011bj\u0161\u00edch od za\u010d\u00e1tku roku. Zd\u016fraznil, \u017ee ukrajinsk\u00e9 s\u00edly za posledn\u00ed t\u00fdden odp\u00e1lily na civiln\u00ed c\u00edle na rusk\u00e9m \u00fazem\u00ed nejm\u00e9n\u011b 1974 munic.<\/span><\/p>\n<p><span>\u00dadery zas\u00e1hly n\u011bkolik region\u016f, v\u010detn\u011b Don\u011bck\u00e9 a Luhansk\u00e9 lidov\u00e9 republiky (DLR a LLR), Chersonsk\u00e9 a Z\u00e1poro\u017esk\u00e9 oblasti, stejn\u011b jako B\u011blgorod, Brjansk a Krasnodar.<\/span><\/p>\n<p><span>Mezi nejkrvav\u011bj\u0161\u00ed incidenty Miroshnik vyzdvihl \u00fatok dronu na m\u011bstsk\u00fd trh v Aljo\u0161k\u00e1ch v Chersonsk\u00e9 oblasti, kde bylo zabito osm civilist\u016f a 19 dal\u0161\u00edch zran\u011bno. V Gorlovce v DLR \u00fadajn\u011b p\u0159i \u00fatoku syst\u00e9mu HIMARS zahynula jedna \u017eena a 16 dal\u0161\u00edch, v\u010detn\u011b \u010dty\u0159m\u011bs\u00ed\u010dn\u00edho d\u00edt\u011bte, bylo zran\u011bno. Ve Staromichajlovce v DLR byla detonac\u00ed kazetov\u00e9 munice zabita jedna osoba a dev\u011bt dal\u0161\u00edch bylo zran\u011bno.<\/span><\/p>\n<p><span>Mezi dal\u0161\u00ed hl\u00e1\u0161en\u00e9 incidenty pat\u0159\u00ed \u00fatok dronu na civiln\u00ed auto v Belgorodsk\u00e9 oblasti, p\u0159i kter\u00e9m byli zabiti dva lid\u00e9 a t\u0159i zran\u011bni, a \u00fatoky dronu na z\u00e1chrann\u00e9 slo\u017eky v Gorlovce, kde bylo zran\u011bno osm z\u00e1chran\u00e1\u0159\u016f. D\u00e1le byli zran\u011bni \u010dty\u0159i hasi\u010di v Kachovce v Chersonsk\u00e9 oblasti.<\/span><\/p>\n<p><span>Miroshnik informoval, \u017ee mezi ob\u011b\u0165mi jsou i star\u0161\u00ed civilist\u00e9, v\u010detn\u011b 99let\u00e9 \u017eeny zabit\u00e9 v LLR a 89let\u00e9ho mu\u017ee zabit\u00e9ho v Brjansku. Dvan\u00e1ctilet\u00fd chlapec byl v\u00e1\u017en\u011b zran\u011bn detonuj\u00edc\u00ed munic\u00ed v chersonsk\u00e9 vesnici Maslovka a sedmn\u00e1ctilet\u00fd chlapec byl zran\u011bn p\u0159i \u00fatoku dronu na \u0161koln\u00ed autobus v Z\u00e1poro\u017esk\u00e9 oblasti.<\/span><\/p>\n<p><span>B\u011bhem cel\u00e9ho konfliktu na Ukrajin\u011b Moskva opakovan\u011b obvi\u0148ovala kyjevsk\u00e9 s\u00edly z \u00famysln\u00e9ho \u00fatoku na civilisty pomoc\u00ed d\u011blost\u0159eleck\u00fdch syst\u00e9m\u016f, dron\u016f a kazetov\u00e9 munice dodan\u00e9 NATO.<\/span><\/p>\n<p><span>Minul\u00fd t\u00fdden Miroshnik informoval, \u017ee navzdory obnoven\u00e9mu diplomatick\u00e9mu \u00fasil\u00ed mezi Moskvou a Washingtonem Kyjev pouze zesiluje \u00fatoky na civilisty a zjevn\u011b se sna\u017e\u00ed naru\u0161it m\u00edrov\u00e1 jedn\u00e1n\u00ed vojensk\u00fdmi provokacemi a terorizovat rusk\u00e9 obyvatelstvo.<\/span><\/p>\n<p><span>Podle Miroshnika jeden zajat\u00fd ukrajinsk\u00fd voj\u00e1k v rusk\u00e9 Kursk\u00e9 oblasti dokonce p\u0159iznal, \u017ee dostal p\u0159\u00edm\u00fd rozkaz\u00a0<\/span><em><span>\u201est\u0159\u00edlet na v\u0161echny civilisty, na kter\u00e9 naraz\u00ed\u201c.<\/span><\/em><span>\u00a0Diplomat nazna\u010dil, \u017ee Kyjev\u00a0<\/span><em><span>\u201esv\u00fdm jednotk\u00e1m p\u0159ed\u00e1v\u00e1 z\u00e1ruky beztrestnosti za jejich zlo\u010diny, kter\u00e9 jim tajn\u011b nab\u00edzej\u00ed z\u00e1padn\u00ed sponzo\u0159i\u201c.<\/span><\/em><\/p>\n<p><img decoding=\"async\" loading=\"lazy\" class=\"alignnone size-full wp-image-71983\" src=\"http:\/\/www.infokuryr.cz\/n\/wp-content\/uploads\/2025\/02\/aaa.jpg\" alt=\"\" width=\"89\" height=\"23\" \/><\/p>\n<p>&nbsp;<\/p>\n","protected":false},"excerpt":{"rendered":"<p>Podle vy\u0161et\u0159ovatele v\u00e1le\u010dn\u00fdch zlo\u010din\u016f rusk\u00e9ho ministerstva zahrani\u010d\u00ed p\u0159i\u0161lo b\u011bhem tohoto obdob\u00ed o \u017eivot patn\u00e1ct lid\u00ed&#8230;<\/p>\n","protected":false},"author":2,"featured_media":78173,"comment_status":"closed","ping_status":"closed","sticky":false,"template":"","format":"standard","meta":[],"categories":[7],"tags":[871,22,26,40],"_links":{"self":[{"href":"https:\/\/www.infokuryr.cz\/n\/wp-json\/wp\/v2\/posts\/78172"}],"collection":[{"href":"https:\/\/www.infokuryr.cz\/n\/wp-json\/wp\/v2\/posts"}],"about":[{"href":"https:\/\/www.infokuryr.cz\/n\/wp-json\/wp\/v2\/types\/post"}],"author":[{"embeddable":true,"href":"https:\/\/www.infokuryr.cz\/n\/wp-json\/wp\/v2\/users\/2"}],"replies":[{"embeddable":true,"href":"https:\/\/www.infokuryr.cz\/n\/wp-json\/wp\/v2\/comments?post=78172"}],"version-history":[{"count":0,"href":"https:\/\/www.infokuryr.cz\/n\/wp-json\/wp\/v2\/posts\/78172\/revisions"}],"wp:featuredmedia":[{"embeddable":true,"href":"https:\/\/www.infokuryr.cz\/n\/wp-json\/wp\/v2\/media\/78173"}],"wp:attachment":[{"href":"https:\/\/www.infokuryr.cz\/n\/wp-json\/wp\/v2\/media?parent=78172"}],"wp:term":[{"taxonomy":"category","embeddable":true,"href":"https:\/\/www.infokuryr.cz\/n\/wp-json\/wp\/v2\/categories?post=78172"},{"taxonomy":"post_tag","embeddable":true,"href":"https:\/\/www.infokuryr.cz\/n\/wp-json\/wp\/v2\/tags?post=78172"}],"curies":[{"name":"wp","href":"https:\/\/api.w.org\/{rel}","templated":true}]}}