{"id":78170,"date":"2025-05-07T05:21:52","date_gmt":"2025-05-07T03:21:52","guid":{"rendered":"https:\/\/www.infokuryr.cz\/n\/?p=78170"},"modified":"2025-05-07T05:21:52","modified_gmt":"2025-05-07T03:21:52","slug":"bylinna-smes-dr-beljanskeho-dokazala-snizit-metastazovani-rakoviny-prsu-na-nulu","status":"publish","type":"post","link":"https:\/\/www.infokuryr.cz\/n\/2025\/05\/07\/bylinna-smes-dr-beljanskeho-dokazala-snizit-metastazovani-rakoviny-prsu-na-nulu\/","title":{"rendered":"Bylinn\u00e1 sm\u011bs Dr. Beljansk\u00e9ho dok\u00e1zala sn\u00ed\u017eit metast\u00e1zov\u00e1n\u00ed rakoviny prsu na nulu"},"content":{"rendered":"<div id=\"fb-root\"><\/div>\n<p><span>Nov\u00e1 studie financovan\u00e1 Nadac\u00ed Beljanski prok\u00e1zala, \u017ee patentovan\u00e1 sm\u011bs rostlinn\u00fdch extrakt\u016f dok\u00e1\u017ee zcela zabr\u00e1nit metast\u00e1zov\u00e1n\u00ed agresivn\u00edch kmenov\u00fdch bun\u011bk rakoviny prsu \u2013 a to ji\u017e po dvou t\u00fddnech peror\u00e1ln\u00edho pod\u00e1v\u00e1n\u00ed.<\/span><\/p>\n<p><span>Zji\u0161t\u011bn\u00ed, kter\u00e1 budou prezentov\u00e1na na nadch\u00e1zej\u00edc\u00ed Integrativn\u00ed konferenci o rakovin\u011b v texask\u00e9m Austinu, zpochyb\u0148uj\u00ed konven\u010dn\u00ed p\u0159\u00edstupy l\u00e9\u010dby pomoc\u00ed chemoterapie a zd\u016fraz\u0148uj\u00ed nevyu\u017eit\u00fd potenci\u00e1l p\u0159\u00edrodn\u00ed medic\u00edny.<\/span><\/p>\n<h2><span>\u017d\u00e1dn\u00e9 metast\u00e1zy u l\u00e9\u010den\u00fdch my\u0161\u00ed<\/span><\/h2>\n<p><span>Ve studii byly my\u0161\u00edm injek\u010dn\u011b pod\u00e1ny vysoce agresivn\u00ed kmenov\u00e9 bu\u0148ky rakoviny prsu, zn\u00e1m\u00e9 svou odolnost\u00ed v\u016f\u010di chemoterapii a schopnost\u00ed vyvolat metastazuj\u00edc\u00ed relaps.<\/span><\/p>\n<p><span>Jedna skupina dostala sm\u011bs bylin, zat\u00edmco kontroln\u00ed skupina z\u016fstala nel\u00e9\u010den\u00e1. Byly zaznamen\u00e1ny ohromuj\u00edc\u00ed v\u00fdsledky:<\/span><\/p>\n<ul>\n<li><span>l\u00e9\u010den\u00e9 my\u0161i nevykazovaly \u017e\u00e1dn\u00e9 metast\u00e1zy \u2013 nebylo zji\u0161t\u011bno \u017e\u00e1dn\u00e9 \u0161\u00ed\u0159en\u00ed n\u00e1doru<\/span><\/li>\n<li><span>u my\u0161\u00ed v kontroln\u00ed skupin\u011b se vyvinuly rozs\u00e1hl\u00e9 n\u00e1dory a musely b\u00fdt utraceny kv\u016fli rychl\u00e9 progresi onemocn\u011bn\u00ed<\/span><\/li>\n<\/ul>\n<p><span>Bylinn\u00e1 sm\u011bs se my\u0161\u00edm pod\u00e1vala peror\u00e1ln\u011b pouze dva t\u00fddny, ale jej\u00ed \u00fa\u010dinky byly v\u00fdrazn\u00e9.<\/span><\/p>\n<h2><span>Jak to funguje: C\u00edlen\u00ed na rakovinu na bun\u011b\u010dn\u00e9 \u00farovni<\/span><\/h2>\n<p><span>Receptura bylinn\u00e9 sm\u011bsi kombinuje t\u0159i kl\u00ed\u010dov\u00e9 extrakty, z nich\u017e ka\u017ed\u00fd m\u00e1 zdokumentovan\u00e9 protirakovinn\u00e9 vlastnosti:<\/span><\/p>\n<p><span>1. Pau Pereira (extrakt z k\u016fry) \u2013 naru\u0161uje replikaci rakovinn\u00fdch bun\u011bk a m\u00e1 antivirov\u00e9 vlastnosti (Pau Pereira je zobrazena na \u00favodn\u00edm obr\u00e1zku).<\/span><\/p>\n<p><span>2. Rauwolfia vomitoria (extrakt z ko\u0159ene) \u2013 inhibuje p\u0159e\u017eit\u00ed rakovinn\u00fdch kmenov\u00fdch bun\u011bk<\/span><\/p>\n<p><span>3. Specializovan\u00fd extrakt ze zelen\u00e9ho \u010daje \u2013 zvy\u0161uje apopt\u00f3zu (programovanou bun\u011b\u010dnou smrt) ve zhoubn\u00fdch bu\u0148k\u00e1ch.<\/span><\/p>\n<p><span>Mechanismy \u00fa\u010dinku sm\u011bsi jsou t\u0159i. Prvn\u00edm je selektivn\u00ed zac\u00edlen\u00ed. Fluorescen\u010dn\u00ed zobrazov\u00e1n\u00ed uk\u00e1zalo, \u017ee extrakty pronikaj\u00ed pouze do rakovinov\u00fdch bun\u011bk a zdrav\u00e9 bu\u0148ky z\u016fst\u00e1vaj\u00ed nepo\u0161kozen\u00e9.<\/span><\/p>\n<p><span>Druh\u00fdm mechanismem je ovlivn\u011bn\u00ed v\u00edce protirakovinn\u00fdch drah. Extrakty spou\u0161t\u011bj\u00ed apopt\u00f3zu, reguluj\u00ed NF-kappa B, potla\u010duj\u00ed 5-alfa redukt\u00e1zu (kl\u00ed\u010dovou p\u0159i\u00a0<\/span><a href=\"https:\/\/www.badatel.net\/temna-stranka-skriningu-rakoviny-prostaty-epidemia-nadmernych-diagnoz-a-nepotrebnej-liecby\/\"><span>rakovin\u011b prostaty<\/span><\/a><span>\u00a0) a zvy\u0161uj\u00ed regulaci tumorov\u00e9ho supresoru p53.<\/span><\/p>\n<p><span>No a t\u0159et\u00edm mechanismem je antiangiogeneze, kter\u00e1 vyhlazuje n\u00e1dory blokov\u00e1n\u00edm tvorby krevn\u00edch c\u00e9v.<\/span><\/p>\n<h2><span>D\u011bdictv\u00ed zakazovan\u00e9 a potla\u010dovan\u00e9 v\u011bdy<\/span><\/h2>\n<p><span>Sylvia Beljanskiov\u00e1 je v\u00fdkonn\u00e1 \u0159editelka Nadace Beljanski a dcera zesnul\u00e9ho molekul\u00e1rn\u00edho biologa Dr. Mirka Beljansk\u00e9ho.<\/span><\/p>\n<p><span>Vysv\u011btluje jako pr\u016flomov\u00e1 pr\u00e1ce jej\u00edho otce vykonan\u00e1 v 90. letech 20. stolet\u00ed byla ter\u010dem \u00fatok\u016f a potla\u010dov\u00e1n\u00ed francouzskou vl\u00e1dou. Navzdory publikov\u00e1n\u00ed 133 recenzovan\u00fdch \u010dl\u00e1nk\u016f byl jeho v\u00fdzkum desetilet\u00ed zavrhov\u00e1n &#8211; a\u017e dosud.<\/span><\/p>\n<p><em><span>\u201eZni\u010dili jeho laborato\u0159, jeho reputaci, ale ne jeho odkaz<\/span><\/em><span>\u00a0,\u201c \u0159\u00edk\u00e1 Sylvia.<\/span><\/p>\n<p><em><span>\u201ePokra\u010dujeme v jeho misi dok\u00e1zat, \u017ee p\u0159\u00edroda nab\u00edz\u00ed na rakovinu odpov\u011bdi.\u201c<\/span><\/em><\/p>\n<h2><span>Pou\u017eit\u00ed u lid\u00ed a budouc\u00ed v\u00fdzkum<\/span><\/h2>\n<p><span>Zat\u00edmco aktu\u00e1ln\u00ed studie se zam\u011b\u0159ila na rakovinu prsu, nadace nyn\u00ed zkoum\u00e1 kmenov\u00e9 bu\u0148ky rakoviny prostaty, p\u0159i\u010dem\u017e prvn\u00ed \u00fadaje nazna\u010duj\u00ed podobn\u00fd \u00fasp\u011bch.<\/span><\/p>\n<p><span>Krom\u011b toho, dlouh\u00e1 klinick\u00e1 covidov\u00e1 studie v Evrop\u011b s pou\u017eit\u00edm Beljansk\u00e9ho receptury na podporu imunity zalo\u017een\u00e9 na RNA prok\u00e1zala slibn\u00e1 zlep\u0161en\u00ed u pacient\u016f.<\/span><\/p>\n<p><span>V nejbli\u017e\u0161\u00ed budoucnosti se nadace chyst\u00e1 prov\u00e9st roz\u0161\u00ed\u0159en\u00e9 klinick\u00e9 studie k ov\u011b\u0159en\u00ed \u00fa\u010dinnosti receptury u lid\u00ed.<\/span><\/p>\n<p><span>V r\u00e1mci integrace s holistickou medic\u00ednou se pacient\u016fm doporu\u010duje, aby se vedle l\u00e9\u010dby zab\u00fdvali tak\u00e9 stravou, toxiny a emocion\u00e1ln\u00ed pohodou.<\/span><\/p>\n<p><span>Navzdory regula\u010dn\u00edm p\u0159ek\u00e1\u017ek\u00e1m v Evrop\u011b jsou Beljansk\u00e9ho receptury st\u00e1le dostupn\u00e9 v USA. V EU je mo\u017en\u00e9 si sehnat bylinky nebo extrakty tvo\u0159\u00edc\u00ed recepturu jednotliv\u011b az nich si vytvo\u0159it vlastn\u00ed sm\u011bs.<\/span><\/p>\n<h2><span>V\u00fdzva ke zm\u011bn\u011b l\u00e9ka\u0159sk\u00e9ho paradigmatu<\/span><\/h2>\n<p><span>Mike Adams, zakladatel str\u00e1nky\u00a0<\/span><em><span>Natural News<\/span><\/em><span>\u00a0a dlouholet\u00fd zast\u00e1nce p\u0159\u00edrodn\u00ed medic\u00edny, podtrhuje d\u016fsledky studie:<\/span><\/p>\n<p><em><span>\u201eNejde jen o nov\u00fd dopln\u011bk stravy \u2013 jde o demont\u00e1\u017e barbarsk\u00e9ho modelu onkologie ve stylu \u201eodre\u017e, spal, otrav\u201c (operace, oza\u0159ov\u00e1n\u00ed, chemoterapie). P\u0159\u00edroda u\u017e m\u00e1 l\u00e9k. Pot\u0159ebujeme jen odvahu jej pou\u017e\u00edt.\u201c<\/span><\/em><\/p>\n<p><span>Z\u00e1v\u011bre\u010dn\u00e1 my\u0161lenka:<\/span><\/p>\n<p><span>Zat\u00edmco sv\u011bt se pot\u00fdk\u00e1 s rostouc\u00ed m\u00edrou v\u00fdskytu rakoviny a ne\u00fasp\u011b\u0161n\u00fdmi konven\u010dn\u00edmi l\u00e9\u010dbami, Beljansk\u00e9ho v\u00fdzkum nab\u00edz\u00ed nad\u011bji a d\u016fkaz, \u017ee v p\u0159\u00edrodn\u00ed l\u00e9k\u00e1rn\u011b existuj\u00ed bezpe\u010dn\u011bj\u0161\u00ed a \u00fa\u010dinn\u011bj\u0161\u00ed \u0159e\u0161en\u00ed.<\/span><\/p>\n<p><span>Prohl\u00e9dn\u011bte si celou\u00a0<\/span><a href=\"https:\/\/www.brighteon.com\/b5e0060e-50f2-4b9c-9378-ddc1679704d9\" target=\"_blank\" rel=\"noopener\"><span>epizodu<\/span><\/a><span>\u00a0po\u0159adu s Mikem Adamsem a Sylvi\u00ed Beljanskou, kte\u0159\u00ed hovo\u0159\u00ed o inovac\u00edch v l\u00e9\u010db\u011b rakoviny na rostlinn\u00e9 b\u00e1zi:<\/span><\/p>\n<p><iframe loading=\"lazy\" src=\"https:\/\/www.brighteon.com\/embed\/b5e0060e-50f2-4b9c-9378-ddc1679704d9\" width=\"580\" height=\"326\" frameborder=\"0\" allowfullscreen=\"allowfullscreen\" data-mce-fragment=\"1\"><\/iframe><\/p>\n<div class=\"code-block code-block-10\">\n<div id=\"badat-1317266362\" class=\"badat-highlight-wrapper\">\n<div id=\"badat-560249656\">\n<p><span>Autor: Finn Heartley, Zdroj:\u00a0<\/span><a href=\"https:\/\/www.naturalnews.com\/2025-05-02-natural-plant-extracts-show-zero-metastasis-in-breast-cancer-stem-cell.html\" target=\"_blank\" rel=\"noopener\"><span>naturalnews.com<\/span><\/a><span>\u00a0<\/span><\/p>\n<p>&nbsp;<\/p>\n<\/div>\n<\/div>\n<\/div>\n","protected":false},"excerpt":{"rendered":"<p>Nov\u00e1 studie financovan\u00e1 Nadac\u00ed Beljanski prok\u00e1zala, \u017ee patentovan\u00e1 sm\u011bs rostlinn\u00fdch extrakt\u016f dok\u00e1\u017ee zcela zabr\u00e1nit metast\u00e1zov\u00e1n\u00ed&#8230;<\/p>\n","protected":false},"author":2,"featured_media":78171,"comment_status":"closed","ping_status":"closed","sticky":false,"template":"","format":"standard","meta":[],"categories":[7],"tags":[5144,1155,9067,21],"_links":{"self":[{"href":"https:\/\/www.infokuryr.cz\/n\/wp-json\/wp\/v2\/posts\/78170"}],"collection":[{"href":"https:\/\/www.infokuryr.cz\/n\/wp-json\/wp\/v2\/posts"}],"about":[{"href":"https:\/\/www.infokuryr.cz\/n\/wp-json\/wp\/v2\/types\/post"}],"author":[{"embeddable":true,"href":"https:\/\/www.infokuryr.cz\/n\/wp-json\/wp\/v2\/users\/2"}],"replies":[{"embeddable":true,"href":"https:\/\/www.infokuryr.cz\/n\/wp-json\/wp\/v2\/comments?post=78170"}],"version-history":[{"count":0,"href":"https:\/\/www.infokuryr.cz\/n\/wp-json\/wp\/v2\/posts\/78170\/revisions"}],"wp:featuredmedia":[{"embeddable":true,"href":"https:\/\/www.infokuryr.cz\/n\/wp-json\/wp\/v2\/media\/78171"}],"wp:attachment":[{"href":"https:\/\/www.infokuryr.cz\/n\/wp-json\/wp\/v2\/media?parent=78170"}],"wp:term":[{"taxonomy":"category","embeddable":true,"href":"https:\/\/www.infokuryr.cz\/n\/wp-json\/wp\/v2\/categories?post=78170"},{"taxonomy":"post_tag","embeddable":true,"href":"https:\/\/www.infokuryr.cz\/n\/wp-json\/wp\/v2\/tags?post=78170"}],"curies":[{"name":"wp","href":"https:\/\/api.w.org\/{rel}","templated":true}]}}