{"id":78158,"date":"2025-05-07T00:13:03","date_gmt":"2025-05-06T22:13:03","guid":{"rendered":"https:\/\/www.infokuryr.cz\/n\/?p=78158"},"modified":"2025-05-06T15:04:21","modified_gmt":"2025-05-06T13:04:21","slug":"erik-best-lidr-svobodneho-sveta-odletel","status":"publish","type":"post","link":"https:\/\/www.infokuryr.cz\/n\/2025\/05\/07\/erik-best-lidr-svobodneho-sveta-odletel\/","title":{"rendered":"Erik Best: \u201eL\u00eddr svobodn\u00e9ho sv\u011bta\u201c odlet\u011bl"},"content":{"rendered":"<div id=\"fb-root\"><\/div>\n<p>N\u00e1m\u011bstek ministra zahrani\u010dn\u00edch v\u011bc\u00ed \u010cR Eduard Hulicius v\u010dera na\u00a0<a href=\"https:\/\/x.com\/EduardHulicius\/status\/1919436296352608538\" target=\"_blank\" rel=\"noopener\">s\u00ed\u0165 X v\u00a0\u010de\u0161tin\u011b napsal<\/a>, \u017ee m\u011bl nezaslou\u017eenou \u010dest rozlou\u010dit se na pra\u017esk\u00e9m leti\u0161ti jm\u00e9nem republiky s\u00a0\u201el\u00eddrem svobodn\u00e9ho sv\u011bta\u201c, ukrajinsk\u00fdm prezidentem Volodymyrem Zelensk\u00fdm.<\/p>\n<p>Superlativ \u201el\u00eddr\u201c pou\u017eil v\u00a0ned\u011bli Hulicius\u016fv \u0161\u00e9f,\u00a0<a href=\"https:\/\/x.com\/JanLipavsky\/status\/1918970124276543595\" target=\"_blank\" rel=\"noopener\">ministr zahrani\u010d\u00ed Jan Lipavsk\u00fd<\/a>, pot\u00e9, co uv\u00edtal Zelensk\u00e9ho po p\u0159ist\u00e1n\u00ed na Ruzyni. Lipavsk\u00fd se pozd\u011bji v\u00a0<a href=\"https:\/\/www.ceskatelevize.cz\/porady\/10095426857-interview-ct24\/225411058040504\" target=\"_blank\" rel=\"noopener\">\u010cesk\u00e9 televizi<\/a>\u00a0pustil do ml\u017een\u00ed, kdy\u017e prohl\u00e1sil, \u017ee americk\u00fd prezident je st\u00e1le ur\u010dit\u011b l\u00eddrem svobodn\u00e9ho sv\u011bta, ale \u017ee Zelenskyj je \u201eskute\u010dn\u011b l\u00eddrem svobodn\u00e9ho sv\u011bta\u201c.<\/p>\n<p>Lipavsk\u00e9mu by tento dvojsmysl mo\u017en\u00e1 pro\u0161el, kdyby ve sv\u00e9m p\u016fvodn\u00edm\u00a0<a href=\"https:\/\/x.com\/JanLipavsky\/status\/1918970028470206935\" target=\"_blank\" rel=\"noopener\">anglicky psan\u00e9m tweetu<\/a>\u00a0v\u00a0souvislosti se Zelensk\u00fdm nepou\u017eil ur\u010dit\u00fd \u010dlen. Byl to jasn\u00fd \u00fatok na Donalda Trumpa.<\/p>\n<p>Realita je v\u0161ak takov\u00e1, \u017ee v\u0161ichni ve \u201esvobodn\u00e9m sv\u011bt\u011b\u201c, v\u010detn\u011b Zelensk\u00e9ho, Trumpa sleduj\u00ed a\u00a0lp\u00ed na ka\u017ed\u00e9m jeho slov\u011b. To se podle mnoha r\u016fzn\u00fdch sc\u00e9n\u00e1\u0159\u016f m\u016f\u017ee zm\u011bnit, ale ani jeden z\u00a0nich nevyvrchol\u00ed t\u00edm, \u017ee by vedouc\u00ed \u00falohu americk\u00e9ho prezidenta p\u0159evzal Zelenskyj.<\/p>\n<p><a href=\"https:\/\/www.fsfinalword.cz\/?page=archive&amp;day=2025-05-06&amp;utm_source=utm_source%3Dnewsletter&amp;utm_medium=utm_medium%3De-mail&amp;utm_campaign=utm_campaign%3Dfinal_word_6.5.2025\">Erik Best<\/a><\/p>\n<p><img decoding=\"async\" loading=\"lazy\" class=\"alignnone  wp-image-1179\" src=\"http:\/\/www.infokuryr.cz\/n\/wp-content\/uploads\/2021\/04\/erik-best.jpg\" alt=\"\" width=\"152\" height=\"171\" \/><\/p>\n<p>&nbsp;<\/p>\n","protected":false},"excerpt":{"rendered":"<p>N\u00e1m\u011bstek ministra zahrani\u010dn\u00edch v\u011bc\u00ed \u010cR Eduard Hulicius v\u010dera na\u00a0s\u00ed\u0165 X v\u00a0\u010de\u0161tin\u011b napsal, \u017ee m\u011bl nezaslou\u017eenou&#8230;<\/p>\n","protected":false},"author":2,"featured_media":78159,"comment_status":"closed","ping_status":"closed","sticky":false,"template":"","format":"standard","meta":[],"categories":[6],"tags":[1503,1486,122,1000],"_links":{"self":[{"href":"https:\/\/www.infokuryr.cz\/n\/wp-json\/wp\/v2\/posts\/78158"}],"collection":[{"href":"https:\/\/www.infokuryr.cz\/n\/wp-json\/wp\/v2\/posts"}],"about":[{"href":"https:\/\/www.infokuryr.cz\/n\/wp-json\/wp\/v2\/types\/post"}],"author":[{"embeddable":true,"href":"https:\/\/www.infokuryr.cz\/n\/wp-json\/wp\/v2\/users\/2"}],"replies":[{"embeddable":true,"href":"https:\/\/www.infokuryr.cz\/n\/wp-json\/wp\/v2\/comments?post=78158"}],"version-history":[{"count":0,"href":"https:\/\/www.infokuryr.cz\/n\/wp-json\/wp\/v2\/posts\/78158\/revisions"}],"wp:featuredmedia":[{"embeddable":true,"href":"https:\/\/www.infokuryr.cz\/n\/wp-json\/wp\/v2\/media\/78159"}],"wp:attachment":[{"href":"https:\/\/www.infokuryr.cz\/n\/wp-json\/wp\/v2\/media?parent=78158"}],"wp:term":[{"taxonomy":"category","embeddable":true,"href":"https:\/\/www.infokuryr.cz\/n\/wp-json\/wp\/v2\/categories?post=78158"},{"taxonomy":"post_tag","embeddable":true,"href":"https:\/\/www.infokuryr.cz\/n\/wp-json\/wp\/v2\/tags?post=78158"}],"curies":[{"name":"wp","href":"https:\/\/api.w.org\/{rel}","templated":true}]}}