{"id":78131,"date":"2025-05-06T05:30:42","date_gmt":"2025-05-06T03:30:42","guid":{"rendered":"https:\/\/www.infokuryr.cz\/n\/?p=78131"},"modified":"2025-05-06T06:11:16","modified_gmt":"2025-05-06T04:11:16","slug":"jiri-paroubek-host-za-232-miliard-korun","status":"publish","type":"post","link":"https:\/\/www.infokuryr.cz\/n\/2025\/05\/06\/jiri-paroubek-host-za-232-miliard-korun\/","title":{"rendered":"Ji\u0159\u00ed Paroubek: Host za 232 miliard korun"},"content":{"rendered":"<div id=\"fb-root\"><\/div>\n<p><strong>Do Prahy po dvou letech p\u0159ilet\u011bl na \u201ep\u0159\u00edsn\u011b utajovanou\u201c a zj. p\u0159\u00edsn\u011b st\u0159e\u017eenou n\u00e1v\u0161t\u011bvu ukrajinsk\u00fd prezident Zelenskyj. Pro Pra\u017eany a n\u00e1v\u0161t\u011bvn\u00edky Prahy to znamenalo zejm\u00e9na omezen\u00ed provozu v are\u00e1lu Pra\u017esk\u00e9ho hradu.<\/strong><\/p>\n<p style=\"font-weight: 400;\">Podle Kielsk\u00e9ho Institutu pro hospod\u00e1\u0159stv\u00ed, \u010cesk\u00e1 republika ke konci \u00fanora tohoto roku p\u0159isp\u011bla na ukrajinskou v\u011bc neuv\u011b\u0159itelnou \u010d\u00e1stkou 232 miliard K\u010d. Nem\u00e1m, pro\u010d bych tuto informaci renomovan\u00e9 n\u011bmeck\u00e9 instituce rozporoval. V\u00a0po\u0159ad\u00ed zem\u00ed, pokud jde o p\u0159isp\u011bvatelstv\u00ed na z\u00e1le\u017eitosti Ukrajiny, je \u010cesko na 8. m\u00edst\u011b. Rozsahem sv\u00e9 pomoci se dostalo i p\u0159ed (trochu vy\u0161um\u011bl\u00e9) velmoci, jako je nap\u0159. Francie.<\/p>\n<p style=\"font-weight: 400;\">Zat\u00edm nikdo z vl\u00e1dn\u00edch \u010dinitel\u016f nespecifikoval, z\u00a0\u010deho se \u010d\u00e1stka 232 miliard K\u010d skl\u00e1d\u00e1. V\u00a0ka\u017ed\u00e9m p\u0159\u00edpad\u011b je to \u010d\u00e1stka obrovsk\u00e1, z\u00a0n\u00ed\u017e jenom \u010d\u00e1st p\u0159edstavuje materi\u00e1ln\u00ed pomoc zbra\u0148ov\u00e9ho charakteru. K tomu by bylo pot\u0159eba je\u0161t\u011b p\u0159ipo\u010d\u00edst des\u00edtky, mo\u017en\u00e1 stovky milion\u016f korun, kter\u00e9 jdou na Ukrajinu ze soukrom\u00fdch zdroj\u016f. \u010c\u00e1st z\u00a0nich p\u0159edstavuj\u00ed humanit\u00e1rn\u00ed dary, co\u017e je spr\u00e1vn\u00e9, ale \u010d\u00e1st je rovn\u011b\u017e zbrojn\u00edho charakteru.<\/p>\n<p style=\"font-weight: 400;\">Vl\u00e1da by ale p\u0159edn\u011b m\u011bla p\u0159edev\u0161\u00edm dolo\u017eit, jak\u00e1 je vlastn\u011b struktura\u00a0 pomoci ukrajinsk\u00e9 v\u011bci v objemu 232 miliard, ne\u017eli se pust\u00ed na Ukrajin\u011b do dal\u0161\u00edch v\u00fddaj\u016f.<\/p>\n<p style=\"font-weight: 400;\">To, \u017ee \u0161pi\u010dky vl\u00e1dn\u00ed koalice pokra\u010duj\u00ed ve sv\u00e9 ukrajinsk\u00e9 politice i nad\u00e1le je z\u0159ejm\u00e9 i po t\u00e9to st\u00e1tn\u00ed n\u00e1v\u0161t\u011bv\u011b ukrajinsk\u00e9ho prezidenta. Prezident Pavel mu sl\u00edbil muni\u010dn\u00ed podporu a bylo by zaj\u00edmav\u00e9 v\u011bd\u011bt, kolik n\u00e1s to bude st\u00e1t.<\/p>\n<p style=\"font-weight: 400;\">Pokud jde o zmi\u0148ovanou obnovu n\u011bkolika nemocnic na Ukrajin\u011b, p\u0159edpokl\u00e1d\u00e1m, \u017ee tato pomoc p\u016fjde na vrub Evropsk\u00e9 unie a jej\u00edch financ\u00ed. A \u017ee bude poskytov\u00e1na a\u017e po ukon\u010den\u00ed v\u00e1lky na Ukrajin\u011b. Do t\u00e9 doby to nem\u00e1 velk\u00fd smysl.<\/p>\n<p style=\"font-weight: 400;\">Fantaz\u00edrov\u00e1n\u00ed prezidenta Pavla a dal\u0161\u00edch \u010dinitel\u016f vl\u00e1dn\u00ed moci o brzk\u00e9m \u010dlenstv\u00ed Ukrajiny v\u00a0EU je tak\u00e9\u00a0 nesmysln\u00e9. V\u0161ichni dob\u0159e informovan\u00ed v\u011bd\u00ed, \u017ee to bude trvat je\u0161t\u011b dlouh\u00e1 l\u00e9ta.<\/p>\n<p style=\"font-weight: 400;\">A p\u0159ijet\u00ed Ukrajiny do NATO je podle n\u00e1zoru sou\u010dasn\u00e9 americk\u00e9 vl\u00e1dn\u00ed administrativy \u00faplnou chim\u00e9rou. A z toho by m\u011bli vych\u00e1zet \u010de\u0161t\u00ed i ukrajin\u0161t\u00ed politici.<\/p>\n<p><a href=\"https:\/\/vasevec.info\/komentare\/host-za-232-miliard-korun\">Ji\u0159\u00ed Paroubek<\/a><\/p>\n<p><img decoding=\"async\" loading=\"lazy\" class=\"alignnone size-medium wp-image-2342\" src=\"http:\/\/www.infokuryr.cz\/n\/wp-content\/uploads\/2021\/06\/paroubek-300x208.jpg\" alt=\"\" width=\"300\" height=\"208\" srcset=\"https:\/\/www.infokuryr.cz\/n\/wp-content\/uploads\/2021\/06\/paroubek-300x208.jpg 300w, https:\/\/www.infokuryr.cz\/n\/wp-content\/uploads\/2021\/06\/paroubek.jpg 318w\" sizes=\"(max-width: 300px) 100vw, 300px\" \/><\/p>\n<p>&nbsp;<\/p>\n","protected":false},"excerpt":{"rendered":"<p>Do Prahy po dvou letech p\u0159ilet\u011bl na \u201ep\u0159\u00edsn\u011b utajovanou\u201c a zj. p\u0159\u00edsn\u011b st\u0159e\u017eenou n\u00e1v\u0161t\u011bvu ukrajinsk\u00fd&#8230;<\/p>\n","protected":false},"author":2,"featured_media":78132,"comment_status":"closed","ping_status":"closed","sticky":false,"template":"","format":"standard","meta":[],"categories":[6],"tags":[1503,4097,234,1000],"_links":{"self":[{"href":"https:\/\/www.infokuryr.cz\/n\/wp-json\/wp\/v2\/posts\/78131"}],"collection":[{"href":"https:\/\/www.infokuryr.cz\/n\/wp-json\/wp\/v2\/posts"}],"about":[{"href":"https:\/\/www.infokuryr.cz\/n\/wp-json\/wp\/v2\/types\/post"}],"author":[{"embeddable":true,"href":"https:\/\/www.infokuryr.cz\/n\/wp-json\/wp\/v2\/users\/2"}],"replies":[{"embeddable":true,"href":"https:\/\/www.infokuryr.cz\/n\/wp-json\/wp\/v2\/comments?post=78131"}],"version-history":[{"count":0,"href":"https:\/\/www.infokuryr.cz\/n\/wp-json\/wp\/v2\/posts\/78131\/revisions"}],"wp:featuredmedia":[{"embeddable":true,"href":"https:\/\/www.infokuryr.cz\/n\/wp-json\/wp\/v2\/media\/78132"}],"wp:attachment":[{"href":"https:\/\/www.infokuryr.cz\/n\/wp-json\/wp\/v2\/media?parent=78131"}],"wp:term":[{"taxonomy":"category","embeddable":true,"href":"https:\/\/www.infokuryr.cz\/n\/wp-json\/wp\/v2\/categories?post=78131"},{"taxonomy":"post_tag","embeddable":true,"href":"https:\/\/www.infokuryr.cz\/n\/wp-json\/wp\/v2\/tags?post=78131"}],"curies":[{"name":"wp","href":"https:\/\/api.w.org\/{rel}","templated":true}]}}