{"id":78123,"date":"2025-05-06T04:45:36","date_gmt":"2025-05-06T02:45:36","guid":{"rendered":"https:\/\/www.infokuryr.cz\/n\/?p=78123"},"modified":"2025-05-06T06:10:54","modified_gmt":"2025-05-06T04:10:54","slug":"miroslav-kelnar-oganesjanova-parta-opet-na-scene","status":"publish","type":"post","link":"https:\/\/www.infokuryr.cz\/n\/2025\/05\/06\/miroslav-kelnar-oganesjanova-parta-opet-na-scene\/","title":{"rendered":"Miroslav Kelnar: Oganesjanova parta op\u011bt na sc\u00e9n\u011b"},"content":{"rendered":"<div id=\"fb-root\"><\/div>\n<p><strong>Dne 1. 5. 2025 r\u00e1no jsem byl na oslav\u011b 1. m\u00e1je na St\u0159eleck\u00e9m ostrov\u011b a potkal jsem tam op\u011bt mn\u011b dob\u0159e zn\u00e1m\u00e9 \u2013 z\u00e1stupce Oganesjanovy party, jak tam vytahuj\u00ed ukrajinskou vlajku a sna\u017e\u00ed se, se\u010d mohli, aby byli viditeln\u00ed. Doslova minutu po odchodu pana Ing. Ji\u0159\u00edho Paroubka z pomysln\u00e9ho p\u00f3dia na St\u0159eleck\u00e9m ostrov\u011b tam nastoupili provokat\u00e9\u0159i od Oganesjana a vyt\u00e1hli ukrajinskou vlajku a zu\u0159iv\u011b se tam s touto ukrajinskou vlajkou fotili \u2013 viz foto onoho zv\u011b\u010d\u0148ov\u00e1n\u00ed se p\u0159i t\u00e9 ukrajinsk\u00e9 vlajce v titulu.<\/strong><\/p>\n<p>V podstat\u011b se toto fotografov\u00e1n\u00ed d\u011blo na stejn\u00e9m m\u00edst\u011b, na jak\u00e9m prob\u00edhaly p\u0159edt\u00edm ty ofici\u00e1ln\u00ed projevy, a to je\u0161t\u011b p\u0159ed 11. hodinou, kdy m\u011bla vypr\u0161et rezervace tohoto m\u00edsta pro KS\u010cM. P\u0159i\u0161lo mi to pon\u011bkud d\u011btinsk\u00e9, ten sp\u011bch, no ne\u0161t\u00b4.<\/p>\n<p>Jak jsem uvedl ve sv\u00e9m d\u0159\u00edv\u011bj\u0161\u00edm \u010dl\u00e1nku\u00a0<a href=\"https:\/\/www.infokuryr.cz\/n\/2025\/05\/04\/miroslav-kelnar-kdo-stoji-za-provokacemi-armence-oganesjana\/\">\u201eKdo stoj\u00ed za provokacemi Arm\u00e9nce Oganesjana?\u201c<\/a>, j\u00e1 tyto lidi zn\u00e1m dob\u0159e a zn\u00e1m je zejm\u00e9na d\u00edky jejich \u201eprezentac\u00edm\u201c p\u0159i na\u0161ich demonstrac\u00edch u \u00da\u0159adu vl\u00e1dy. A kdy\u017e ud\u011bl\u00e1m v\u00fd\u010det v\u0161ech na\u0161ich akc\u00ed s jej\u00edch ne\u017e\u00e1douc\u00ed p\u0159\u00edtomnost\u00ed z posledn\u00ed doby, tak mus\u00edm za\u010d\u00edt u na\u0161\u00ed demonstrace dne 23. 4. 2025, kdy jsme cht\u011bli na sv\u00e9m protestu proti Fialov\u011b vl\u00e1d\u011b takt\u00e9\u017e upozornit v souvislost\u00ed se smrt\u00ed pan\u00ed Lenky \u0160im\u016fnkov\u00e9 na podez\u0159el\u00e9 nejasnosti, kter\u00e9 z\u016fstaly po vy\u0161et\u0159ov\u00e1n\u00ed z\u00e1sahu policie u Filosofick\u00e9 Fakulty Karlovy university. A kdy\u017e na\u0161e demonstrace v ten den p\u0159i\u0161la k Filosofick\u00e9 Fakult\u011b UK zap\u00e1lit sv\u00ed\u010dky za ob\u011bti st\u0159elby, a takt\u00e9\u017e za pan\u00ed \u0160im\u016fnkovou, tak u\u017e tam na n\u00e1s \u010dekali lid\u00e9 od Oganesjana s transparentem nazna\u010duj\u00edc\u00edm, \u017ee jako my zneu\u017e\u00edv\u00e1me smrt pan\u00ed \u0160im\u016fnkov\u00e9.<\/p>\n<p>\u010cl\u00e1nek redaktora z Parlamentn\u00edch List\u016f pana Rychetsk\u00e9ho o t\u00e9to na\u0161\u00ed demonstraci\u00a0<a href=\"https:\/\/www.parlamentnilisty.cz\/arena\/monitor\/Nakopem-ty-vyvolence-do-zadnice-Omezovani-a-zastrasovani-sem-nepatri-I-basnik-a-bubenik-protestovali-proti-Rakusanovi-a-vlade-772834\" target=\"_blank\" rel=\"noopener\">zde<\/a>.<\/p>\n<p>D\u00e1le se tato Oganesjanova parta z\u00fa\u010dastnila v \u00fater\u00fd 29. 3. 2025 na\u0161eho protestu p\u0159ed r\u00e1diem Svobodn\u00e1 Evropa, kde jsme cht\u011bli vyj\u00e1d\u0159it nesouhlas s n\u00e1padem ministra Lipavsk\u00e9ho, aby n\u00e1klady na provoz tohoto r\u00e1dia platili m\u00edsto Ameri\u010dan\u016f \u010de\u0161t\u00ed da\u0148ov\u00ed poplatn\u00edci. O t\u00e9to na\u0161\u00ed akci u r\u00e1dia Svobodn\u00e1 Evropa nap\u00ed\u0161i zvl\u00e1\u0161tn\u00ed \u010dl\u00e1nek.<\/p>\n<p>Hned n\u00e1sleduj\u00edc\u00edho dne ve st\u0159edu 30. 4. 2025 se tato parta z\u00fa\u010dastnila na\u0161\u00ed regul\u00e9rn\u00ed demonstrace za odstoupen\u00ed Fialovy vl\u00e1dy p\u0159ed budovou \u00da\u0159adu vl\u00e1dy, a na 1. m\u00e1je r\u00e1no na St\u0159eleck\u00e9m ostrov\u011b vid\u00edm ty stejn\u00e9 tv\u00e1\u0159e od Oganesjana op\u011bt.<\/p>\n<p>Tomu \u0159\u00edk\u00e1m \u2013 velk\u00e9 \u201epracovn\u00ed vyt\u00ed\u017een\u00ed\u201c.<strong>\u00a0Z\u00e1b\u011br aktivit je na cizince Oganesjana a\u017e p\u0159\u00edli\u0161 \u0161irok\u00fd na to, aby mu n\u011bkdo v\u011b\u0159il, \u017ee ho n\u011bkdo ne\u0159\u00edd\u00ed, kdo m\u00e1 bl\u00edzko k t\u00e9to vl\u00e1d\u011b<\/strong>. Proto\u017ee v\u0161echna tato shrom\u00e1\u017ed\u011bn\u00ed, na kter\u00fdch oni vykazuj\u00ed jejich ne\u017e\u00e1douc\u00ed p\u0159\u00edtomnost, jsou v\u00edce \u010di m\u00e9n\u011b nam\u00ed\u0159ena proti sou\u010dasn\u00e9 \u010desk\u00e9 vl\u00e1d\u011b.<\/p>\n<p>Tito mlad\u00ed lid\u00e9 se t\u00edm netaj\u00ed, \u017ee jsou Oganesjenem na tuto pr\u00e1ci rekrutovan\u00ed a netaj\u00ed se ani t\u00edm, \u017ee jsou za tuto svoji \u010dinnost pro Oganesjana placeni.<\/p>\n<p>Nev\u00edm, jestli maj\u00ed doty\u010dn\u00ed jin\u00e9 zam\u011bstn\u00e1n\u00ed krom\u011b tohoto nemravn\u00e9ho Jobu u Oganesjana, ale je pravdou, \u017ee my jako d\u016fchodci svoje demonstrace d\u011bl\u00e1me v dob\u011b, kdy\u017e b\u011b\u017en\u00fd \u010dlov\u011bk je je\u0161t\u011b v pr\u00e1ci a oni na t\u011bch na\u0161ich akc\u00edch jsou p\u0159\u00edtomni, tak\u017ee to skoro vypad\u00e1, \u017ee ti doty\u010dn\u00ed to maj\u00ed u Oganesjana jako \u201eFull Time Job\u201c.<\/p>\n<p>A nebo, p\u0159ipad\u00e1 v\u00e1m norm\u00e1ln\u00ed, aby na Prvn\u00edho m\u00e1je \u0161el dvacetilet\u00fd \u010dlov\u011bk ze sv\u00e9ho voln\u00e9ho \u010dasu a zadarmo d\u011blat opi\u010d\u00e1rny s ukrajinskou vlajkou na St\u0159eleck\u00fd ostrov?<\/p>\n<p>N\u00e1m, co jsme cel\u00fd sv\u016fj \u017eivot propracovali, tak tou oslavou 1. m\u00e1je vyjad\u0159ujeme i \u00factu k t\u00e9 na\u0161\u00ed p\u0159edchoz\u00ed pr\u00e1ci, kterou jsme v\u011bnovali t\u00e9to republice. Ale co \u0159\u00edk\u00e1 oslava Sv\u00e1tku pr\u00e1ce dvacetilet\u00e9mu \u010dlov\u011bkovi, kter\u00fd prozat\u00edm nem\u00e1 na co pracovn\u00edho vzpom\u00ednat a jedin\u00e9, co m\u00e1 za sebou, je vytvo\u0159en\u00ed p\u00e1r fotek pro Oganesjana?<\/p>\n<p>Oni ti dob\u0159\u00ed ho\u0161i a d\u011bv\u010data od Oganesjana sami p\u0159izn\u00e1vaj\u00ed, \u017ee za ty fotografi\u00ed a vytv\u00e1\u0159en\u00ed neklidu a provokac\u00ed na na\u0161ich demonstrac\u00edch, jsou placeni, a tvrd\u00ed, \u017ee pr\u00fd ten Oganesjan z\u00edsk\u00e1v\u00e1 svoje finan\u010dn\u00ed prost\u0159edky z YouTube str\u00e1nky nazvan\u00e9 MikeJePan. Nap\u0159\u00edklad\u00a0<a href=\"https:\/\/www.youtube.com\/watch?v=MYmIFQfx_FI\" target=\"_blank\" rel=\"noopener\">zde<\/a>.<\/p>\n<p>K tomuto videu je v\u0161ak nutno dodat, \u017ee tomu rozl\u00edcen\u00e9mu \u010dlov\u011bkovi od n\u00e1s nejprve tito provokat\u00e9\u0159i nast\u0159\u00edkali slzn\u00fd plyn do tv\u00e1\u0159e.<\/p>\n<p>A pr\u00e1v\u011b na t\u00e9to YouTube str\u00e1nce jsou prezentovan\u00e1 ta jejich videa z na\u0161ich demonstrac\u00ed, a \u017ee pr\u00fd jdou na dra\u010dku. Tato YouTube str\u00e1nka m\u00e1 pr\u00fd svoje abonenty, kte\u0159\u00ed plat\u00ed za vstup na tuto str\u00e1nku s mo\u017enost\u00ed se d\u00edvat na to, jak ka\u017ed\u00fd t\u00fdden demonstrujeme p\u0159ed \u00da\u0159adem vl\u00e1dy a z toho se pr\u00fd financuj\u00ed.<\/p>\n<p>Samoz\u0159ejm\u011b, je logick\u00e9, \u017ee ti abonenti neplat\u00ed za to, aby se na t\u00e9to YouTube str\u00e1nce d\u00edvali ka\u017ed\u00fd t\u00fdden na na\u0161i poklidnou demonstraci u \u00da\u0159adu vl\u00e1dy, kter\u00e1 je z t\u00fddne na t\u00fdden podobn\u00e1 jako vejce vejci, ale \u017e\u00e1douc\u00ed jsou videa, kdy dojde ke konfliktu mezi n\u00e1mi a jimi \u2013 viz video v\u00fd\u0161e. A proto se tito lid\u00e9 vehementn\u011b sna\u017e\u00ed n\u00e1s vyprovokovat na na\u0161ich demonstrac\u00edch k rozhodn\u00e9 reakci.<\/p>\n<p>Vyt\u00e1hnou nap\u0159\u00edklad ukrajinskou vlajku a propl\u00e9taj\u00ed se na\u0161imi \u0161iky za \u201enezasahov\u00e1n\u00ed\u201c p\u0159\u00edtomn\u00e9 policie, kter\u00e1 m\u00e1 na\u0161e shrom\u00e1\u017ed\u011bn\u00ed chr\u00e1nit proti jej\u00edm naru\u0161ovatel\u016fm, jak jsem to popsal ve sv\u00e9m p\u0159edchoz\u00edm \u010dl\u00e1nku.<\/p>\n<p>J\u00e1 zn\u00e1m asi tak 7 lid\u00ed kolem Oganesjana, kte\u0159\u00ed na na\u0161e akce doch\u00e1zej\u00ed a fot\u00ed n\u00e1s tam a provokuj\u00ed. Tak\u017ee logickou \u00favahou je, \u017ee by ta jejich YouTube str\u00e1nka musela p\u0159in\u00e1\u0161et desetitis\u00edce korun ka\u017ed\u00fd m\u011bs\u00edc, aby se z n\u00ed u\u017eivilo 8 lid\u00ed, tedy v\u010detn\u011b Oganesjana. J\u00e1 bych sp\u00ed\u0161e \u0159ekl, \u017ee ten zdroj pen\u011bz bude n\u011bkde jinde, a \u017ee zkr\u00e1tka ta jejich YouTube str\u00e1nka je jen k tomu \u00fa\u010delu, aby zakryla prav\u00fd zdroj pen\u011bz pro tuto Oganesjanovu partu.<\/p>\n<p><strong>Zkr\u00e1tka, m\u016fj dojem je, \u017ee Oganesjana za tuto neblahou \u010dinnost n\u011bkdo plat\u00ed, kdo nechce, aby se v\u011bd\u011blo, odkud ty pen\u00edze poch\u00e1z\u00ed a tyto jeho p\u0159\u00edjmy zakr\u00fdv\u00e1 pr\u00e1v\u011b tato YouTube str\u00e1nka.<\/strong><\/p>\n<p>A te\u010f je pros\u00edm na va\u0161\u00ed obrazotvornosti, kdo to asi m\u016f\u017ee b\u00fdt? Jak jsem nazna\u010dil ve sv\u00e9m p\u0159edchoz\u00edm \u010dl\u00e1nku mo\u017en\u00e9 stopy, jak je ta Oganesjanova parta ze strany policie nepostihnuteln\u00e1.<\/p>\n<p>Do t\u00e9to Oganesjanovy tlupy se ned\u00e1vno pustil Vidl\u00e1k, p\u00ed\u0161e proti nim Petr Pokorn\u00fd ze Skryt\u00e9 Pravdy a zn\u00e1m\u00fd je i ten ned\u00e1vn\u00fd p\u0159\u00edpad s pan\u00ed Kone\u010dnou z KS\u010cM a jej\u00edm autem p\u0159i v\u00fdjezdu do Moravskoslezsk\u00e9ho kraje, a j\u00e1 mus\u00edm jen dodat, \u017ee star\u00e9 \u010desk\u00e9 p\u0159\u00edslov\u00ed \u0159\u00edk\u00e1, \u017ee s j\u00eddlem roste chu\u0165. A t\u00e9 part\u011b kolem Oganesjana evidentn\u011b chu\u0165 roste. Zat\u00edm jsme proti t\u00e9to provokat\u00e9rsk\u00e9 band\u011b bojovali my sami, to je, protestuj\u00edc\u00ed od \u00da\u0159adu vl\u00e1dy, a tak douf\u00e1me, \u017ee t\u011bch, kdo za\u010dnou k\u0159i\u010det proti t\u011bmto praktik\u00e1m Oganesjanovy party, bude te\u010f v\u00edce.<\/p>\n<p><em><a href=\"https:\/\/narodnidemokracie.cz\/ing-miroslav-kelnar-oganesjanova-parta-opet-na-scene\/\">Ing. Miroslav Kelnar<\/a>, \u010dlen N\u00e1rodn\u00ed demokracie<\/em><\/p>\n<p>&nbsp;<\/p>\n","protected":false},"excerpt":{"rendered":"<p>Dne 1. 5. 2025 r\u00e1no jsem byl na oslav\u011b 1. m\u00e1je na St\u0159eleck\u00e9m ostrov\u011b a&#8230;<\/p>\n","protected":false},"author":2,"featured_media":78124,"comment_status":"closed","ping_status":"closed","sticky":false,"template":"","format":"standard","meta":[],"categories":[6],"tags":[1503,9044,716],"_links":{"self":[{"href":"https:\/\/www.infokuryr.cz\/n\/wp-json\/wp\/v2\/posts\/78123"}],"collection":[{"href":"https:\/\/www.infokuryr.cz\/n\/wp-json\/wp\/v2\/posts"}],"about":[{"href":"https:\/\/www.infokuryr.cz\/n\/wp-json\/wp\/v2\/types\/post"}],"author":[{"embeddable":true,"href":"https:\/\/www.infokuryr.cz\/n\/wp-json\/wp\/v2\/users\/2"}],"replies":[{"embeddable":true,"href":"https:\/\/www.infokuryr.cz\/n\/wp-json\/wp\/v2\/comments?post=78123"}],"version-history":[{"count":0,"href":"https:\/\/www.infokuryr.cz\/n\/wp-json\/wp\/v2\/posts\/78123\/revisions"}],"wp:featuredmedia":[{"embeddable":true,"href":"https:\/\/www.infokuryr.cz\/n\/wp-json\/wp\/v2\/media\/78124"}],"wp:attachment":[{"href":"https:\/\/www.infokuryr.cz\/n\/wp-json\/wp\/v2\/media?parent=78123"}],"wp:term":[{"taxonomy":"category","embeddable":true,"href":"https:\/\/www.infokuryr.cz\/n\/wp-json\/wp\/v2\/categories?post=78123"},{"taxonomy":"post_tag","embeddable":true,"href":"https:\/\/www.infokuryr.cz\/n\/wp-json\/wp\/v2\/tags?post=78123"}],"curies":[{"name":"wp","href":"https:\/\/api.w.org\/{rel}","templated":true}]}}