{"id":78117,"date":"2025-05-06T05:14:21","date_gmt":"2025-05-06T03:14:21","guid":{"rendered":"https:\/\/www.infokuryr.cz\/n\/?p=78117"},"modified":"2025-05-06T05:14:21","modified_gmt":"2025-05-06T03:14:21","slug":"indie-naridila-po-desetiletich-prvni-cviceni-civilni-obrany","status":"publish","type":"post","link":"https:\/\/www.infokuryr.cz\/n\/2025\/05\/06\/indie-naridila-po-desetiletich-prvni-cviceni-civilni-obrany\/","title":{"rendered":"Indie na\u0159\u00eddila po desetilet\u00edch prvn\u00ed cvi\u010den\u00ed civiln\u00ed obrany"},"content":{"rendered":"<div id=\"fb-root\"><\/div>\n<h3>Mezi opat\u0159en\u00ed pat\u0159\u00ed sir\u00e9ny varuj\u00edc\u00ed p\u0159ed n\u00e1letem a v\u00fdcvik civilist\u016f<\/h3>\n<p><span>Indick\u00e9 ministerstvo vnitra na\u0159\u00eddilo n\u011bkolika st\u00e1t\u016fm, aby 7. kv\u011btna uspo\u0159\u00e1daly zku\u0161ebn\u00ed bezpe\u010dnostn\u00ed cvi\u010den\u00ed s c\u00edlem zajistit \u00fa\u010dinnou civiln\u00ed obranu v p\u0159\u00edpad\u011b nep\u0159\u00e1telsk\u00e9ho \u00fatoku, ozn\u00e1milo v pond\u011bl\u00ed ministerstvo vnitra.<\/span><\/p>\n<p><span>Cvi\u010den\u00ed se konaj\u00ed uprost\u0159ed nap\u011bt\u00ed mezi Indi\u00ed a P\u00e1kist\u00e1nem po dubnov\u00e9m teroristick\u00e9m \u00fatoku v Ka\u0161m\u00edru.<\/span><\/p>\n<p><span>Opat\u0159en\u00ed \u00fadajn\u011b zahrnuj\u00ed pou\u017e\u00edv\u00e1n\u00ed sir\u00e9n varuj\u00edc\u00edch p\u0159ed n\u00e1letem, \u0161kolen\u00ed civilist\u016f a student\u016f v ochrann\u00fdch protokolech civiln\u00ed obrany a zaveden\u00ed postup\u016f pro zatemn\u011bn\u00ed p\u0159i hav\u00e1rii, uv\u00e1d\u00ed se v zpr\u00e1v\u011b.<\/span><\/p>\n<p><span>St\u00e1ty byly rovn\u011b\u017e po\u017e\u00e1d\u00e1ny, aby maskovaly kritickou infrastrukturu a za\u0159\u00edzen\u00ed a nacvi\u010dily si evakua\u010dn\u00ed pl\u00e1ny pro rychl\u00e9 a koordinovan\u00e9 reakce na mimo\u0159\u00e1dn\u00e9 ud\u00e1losti. Takov\u00e1 cvi\u010den\u00ed se v Indii konaj\u00ed poprv\u00e9 od roku 1971, kdy byla zavedena uprost\u0159ed boje za nez\u00e1vislost Banglad\u00e9\u0161e.<\/span><\/p>\n<p><span>Indick\u00fd premi\u00e9r Narendra Modi minul\u00fd t\u00fdden\u00a0<\/span><a href=\"https:\/\/www.rt.com\/india\/616514-modi-authorize-military-response-pakistan\/\"><span>dal<\/span><\/a><span>\u00a0ozbrojen\u00fdm sil\u00e1m zem\u011b\u00a0<\/span><em><span>\u201eplnou opera\u010dn\u00ed svobodu\u201c<\/span><\/em><span>\u00a0ur\u010dit zp\u016fsob, c\u00edle a na\u010dasov\u00e1n\u00ed indick\u00e9 reakce na \u00fatok, kter\u00fd si vy\u017e\u00e1dal 26 civiln\u00edch \u017eivot\u016f.<\/span><\/p>\n<p><span>P\u00e1kist\u00e1n od t\u00e9 doby uvedl, \u017ee provedl testovac\u00ed odpal rakety kr\u00e1tk\u00e9ho doletu zem\u011b-zem\u011b \u0159ady Fatah a tak\u00e9 zbra\u0148ov\u00e9ho syst\u00e9mu Abdali s doletem 280 mil.<\/span><\/p>\n<p><span>P\u00e1kist\u00e1nsk\u00fd velvyslanec v Rusku Muhammad Ch\u00e1lid D\u017eam\u00e1l\u00ed v sobotu televizi RT \u0159ekl, \u017ee zem\u011b by reagovala\u00a0<\/span><em><span>\u201epln\u00fdm spektrem sv\u00fdch sil\u201c,<\/span><\/em><span>\u00a0pokud by na ni Indie za\u00fato\u010dila nebo naru\u0161ila \u017eivotn\u011b d\u016fle\u017eit\u00e9 vodn\u00ed toky. D\u017eam\u00e1l\u00ed m\u011bl na mysli Smlouvu o vod\u00e1ch Indu, kl\u00ed\u010dovou dohodu mezi zem\u011bmi z roku 1960 o sd\u00edlen\u00ed vody dostupn\u00e9 v \u0159ece Indus a jej\u00edch p\u0159\u00edtoc\u00edch.<\/span><\/p>\n<p><span>D\u0159\u00edve v pond\u011bl\u00ed se Modi setkal s ministrem obrany zem\u011b, aby projednal vojenskou p\u0159ipravenost a strategii Indie.<\/span><\/p>\n<p><span>Jadern\u011b vyzbrojen\u00ed jihoasijsk\u00ed soused\u00e9 vedli od z\u00edsk\u00e1n\u00ed nez\u00e1vislosti na Velk\u00e9 Brit\u00e1nii v roce 1947 \u010dty\u0159i v\u00e1lky.<\/span><\/p>\n<p><span>Rusk\u00fd prezident Vladimir Putin v pond\u011bl\u00ed\u00a0<\/span><a href=\"https:\/\/www.rt.com\/india\/616797-putin-calls-modi-and-condemns\/\"><span>telefonicky kontaktoval<\/span><\/a><span>\u00a0Modiho a odsoudil teroristick\u00fd \u00fatok v Ka\u0161m\u00edru;\u00a0<\/span><em><span>\u201evyj\u00e1d\u0159il nejhlub\u0161\u00ed soustrast nad ztr\u00e1tou nevinn\u00fdch \u017eivot\u016f a plnou podporu Indii v boji proti terorismu,\u201c<\/span><\/em><span>\u00a0uvedl v po\u0159adu X mluv\u010d\u00ed indick\u00e9ho ministerstva zahrani\u010d\u00ed Randhir Jaiswal.<\/span><\/p>\n<p><span>Rusk\u00fd ministr zahrani\u010d\u00ed Lavrov v sobotn\u00edm telefon\u00e1tu se sv\u00fdm p\u00e1kist\u00e1nsk\u00fdm prot\u011bj\u0161kem Ish\u00e1k Darem uvedl, \u017ee Moskva je p\u0159ipravena pomoci Nov\u00e9mu Dill\u00ed a Isl\u00e1m\u00e1b\u00e1du s \u0159e\u0161en\u00edm jejich spor\u016f, pokud o to bude\u00a0<\/span><em><span>\u201evz\u00e1jemn\u00fd z\u00e1jem\u201c<\/span><\/em><span>\u00a0z obou stran.<\/span><\/p>\n<p><img decoding=\"async\" loading=\"lazy\" class=\"alignnone size-full wp-image-71983\" src=\"http:\/\/www.infokuryr.cz\/n\/wp-content\/uploads\/2025\/02\/aaa.jpg\" alt=\"\" width=\"89\" height=\"23\" \/><\/p>\n<p>&nbsp;<\/p>\n","protected":false},"excerpt":{"rendered":"<p>Mezi opat\u0159en\u00ed pat\u0159\u00ed sir\u00e9ny varuj\u00edc\u00ed p\u0159ed n\u00e1letem a v\u00fdcvik civilist\u016f Indick\u00e9 ministerstvo vnitra na\u0159\u00eddilo n\u011bkolika&#8230;<\/p>\n","protected":false},"author":2,"featured_media":78118,"comment_status":"closed","ping_status":"closed","sticky":false,"template":"","format":"standard","meta":[],"categories":[7],"tags":[1967,304,79],"_links":{"self":[{"href":"https:\/\/www.infokuryr.cz\/n\/wp-json\/wp\/v2\/posts\/78117"}],"collection":[{"href":"https:\/\/www.infokuryr.cz\/n\/wp-json\/wp\/v2\/posts"}],"about":[{"href":"https:\/\/www.infokuryr.cz\/n\/wp-json\/wp\/v2\/types\/post"}],"author":[{"embeddable":true,"href":"https:\/\/www.infokuryr.cz\/n\/wp-json\/wp\/v2\/users\/2"}],"replies":[{"embeddable":true,"href":"https:\/\/www.infokuryr.cz\/n\/wp-json\/wp\/v2\/comments?post=78117"}],"version-history":[{"count":0,"href":"https:\/\/www.infokuryr.cz\/n\/wp-json\/wp\/v2\/posts\/78117\/revisions"}],"wp:featuredmedia":[{"embeddable":true,"href":"https:\/\/www.infokuryr.cz\/n\/wp-json\/wp\/v2\/media\/78118"}],"wp:attachment":[{"href":"https:\/\/www.infokuryr.cz\/n\/wp-json\/wp\/v2\/media?parent=78117"}],"wp:term":[{"taxonomy":"category","embeddable":true,"href":"https:\/\/www.infokuryr.cz\/n\/wp-json\/wp\/v2\/categories?post=78117"},{"taxonomy":"post_tag","embeddable":true,"href":"https:\/\/www.infokuryr.cz\/n\/wp-json\/wp\/v2\/tags?post=78117"}],"curies":[{"name":"wp","href":"https:\/\/api.w.org\/{rel}","templated":true}]}}