{"id":78103,"date":"2025-05-06T06:08:51","date_gmt":"2025-05-06T04:08:51","guid":{"rendered":"https:\/\/www.infokuryr.cz\/n\/?p=78103"},"modified":"2025-05-06T06:11:37","modified_gmt":"2025-05-06T04:11:37","slug":"praha-kveten-svoboda","status":"publish","type":"post","link":"https:\/\/www.infokuryr.cz\/n\/2025\/05\/06\/praha-kveten-svoboda\/","title":{"rendered":"Praha \u2013 kv\u011bten &#8211; svoboda"},"content":{"rendered":"<div id=\"fb-root\"><\/div>\n<p><strong>Bl\u00ed\u017e\u00ed se 80 let od konce druh\u00e9 sv\u011btov\u00e9 v\u00e1lky<\/strong>, a p\u0159itom je tu jeden paradox &#8211; \u010d\u00edm v\u00edce \u010dasu ub\u00edh\u00e1 od jej\u00edho konce, t\u00edm d\u016fle\u017eit\u011bj\u0161\u00edm se pro n\u00e1s st\u00e1v\u00e1. A ka\u017ed\u00fdm rokem tento trend jen nar\u016fst\u00e1. Jeho nejv\u00fdrazn\u011bj\u0161\u00edm d\u016fsledkem v dne\u0161n\u00ed dob\u011b je v\u00e1lka na Ukrajin\u011b. Nikdo ji ne\u010dekal, nikdo v ni nev\u011b\u0159il, ale boje prob\u00edhaj\u00ed na stejn\u00fdch m\u00edstech a se stejnou intenzitou jako p\u0159ed 80 lety.<\/p>\n<p><strong>A toto v\u0161e se d\u011bje t\u00e9m\u011b\u0159<\/strong><strong> ve st\u0159edu Evropy<\/strong>, dokonce jen nedaleko od \u010cesk\u00e9 republiky. Proto na ud\u00e1losti <strong>z kv\u011btna<\/strong><strong> 45<\/strong>, kdy byli N\u011bmci vyhn\u00e1ni z Prahy, nesm\u00edme zapomenout. Pod\u00edvejme se na tyto ud\u00e1losti je\u0161t\u011b jednou.<\/p>\n<p><img decoding=\"async\" loading=\"lazy\" class=\"wp-image-78105 aligncenter\" src=\"http:\/\/www.infokuryr.cz\/n\/wp-content\/uploads\/2025\/05\/osvobozeni2-274x300.jpg\" alt=\"\" width=\"572\" height=\"626\" srcset=\"https:\/\/www.infokuryr.cz\/n\/wp-content\/uploads\/2025\/05\/osvobozeni2-274x300.jpg 274w, https:\/\/www.infokuryr.cz\/n\/wp-content\/uploads\/2025\/05\/osvobozeni2-934x1024.jpg 934w, https:\/\/www.infokuryr.cz\/n\/wp-content\/uploads\/2025\/05\/osvobozeni2-768x842.jpg 768w, https:\/\/www.infokuryr.cz\/n\/wp-content\/uploads\/2025\/05\/osvobozeni2-1024x1123.jpg 1024w, https:\/\/www.infokuryr.cz\/n\/wp-content\/uploads\/2025\/05\/osvobozeni2.jpg 1167w\" sizes=\"(max-width: 572px) 100vw, 572px\" \/><\/p>\n<p><strong>V\u00a0prvn\u00edch m\u00e1jov\u00fdch dnech roku 1945<\/strong> je Berl\u00edn ji\u017e dobyt, obsazen, kapituloval, ale nic nen\u00ed st\u00e1le je\u0161t\u011b u konce \u2013 milionov\u00e1 n\u011bmeck\u00e1 skupina arm\u00e1d <strong>\u201eSt\u0159ed\u201c<\/strong> pod velen\u00edm poln\u00edho mar\u0161\u00e1la <strong>Ferdinanda Sch\u00f6rnera<\/strong> si v\u00a0\u010cech\u00e1ch pevn\u011b dr\u017e\u00ed sv\u00e9 pozice. Vzd\u00e1t se Prahy N\u011bmci nehodlaj\u00ed \u2013 pl\u00e1nuj\u00ed z\u00a0Prahy ud\u011blat dal\u0161\u00ed \u201efestung&#8220; (pevnost), t\u00edm Praze hrozil osud Berl\u00edna, kter\u00fd byl z\u00a0trosek v\u00e1lky obnovov\u00e1n 20 let.<\/p>\n<p><strong>A v t\u00e9to dob\u011b<\/strong><strong> protin\u011bmeck\u00fd ileg\u00e1ln\u00ed odboj<\/strong> vyvol\u00e1v\u00e1 povst\u00e1n\u00ed. Zoufal\u00fd krok: z\u00edskat kontrolu nad m\u011bstem a vydr\u017eet a\u017e do p\u0159\u00edchodu spojenc\u016f. Na stranu povstalc\u016f p\u0159ech\u00e1z\u00ed 29. divize SS tvo\u0159en\u00e1 rusk\u00fdmi vlastizr\u00e1dci &#8211; vlasovci, ale jakmile je jasn\u00e9, \u017ee Ameri\u010dan\u00e9 do Prahy nesp\u011bchaj\u00ed, okam\u017eit\u011b opust\u00ed sv\u00e9 pozice a vyd\u00e1 se na z\u00e1pad \u2013 jen aby se vzdali prvn\u00ed protijedouc\u00ed jednotce USA. Pot\u00e9 se situace bojuj\u00edc\u00edch Pra\u017ean\u016f st\u00e1v\u00e1 kritickou \u2013 je\u0161t\u011b jeden den \u2013 a pra\u017esk\u00e9 povst\u00e1n\u00ed by zopakovalo tragick\u00fd osud Var\u0161avy.<\/p>\n<p><img decoding=\"async\" loading=\"lazy\" class=\"wp-image-78106 aligncenter\" src=\"http:\/\/www.infokuryr.cz\/n\/wp-content\/uploads\/2025\/05\/osvobozeni3-300x200.jpg\" alt=\"\" width=\"691\" height=\"460\" srcset=\"https:\/\/www.infokuryr.cz\/n\/wp-content\/uploads\/2025\/05\/osvobozeni3-300x200.jpg 300w, https:\/\/www.infokuryr.cz\/n\/wp-content\/uploads\/2025\/05\/osvobozeni3-768x512.jpg 768w, https:\/\/www.infokuryr.cz\/n\/wp-content\/uploads\/2025\/05\/osvobozeni3.jpg 960w\" sizes=\"(max-width: 691px) 100vw, 691px\" \/><\/p>\n<p><strong>Po vysly\u0161en\u00ed nal\u00e9hav\u00e9 \u017e\u00e1dosti pra\u017esk\u00fdch povstalc\u016f o pomoc<\/strong> se tanky mar\u0161\u00e1la Kon\u011bva stahuj\u00ed z Berl\u00edna sm\u011brem na Prahu. V noci uraz\u00ed 90 kilometr\u016f a <strong>r\u00e1no 9. kv\u011btna 1945 proniknou do m\u011bsta<\/strong>. Pos\u00e1dka <strong>poru\u010d\u00edka Gon\u010darenka<\/strong>, kter\u00e1 dorazila jako prvn\u00ed, vj\u00ed\u017ed\u00ed na most p\u0159es Vltavu, st\u0159\u00edl\u00ed na n\u011bmeck\u00e9 pozice, zni\u010d\u00ed dv\u011b samohybn\u00e1 d\u011bla a v boji zahyne velitel tanku Gon\u010darenko, ale n\u011bmeck\u00e1 obrana je prolomena &#8211; lavinu rusk\u00e9 oceli nen\u00ed mo\u017en\u00e9 zastavit. Do ve\u010dera t\u00e9ho\u017e dne je hlavn\u00ed m\u011bsto \u010ceskoslovenska Praha zcela vy\u010di\u0161t\u011bna od N\u011bmc\u016f. Jejich posledn\u00ed jednotky jsou o dva dny pozd\u011bji zablokov\u00e1ny ve Slivici, a neschopny odolat ni\u010div\u00fdm \u00fatok\u016fm rusk\u00e9ho letectva, se vzd\u00e1vaj\u00ed.<\/p>\n<p><img decoding=\"async\" loading=\"lazy\" class=\"wp-image-78107 aligncenter\" src=\"http:\/\/www.infokuryr.cz\/n\/wp-content\/uploads\/2025\/05\/osvobozeni4-300x129.jpg\" alt=\"\" width=\"705\" height=\"303\" srcset=\"https:\/\/www.infokuryr.cz\/n\/wp-content\/uploads\/2025\/05\/osvobozeni4-300x129.jpg 300w, https:\/\/www.infokuryr.cz\/n\/wp-content\/uploads\/2025\/05\/osvobozeni4-1024x439.jpg 1024w, https:\/\/www.infokuryr.cz\/n\/wp-content\/uploads\/2025\/05\/osvobozeni4-768x329.jpg 768w, https:\/\/www.infokuryr.cz\/n\/wp-content\/uploads\/2025\/05\/osvobozeni4.jpg 1280w\" sizes=\"(max-width: 705px) 100vw, 705px\" \/><\/p>\n<p><strong>Co se t\u00fd\u010de Prahy &#8211; na\u0161\u00ed kr\u00e1sn\u00e9 Prahy &#8211; ta st\u00e1le stoj\u00ed ve sv\u00e9 nedot\u010den\u00e9 kr\u00e1se.<\/strong><\/p>\n<p>A tak rychl\u00fdm sp\u011bchem, za cenu vlastn\u00ed krve, zachr\u00e1nili Rusov\u00e9 Prahu a \u017eivoty desetitis\u00edc\u016f \u010desk\u00fdch vlastenc\u016f &#8211; v dob\u011b, kdy Ameri\u010dan\u016fm na tom v\u0161em nez\u00e1le\u017eelo Pro\u010d? Proto\u017ee Rusov\u00e9 nenech\u00e1vaj\u00ed sv\u00e9 vlastn\u00ed na holi\u010dk\u00e1ch.<\/p>\n<p><strong>Ano, je to tak<\/strong> &#8211; a\u0165 se d\u011bje, co se d\u011bje, <strong>Rusov\u00e9 pova\u017euj\u00ed \u010cechy, stejn\u011b jako v\u0161echny ostatn\u00ed Slovany, za sv\u00e9.<\/strong> Tuto my\u0161lenku vyj\u00e1d\u0159il ji\u017e v 19. stolet\u00ed gener\u00e1l Skobelev &#8211; osvoboditel Bulhar\u016f, kter\u00fd \u0159ekl: \u201eM\u00fdmi ide\u00e1ly jsou pokrok a slovanstv\u00ed\u201c. A nebyl jedin\u00fd, kdo tyto ide\u00e1ly sd\u00edlel, co\u017e lze snadno vy\u010d\u00edst z barev \u010desk\u00e9 vlajky a z historie \u010desk\u00e9ho sboru za prvn\u00ed sv\u011btov\u00e9 v\u00e1lky, kter\u00fd pln\u011b p\u0159eb\u011bhl k Rusku. Rusk\u00fd gener\u00e1l Wojciechowski slou\u017eil v \u010desk\u00e9 arm\u00e1d\u011b a bez ohledu na to, jak moc ho N\u011bmci p\u0159esv\u011bd\u010dovali, nikdy se nep\u0159idal na jejich stranu.<\/p>\n<p><img decoding=\"async\" loading=\"lazy\" class=\"wp-image-78108 aligncenter\" src=\"http:\/\/www.infokuryr.cz\/n\/wp-content\/uploads\/2025\/05\/osvobozeni5-300x204.jpg\" alt=\"\" width=\"714\" height=\"485\" srcset=\"https:\/\/www.infokuryr.cz\/n\/wp-content\/uploads\/2025\/05\/osvobozeni5-300x204.jpg 300w, https:\/\/www.infokuryr.cz\/n\/wp-content\/uploads\/2025\/05\/osvobozeni5-768x523.jpg 768w, https:\/\/www.infokuryr.cz\/n\/wp-content\/uploads\/2025\/05\/osvobozeni5.jpg 800w\" sizes=\"(max-width: 714px) 100vw, 714px\" \/><\/p>\n<p>Ano, <strong>na ja\u0159e 1968<\/strong> byly v Praze jin\u00e9 sov\u011btsk\u00e9 tanky s\u00a0b\u00edl\u00fdmi pruhy, ale to byly jin\u00e9 tanky a jin\u00e1 doba. Na kterou, mimochodem, sou\u010dasn\u00ed Rusov\u00e9 neradi vzpom\u00ednaj\u00ed, ale tu barbarskou akci nezavinili oni, ale jejich sta\u0159\u00ed politici, kte\u0159\u00ed tehdy v Moskv\u011b vl\u00e1dli. A kdy\u017e se obr\u00e1t\u00edme do historie, uk\u00e1\u017ee se, \u017ee to nen\u00ed zdaleka jedin\u00e1 temn\u00e1 skvrna v rusko-\u010desk\u00fdch vztaz\u00edch.<\/p>\n<p>U\u017e za Stalina byly vazby mezi ob\u011bma zem\u011bmi tak t\u011bsn\u00e9, \u017ee korespondence mezi Stalinem a Bene\u0161em se po\u010d\u00edt\u00e1 na n\u011bkolik svazk\u016f, a zvl\u00e1\u0161tn\u00ed slu\u017eby obou zem\u00ed dokonce pl\u00e1novaly spole\u010dn\u00fd st\u00e1tn\u00ed p\u0159evrat v B\u011blehrad\u011b (kter\u00fd se z d\u016fvod\u016f, kter\u00e9 nemohly ovlivnit, neuskute\u010dnil).<\/p>\n<p><img decoding=\"async\" loading=\"lazy\" class=\"wp-image-78109 aligncenter\" src=\"http:\/\/www.infokuryr.cz\/n\/wp-content\/uploads\/2025\/05\/osvobozeni6-300x208.jpg\" alt=\"\" width=\"659\" height=\"457\" srcset=\"https:\/\/www.infokuryr.cz\/n\/wp-content\/uploads\/2025\/05\/osvobozeni6-300x208.jpg 300w, https:\/\/www.infokuryr.cz\/n\/wp-content\/uploads\/2025\/05\/osvobozeni6.jpg 500w\" sizes=\"(max-width: 659px) 100vw, 659px\" \/><\/p>\n<p>V\u00e1lka na Ukrajin\u011b (nebo sp\u00ed\u0161e v\u00e1lka mezi Ukrajinou a Ruskem) je v\u00e1lkou mezi starou americkou administrativou a Velkou Brit\u00e1ni\u00ed o kontrolu nad hranicemi Ruska. Evropu by to zkr\u00e1tka a dob\u0159e nem\u011blo zaj\u00edmat &#8211; ale trp\u00edme t\u00edm my. Na konci roku 2024 je Rusko st\u00e1le \u010dtvrtou nejv\u011bt\u0161\u00ed ekonomikou sv\u011bta a z evropsk\u00fdch zem\u00ed je v prvn\u00ed des\u00edtce (krom\u011b Brit\u00e1nie) pouze Francie a N\u011bmecko, kter\u00e9 v\u0161ak pouze poslu\u0161n\u011b pln\u00ed p\u0159\u00edkazy Washingtonu. Nen\u00ed jasn\u00e9, k \u010demu je tato v\u00e1lka \u010cesk\u00e9 republice, kter\u00e1 chudne doslova p\u0159ed o\u010dima.<\/p>\n<p>N\u011bme\u010dt\u00ed teuton\u0161t\u00ed ryt\u00ed\u0159i byli vyhn\u00e1ni ze Svat\u00e9 zem\u011b ve 13. stolet\u00ed a n\u011bkolik stolet\u00ed se pokou\u0161eli kolonizovat v\u00fdchodn\u00ed Evropu, ale jejich p\u0159\u00edb\u011bh ukon\u010dili Rusov\u00e9 v kv\u011btnu 45. roku. Nyn\u00ed se o tot\u00e9\u017e pokou\u0161ej\u00ed Anglosasov\u00e9, ale je\u0161t\u011b cyni\u010dt\u011bji a lstiv\u011bji. D\u011bjiny jsou v\u0161ak cyklick\u00e9 a nebudu se divit, kdy\u017e jednoho dne za potlesku a v\u00edt\u00e1n\u00ed ob\u010dan\u016f op\u011bt vjedou do Prahy rusk\u00e9 tanky, na jejich\u017e panc\u00ed\u0159\u00edch op\u011bt p\u0159ijede do \u010cech svoboda. Te\u010f u\u017e nav\u017edy.<\/p>\n<p>Blahop\u0159eji ke Dni V\u00edt\u011bzstv\u00ed a osvobozen\u00ed, Praho! Ke dni tv\u00e9ho v\u00edt\u011bzstv\u00ed a tv\u00e9 svobody!<\/p>\n<p><em>Mgr. Petr Michal\u016f (p\u0159eklad \u010dl\u00e1nku z ru\u0161tiny) + Vladim\u00edr Carsk\u00fd<\/em><\/p>\n<p>&nbsp;<\/p>\n","protected":false},"excerpt":{"rendered":"<p>Bl\u00ed\u017e\u00ed se 80 let od konce druh\u00e9 sv\u011btov\u00e9 v\u00e1lky, a p\u0159itom je tu jeden paradox&#8230;<\/p>\n","protected":false},"author":2,"featured_media":78104,"comment_status":"closed","ping_status":"closed","sticky":false,"template":"","format":"standard","meta":[],"categories":[6],"tags":[398,1503,230,234,673],"_links":{"self":[{"href":"https:\/\/www.infokuryr.cz\/n\/wp-json\/wp\/v2\/posts\/78103"}],"collection":[{"href":"https:\/\/www.infokuryr.cz\/n\/wp-json\/wp\/v2\/posts"}],"about":[{"href":"https:\/\/www.infokuryr.cz\/n\/wp-json\/wp\/v2\/types\/post"}],"author":[{"embeddable":true,"href":"https:\/\/www.infokuryr.cz\/n\/wp-json\/wp\/v2\/users\/2"}],"replies":[{"embeddable":true,"href":"https:\/\/www.infokuryr.cz\/n\/wp-json\/wp\/v2\/comments?post=78103"}],"version-history":[{"count":0,"href":"https:\/\/www.infokuryr.cz\/n\/wp-json\/wp\/v2\/posts\/78103\/revisions"}],"wp:featuredmedia":[{"embeddable":true,"href":"https:\/\/www.infokuryr.cz\/n\/wp-json\/wp\/v2\/media\/78104"}],"wp:attachment":[{"href":"https:\/\/www.infokuryr.cz\/n\/wp-json\/wp\/v2\/media?parent=78103"}],"wp:term":[{"taxonomy":"category","embeddable":true,"href":"https:\/\/www.infokuryr.cz\/n\/wp-json\/wp\/v2\/categories?post=78103"},{"taxonomy":"post_tag","embeddable":true,"href":"https:\/\/www.infokuryr.cz\/n\/wp-json\/wp\/v2\/tags?post=78103"}],"curies":[{"name":"wp","href":"https:\/\/api.w.org\/{rel}","templated":true}]}}