{"id":78097,"date":"2025-05-06T04:16:47","date_gmt":"2025-05-06T02:16:47","guid":{"rendered":"https:\/\/www.infokuryr.cz\/n\/?p=78097"},"modified":"2025-05-06T04:16:47","modified_gmt":"2025-05-06T02:16:47","slug":"caitlin-johnstone-nikdy-neslo-o-rukojmi-nikdy-neslo-o-hamas","status":"publish","type":"post","link":"https:\/\/www.infokuryr.cz\/n\/2025\/05\/06\/caitlin-johnstone-nikdy-neslo-o-rukojmi-nikdy-neslo-o-hamas\/","title":{"rendered":"Caitlin Johnstone: Nikdy ne\u0161lo o rukojm\u00ed. Nikdy ne\u0161lo o Ham\u00e1s"},"content":{"rendered":"<div id=\"fb-root\"><\/div>\n<section class=\"perex\">Neexistuje absolutn\u011b \u017e\u00e1dn\u00e1 omluva pro to, aby se i nad\u00e1le \u017evanilo o rukojm\u00edch a Ham\u00e1su pot\u00e9, co USA a Izrael prohl\u00e1sily, \u017ee jejich c\u00edlem je \u00fapln\u00e1 etnick\u00e1 \u010distka v Gaze.<\/p>\n<\/section>\n<section class=\"clanek-obsah\">\n<div class=\"karta\">\n<figure><iframe loading=\"lazy\" src=\"https:\/\/www.youtube-nocookie.com\/embed\/LZSiOHQiVB8\" width=\"560\" height=\"315\" frameborder=\"0\" allowfullscreen=\"allowfullscreen\" data-mce-fragment=\"1\"><\/iframe><\/figure>\n<\/div>\n<p>Benjamin Netanjahu ve \u010dtvrtek\u00a0<a href=\"https:\/\/edition.cnn.com\/2025\/05\/01\/middleeast\/netanyahu-calls-defeating-israels-enemies-the-supreme-objective-intl\" target=\"_blank\" rel=\"external noopener\">prohl\u00e1sil<\/a>, \u017ee osvobozen\u00ed izraelsk\u00fdch rukojm\u00edch v Gaze nen\u00ed jeho nejvy\u0161\u0161\u00ed prioritou, a nazna\u010dil, \u017ee por\u00e1\u017eka Ham\u00e1su by m\u011bla m\u00edt p\u0159ednost p\u0159ed dohodou o rukojm\u00edch.<\/p>\n<p>\u201eV t\u00e9to v\u00e1lce m\u00e1me mnoho c\u00edl\u016f, mnoho z\u00e1m\u011br\u016f,\u201c \u0159ekl Netanjahu. \u201cChceme p\u0159iv\u00e9st zp\u011bt v\u0161echny na\u0161e rukojm\u00ed. To je velmi d\u016fle\u017eit\u00fd c\u00edl. Ve v\u00e1lce existuje nejvy\u0161\u0161\u00ed c\u00edl. A t\u00edm nejvy\u0161\u0161\u00edm c\u00edlem je v\u00edt\u011bzstv\u00ed nad na\u0161imi nep\u0159\u00e1teli. A toho dos\u00e1hneme.\u201c<\/p>\n<p>Nic z toho, co premi\u00e9r \u0159ekl, nen\u00ed pravda ani platn\u00e9 \u2013 pokud t\u00edm \u201enep\u0159\u00e1teli\u201c nemysl\u00ed \u201ev\u0161echny Palestince v p\u00e1smu Gazy\u201c.<\/p>\n<div class=\"twitter-tweet twitter-tweet-rendered\"><iframe id=\"twitter-widget-0\" class=\"\" title=\"X Post\" src=\"https:\/\/platform.twitter.com\/embed\/Tweet.html?dnt=false&amp;embedId=twitter-widget-0&amp;features=eyJ0ZndfdGltZWxpbmVfbGlzdCI6eyJidWNrZXQiOltdLCJ2ZXJzaW9uIjpudWxsfSwidGZ3X2ZvbGxvd2VyX2NvdW50X3N1bnNldCI6eyJidWNrZXQiOnRydWUsInZlcnNpb24iOm51bGx9LCJ0ZndfdHdlZXRfZWRpdF9iYWNrZW5kIjp7ImJ1Y2tldCI6Im9uIiwidmVyc2lvbiI6bnVsbH0sInRmd19yZWZzcmNfc2Vzc2lvbiI6eyJidWNrZXQiOiJvbiIsInZlcnNpb24iOm51bGx9LCJ0ZndfZm9zbnJfc29mdF9pbnRlcnZlbnRpb25zX2VuYWJsZWQiOnsiYnVja2V0Ijoib24iLCJ2ZXJzaW9uIjpudWxsfSwidGZ3X21peGVkX21lZGlhXzE1ODk3Ijp7ImJ1Y2tldCI6InRyZWF0bWVudCIsInZlcnNpb24iOm51bGx9LCJ0ZndfZXhwZXJpbWVudHNfY29va2llX2V4cGlyYXRpb24iOnsiYnVja2V0IjoxMjA5NjAwLCJ2ZXJzaW9uIjpudWxsfSwidGZ3X3Nob3dfYmlyZHdhdGNoX3Bpdm90c19lbmFibGVkIjp7ImJ1Y2tldCI6Im9uIiwidmVyc2lvbiI6bnVsbH0sInRmd19kdXBsaWNhdGVfc2NyaWJlc190b19zZXR0aW5ncyI6eyJidWNrZXQiOiJvbiIsInZlcnNpb24iOm51bGx9LCJ0ZndfdXNlX3Byb2ZpbGVfaW1hZ2Vfc2hhcGVfZW5hYmxlZCI6eyJidWNrZXQiOiJvbiIsInZlcnNpb24iOm51bGx9LCJ0ZndfdmlkZW9faGxzX2R5bmFtaWNfbWFuaWZlc3RzXzE1MDgyIjp7ImJ1Y2tldCI6InRydWVfYml0cmF0ZSIsInZlcnNpb24iOm51bGx9LCJ0ZndfbGVnYWN5X3RpbWVsaW5lX3N1bnNldCI6eyJidWNrZXQiOnRydWUsInZlcnNpb24iOm51bGx9LCJ0ZndfdHdlZXRfZWRpdF9mcm9udGVuZCI6eyJidWNrZXQiOiJvbiIsInZlcnNpb24iOm51bGx9fQ%3D%3D&amp;frame=false&amp;hideCard=false&amp;hideThread=false&amp;id=1918338438459449702&amp;lang=cs&amp;origin=https%3A%2F%2Fzvedavec.news%2Fkomentare%2F2025%2F05%2F10496-nikdy-neslo-o-rukojmi-nikdy-neslo-o-hamas.htm&amp;sessionId=85426e81d68cda0670cf55a34c0f31634b928ec2&amp;theme=light&amp;widgetsVersion=2615f7e52b7e0%3A1702314776716&amp;width=550px\" frameborder=\"0\" scrolling=\"no\" allowfullscreen=\"allowfullscreen\" data-tweet-id=\"1918338438459449702\" data-mce-fragment=\"1\"><\/iframe><\/div>\n<p>Netanjahu byl pom\u011brn\u011b otev\u0159en\u00fd ohledn\u011b toho, \u017ee kone\u010dn\u00fdm c\u00edlem Izraele v Gaze nen\u00ed osvobozen\u00ed rukojm\u00edch ani por\u00e1\u017eka Ham\u00e1su, ale zabr\u00e1n\u00ed palestinsk\u00e9ho \u00fazem\u00ed a odstran\u011bn\u00ed jeho palestinsk\u00fdch obyvatel.\u00a0<a href=\"https:\/\/news.antiwar.com\/2025\/04\/28\/netanyahu-vows-israel-will-maintain-military-control-of-gaza\/\" target=\"_blank\" rel=\"external noopener\">Otev\u0159en\u011b \u0159ekl<\/a>, \u017ee Izrael obsad\u00ed Gazu vojenskou silou a zcela vylou\u010dil mo\u017enost jak\u00e9koli formy palestinsk\u00e9 vl\u00e1dy v t\u00e9to enkl\u00e1v\u011b.\u00a0<a href=\"https:\/\/www.caitlinjohnst.one\/p\/free-gaza-from-hamas-really-means\" target=\"_blank\" rel=\"external noopener\">Otev\u0159en\u011b prohl\u00e1sil<\/a>, \u017ee chce realizovat pl\u00e1n etnick\u00fdch \u010distek prezidenta Donalda Trumpa pro Gazu, kter\u00fd v\u00fdslovn\u011b zahrnuje\u00a0<a href=\"https:\/\/news.antiwar.com\/2025\/02\/10\/trump-says-no-right-of-return-for-palestinians-in-gaza-under-his-plan\/\" target=\"_blank\" rel=\"external noopener\">odstran\u011bn\u00ed \u201ev\u0161ech\u201c Palestinc\u016f a z\u00e1kaz jejich n\u00e1vratu<\/a>.<\/p>\n<p>Tak\u017ee to dali jasn\u011b najevo. Nejde o Ham\u00e1s, leda\u017ee by ozbrojen\u00e1 odporov\u00e1 skupina zt\u011b\u017eovala n\u00e1siln\u00e9 odstran\u011bn\u00ed v\u0161ech Palestinc\u016f z Gazy. A rozhodn\u011b nejde o rukojm\u00ed.<\/p>\n<p>A p\u0159esto, jakkoli je to bizarn\u00ed, z\u00e1padn\u00ed politick\u00e1 a medi\u00e1ln\u00ed t\u0159\u00edda tento \u00fatok nad\u00e1le prezentuje t\u00edmto zp\u016fsobem. Naz\u00fdvaj\u00ed to \u201ev\u00e1lkou Izraele s Hamasem\u201c, p\u0159itom nejde o nic jin\u00e9ho ne\u017e o neskr\u00fdvanou operaci etnick\u00fdch \u010distek. \u017dvan\u00ed o 7. \u0159\u00edjnu, rukojm\u00edch a terorismu, i kdy\u017e u\u017e bylo jasn\u011b \u0159e\u010deno, \u017ee to s ni\u010d\u00edm z toho nem\u00e1 nic spole\u010dn\u00e9ho. Chovaj\u00ed se, jako by to nikdy nebylo \u0159e\u010deno.<\/p>\n<p>Neexistuje absolutn\u011b \u017e\u00e1dn\u00e1 omluva pro to, aby se i nad\u00e1le \u017evanilo o rukojm\u00edch a Ham\u00e1su pot\u00e9, co USA a Izrael prohl\u00e1sily, \u017ee c\u00edlem je \u00fapln\u00e1 etnick\u00e1 \u010distka v Gaze. \u0158ekli v\u00e1m, o co ve skute\u010dnosti jde. \u0158ekli to. Na vlastn\u00ed p\u011bst. \u0158ekli v\u00e1m to p\u0159\u00edmo do o\u010d\u00ed. Konec debaty.<\/p>\n<p>Izrael po generace\u00a0<a href=\"https:\/\/x.com\/Louis_Allday\/status\/1917165153851760697\" target=\"_blank\" rel=\"external noopener\">hled\u00e1 zp\u016fsoby<\/a>, jak o\u010distit Gazu od Palestinc\u016f. O tom to v\u017edycky bylo. Ne o 7. \u0159\u00edjnu. Ne o rukojm\u00edch. Ne o Ham\u00e1su. Ne o terorismu. V\u0161echno, co se t\u00fdk\u00e1 izraelsk\u00fdch operac\u00ed v Gaze, nazna\u010duje, \u017ee jejich skute\u010dn\u00fdm c\u00edlem je odstranit Palestince z palestinsk\u00e9ho \u00fazem\u00ed, a ne osvobodit rukojm\u00ed nebo porazit Ham\u00e1s. A kdy\u017e Trump nastoupil do \u00fa\u0159adu, za\u010dali to otev\u0159en\u011b p\u0159izn\u00e1vat.<\/p>\n<div class=\"twitter-tweet twitter-tweet-rendered\"><iframe id=\"twitter-widget-1\" class=\"\" title=\"X Post\" src=\"https:\/\/platform.twitter.com\/embed\/Tweet.html?dnt=false&amp;embedId=twitter-widget-1&amp;features=eyJ0ZndfdGltZWxpbmVfbGlzdCI6eyJidWNrZXQiOltdLCJ2ZXJzaW9uIjpudWxsfSwidGZ3X2ZvbGxvd2VyX2NvdW50X3N1bnNldCI6eyJidWNrZXQiOnRydWUsInZlcnNpb24iOm51bGx9LCJ0ZndfdHdlZXRfZWRpdF9iYWNrZW5kIjp7ImJ1Y2tldCI6Im9uIiwidmVyc2lvbiI6bnVsbH0sInRmd19yZWZzcmNfc2Vzc2lvbiI6eyJidWNrZXQiOiJvbiIsInZlcnNpb24iOm51bGx9LCJ0ZndfZm9zbnJfc29mdF9pbnRlcnZlbnRpb25zX2VuYWJsZWQiOnsiYnVja2V0Ijoib24iLCJ2ZXJzaW9uIjpudWxsfSwidGZ3X21peGVkX21lZGlhXzE1ODk3Ijp7ImJ1Y2tldCI6InRyZWF0bWVudCIsInZlcnNpb24iOm51bGx9LCJ0ZndfZXhwZXJpbWVudHNfY29va2llX2V4cGlyYXRpb24iOnsiYnVja2V0IjoxMjA5NjAwLCJ2ZXJzaW9uIjpudWxsfSwidGZ3X3Nob3dfYmlyZHdhdGNoX3Bpdm90c19lbmFibGVkIjp7ImJ1Y2tldCI6Im9uIiwidmVyc2lvbiI6bnVsbH0sInRmd19kdXBsaWNhdGVfc2NyaWJlc190b19zZXR0aW5ncyI6eyJidWNrZXQiOiJvbiIsInZlcnNpb24iOm51bGx9LCJ0ZndfdXNlX3Byb2ZpbGVfaW1hZ2Vfc2hhcGVfZW5hYmxlZCI6eyJidWNrZXQiOiJvbiIsInZlcnNpb24iOm51bGx9LCJ0ZndfdmlkZW9faGxzX2R5bmFtaWNfbWFuaWZlc3RzXzE1MDgyIjp7ImJ1Y2tldCI6InRydWVfYml0cmF0ZSIsInZlcnNpb24iOm51bGx9LCJ0ZndfbGVnYWN5X3RpbWVsaW5lX3N1bnNldCI6eyJidWNrZXQiOnRydWUsInZlcnNpb24iOm51bGx9LCJ0ZndfdHdlZXRfZWRpdF9mcm9udGVuZCI6eyJidWNrZXQiOiJvbiIsInZlcnNpb24iOm51bGx9fQ%3D%3D&amp;frame=false&amp;hideCard=false&amp;hideThread=false&amp;id=1889045416387449060&amp;lang=cs&amp;origin=https%3A%2F%2Fzvedavec.news%2Fkomentare%2F2025%2F05%2F10496-nikdy-neslo-o-rukojmi-nikdy-neslo-o-hamas.htm&amp;sessionId=85426e81d68cda0670cf55a34c0f31634b928ec2&amp;theme=light&amp;widgetsVersion=2615f7e52b7e0%3A1702314776716&amp;width=550px\" frameborder=\"0\" scrolling=\"no\" allowfullscreen=\"allowfullscreen\" data-tweet-id=\"1889045416387449060\" data-mce-fragment=\"1\"><\/iframe><\/div>\n<p>Jak to, \u017ee se o tom nemluv\u00ed poka\u017ed\u00e9, kdy\u017e p\u0159ijde \u0159e\u010d na Gazu? Jak to, \u017ee to nen\u00ed za\u010d\u00e1tek, st\u0159ed a konec ka\u017ed\u00e9 diskuse?<\/p>\n<p>Je to jako kdyby policista koukal p\u0159\u00edmo do kamery n\u011b\u010d\u00edho telefonu, zat\u00edmco \u0161krt\u00ed \u010dern\u00e9ho mu\u017ee, a \u0159ekl: \u201eZab\u00edj\u00edm tohoto mu\u017ee, proto\u017ee jsem rasista a chci zab\u00edjet \u010dernochy\u201c, a pak v\u0161ichni po\u0159\u00e1d \u0159\u00edkaj\u00ed \u201ebr\u00e1nil se zat\u010den\u00ed\u201c a \u201enev\u00edme, co se stalo p\u0159edt\u00edm, ne\u017e za\u010dalo nahr\u00e1v\u00e1n\u00ed\u201c. \u0158ekl vlastn\u00edmi \u00fasty, co d\u011bl\u00e1 a jak\u00e9 jsou jeho motivy.<\/p>\n<p>U\u017e nem\u016f\u017eete \u017evanit o Ham\u00e1su, 7. \u0159\u00edjnu nebo rukojm\u00edch na obranu izraelsk\u00fdch akc\u00ed v Gaze. To neplat\u00ed. Pokud chcete br\u00e1nit izraelsk\u00e9 akce v Gaze, jedin\u00fdm t\u00e9matem diskuse je, zda je v po\u0159\u00e1dku n\u00e1siln\u011b vyhnat cel\u00e9 obyvatelstvo z jeho historick\u00e9 vlasti systematick\u00fdm bombardov\u00e1n\u00edm, st\u0159\u00edlen\u00edm a vyhladov\u011bn\u00edm a ni\u010den\u00edm civiln\u00ed infrastruktury, a to pouze kv\u016fli jejich etnick\u00e9mu p\u016fvodu.<\/p>\n<p>O tom je diskuse. O ni\u010dem jin\u00e9m. Jen o tom a pouze o tom.<\/p>\n<div class=\"podcarou\">\n<p><a href=\"https:\/\/caitlinjohnstone.com.au\/2025\/05\/04\/it-was-never-about-hostages-it-was-never-about-hamas\/\" target=\"_blank\" rel=\"external noopener\">It Was Never About Hostages. It Was Never About Hamas<\/a>\u00a0vy\u0161el 4.5.2025 nacaitlinjohnstone.com.au. Vybral a p\u0159elo\u017eil Zv\u011bdavec.<\/p>\n<\/div>\n<p>&nbsp;<\/p>\n<\/section>\n","protected":false},"excerpt":{"rendered":"<p>Neexistuje absolutn\u011b \u017e\u00e1dn\u00e1 omluva pro to, aby se i nad\u00e1le \u017evanilo o rukojm\u00edch a Ham\u00e1su&#8230;<\/p>\n","protected":false},"author":2,"featured_media":57330,"comment_status":"closed","ping_status":"closed","sticky":false,"template":"","format":"standard","meta":[],"categories":[7],"tags":[347,107,1503,1716],"_links":{"self":[{"href":"https:\/\/www.infokuryr.cz\/n\/wp-json\/wp\/v2\/posts\/78097"}],"collection":[{"href":"https:\/\/www.infokuryr.cz\/n\/wp-json\/wp\/v2\/posts"}],"about":[{"href":"https:\/\/www.infokuryr.cz\/n\/wp-json\/wp\/v2\/types\/post"}],"author":[{"embeddable":true,"href":"https:\/\/www.infokuryr.cz\/n\/wp-json\/wp\/v2\/users\/2"}],"replies":[{"embeddable":true,"href":"https:\/\/www.infokuryr.cz\/n\/wp-json\/wp\/v2\/comments?post=78097"}],"version-history":[{"count":0,"href":"https:\/\/www.infokuryr.cz\/n\/wp-json\/wp\/v2\/posts\/78097\/revisions"}],"wp:featuredmedia":[{"embeddable":true,"href":"https:\/\/www.infokuryr.cz\/n\/wp-json\/wp\/v2\/media\/57330"}],"wp:attachment":[{"href":"https:\/\/www.infokuryr.cz\/n\/wp-json\/wp\/v2\/media?parent=78097"}],"wp:term":[{"taxonomy":"category","embeddable":true,"href":"https:\/\/www.infokuryr.cz\/n\/wp-json\/wp\/v2\/categories?post=78097"},{"taxonomy":"post_tag","embeddable":true,"href":"https:\/\/www.infokuryr.cz\/n\/wp-json\/wp\/v2\/tags?post=78097"}],"curies":[{"name":"wp","href":"https:\/\/api.w.org\/{rel}","templated":true}]}}