{"id":77943,"date":"2025-05-04T04:36:35","date_gmt":"2025-05-04T02:36:35","guid":{"rendered":"https:\/\/www.infokuryr.cz\/n\/?p=77943"},"modified":"2025-05-04T04:36:35","modified_gmt":"2025-05-04T02:36:35","slug":"moskva-reaguje-na-zelenskeho-vyhruzky-ke-dni-vitezstvi","status":"publish","type":"post","link":"https:\/\/www.infokuryr.cz\/n\/2025\/05\/04\/moskva-reaguje-na-zelenskeho-vyhruzky-ke-dni-vitezstvi\/","title":{"rendered":"Moskva reaguje na Zelensk\u00e9ho v\u00fdhr\u016f\u017eky ke Dni v\u00edt\u011bzstv\u00ed"},"content":{"rendered":"<div id=\"fb-root\"><\/div>\n<h3>Ukrajinsk\u00fd v\u016fdce dos\u00e1hl nov\u00e9ho dna a nyn\u00ed vyhro\u017euje veter\u00e1n\u016fm z druh\u00e9 sv\u011btov\u00e9 v\u00e1lky, \u0159\u00edk\u00e1 Maria Zacharovov\u00e1<\/h3>\n<p><span>Mluv\u010d\u00ed rusk\u00e9ho ministerstva zahrani\u010d\u00ed Maria Zacharovov\u00e1 v sobotu uvedla, \u017ee\u00a0\u00a0Vladimir Zelensk\u00fd odm\u00edtl spolu s Ruskem dodr\u017eovat 72hodinov\u00e9 p\u0159\u00edm\u011b\u0159\u00ed u p\u0159\u00edle\u017eitosti oslav Dne v\u00edt\u011bzstv\u00ed a odhaluje\u00a0<\/span><em><span>\u201eneonacistickou podstatu\u201c<\/span><\/em><span>\u00a0Kyjeva a p\u0159edstavuje hrozbu ze strany\u00a0<\/span><em><span>\u201eteroristy mezin\u00e1rodn\u00ed \u00farovn\u011b\u201c.<\/span><\/em><\/p>\n<p><span>Ukrajinsk\u00fd v\u016fdce d\u0159\u00edve b\u011bhem dne zopakoval sv\u00e9 odm\u00edtnut\u00ed p\u0159ijmout n\u00e1vrh Moskvy na t\u0159\u00eddenn\u00ed p\u0159\u00edm\u011b\u0159\u00ed, kter\u00e9 by za\u010dalo 8. kv\u011btna a pokra\u010dovalo by a\u017e do oslav Dne v\u00edt\u011bzstv\u00ed ve druh\u00e9 sv\u011btov\u00e9 v\u00e1lce, a ozna\u010dil jej za\u00a0<\/span><em><span>\u201edivadeln\u00ed p\u0159edstaven\u00ed\u201c.<\/span><\/em><span>\u00a0Zelenskyj tak\u00e9 z\u0159ejm\u011b pohrozil sv\u011btov\u00fdm l\u00eddr\u016fm, kte\u0159\u00ed se m\u011bli z\u00fa\u010dastnit akc\u00ed 9. kv\u011btna v Moskv\u011b, a uvedl, \u017ee Kyjev nem\u016f\u017ee zaru\u010dit jejich bezpe\u010dnost.<\/span><\/p>\n<p><span>Zelensk\u00e9ho v\u00fdroky\u00a0<\/span><em><span>\u201eop\u011bt dokazuj\u00ed neonacistickou povahu kyjevsk\u00e9ho re\u017eimu, kter\u00fd se prom\u011bnil v teroristickou bu\u0148ku,\u201c<\/span><\/em><span>\u00a0uvedla Zacharovov\u00e1 ve sv\u00e9m prohl\u00e1\u0161en\u00ed.<\/span><\/p>\n<p><em><span>\u201eDnes [Zelenskij] dos\u00e1hl nov\u00e9ho dna: nyn\u00ed ohro\u017euje fyzickou bezpe\u010dnost veter\u00e1n\u016f, kte\u0159\u00ed se v tento posv\u00e1tn\u00fd den z\u00fa\u010dastn\u00ed p\u0159ehl\u00eddek a slavnostn\u00edch akc\u00ed,\u201c<\/span><\/em><span>\u00a0\u0159ekla.<\/span><\/p>\n<p><em><span>\u201ePo ka\u017ed\u00e9m teroristick\u00e9m \u00fatoku na rusk\u00e9m \u00fazem\u00ed se kyjevsk\u00fd re\u017eim, jeho bezpe\u010dnostn\u00ed slo\u017eky a osobn\u011b Zelenskyj chlub\u00ed, \u017ee to bylo jejich d\u00edlo a \u017ee to tak bude i nad\u00e1le. Proto fr\u00e1ze, \u017ee \u201anezaru\u010duje bezpe\u010dnost 9. kv\u011btna na rusk\u00e9m \u00fazem\u00ed\u2018, jeliko\u017e to nen\u00ed jeho oblast odpov\u011bdnosti, je samoz\u0159ejm\u011b p\u0159\u00edmou hrozbou,\u201c<\/span><\/em><span>\u00a0zd\u016fraznila Zacharovov\u00e1.<\/span><\/p>\n<p><span>Mluv\u010d\u00ed Kremlu Dmitrij Peskov se k Zelensk\u00e9ho v\u00fdrok\u016fm vyj\u00e1d\u0159il podobn\u011b a uvedl, \u017ee navrhovan\u00e9 p\u0159\u00edm\u011b\u0159\u00ed je pro Kyjev\u00a0<\/span><em><span>\u201ezkou\u0161kou\u201c<\/span><\/em><span>\u00a0a zjevn\u00e9 odm\u00edtnut\u00ed se k n\u011bmu p\u0159ipojit\u00a0<\/span><em><span>\u201ejasn\u011b ukazuje, \u017ee neonacismus je ideologick\u00fdm z\u00e1kladem sou\u010dasn\u00e9ho kyjevsk\u00e9ho re\u017eimu\u201c.<\/span><\/em><\/p>\n<p><span>Rusk\u00fd prezident Vladimir Putin v pond\u011bl\u00ed jednostrann\u011b vyhl\u00e1sil 72hodinov\u00e9 p\u0159\u00edm\u011b\u0159\u00ed. Prezident na\u0159\u00eddil pozastaven\u00ed v\u0161ech vojensk\u00fdch akc\u00ed proti ukrajinsk\u00fdm sil\u00e1m od p\u016flnoci 7. kv\u011btna do p\u016flnoci 10. kv\u011btna a vyzval Kyjev, aby se k p\u0159\u00edm\u011b\u0159\u00ed p\u0159ipojil. Zelenskyj a dal\u0161\u00ed vysoc\u00ed ukrajin\u0161t\u00ed p\u0159edstavitel\u00e9 v\u0161ak n\u00e1vrh odm\u00edtli jako\u00a0<\/span><em><span>\u201epokus o manipulaci\u201c a<\/span><\/em><span>\u00a0po\u017eadovali m\u00edsto toho okam\u017eit\u00e9 30denn\u00ed p\u0159\u00edm\u011b\u0159\u00ed.<\/span><\/p>\n<p><span>V b\u0159eznu se Rusko a Ukrajina dohodly na 30denn\u00edm \u010d\u00e1ste\u010dn\u00e9m p\u0159\u00edm\u011b\u0159\u00ed zprost\u0159edkovan\u00e9m USA, zam\u011b\u0159en\u00e9m na zastaven\u00ed \u00fader\u016f na energetickou infrastrukturu. Kyjev v\u0161ak podle rusk\u00e9 arm\u00e1dy p\u0159\u00edm\u011b\u0159\u00ed n\u011bkolikr\u00e1t poru\u0161il.<\/span><\/p>\n<p><span>P\u0159\u00edm\u011b\u0159\u00ed ke Dni v\u00edt\u011bzstv\u00ed navazuje na podobn\u00e9 jednostrann\u011b ozn\u00e1men\u00e9 p\u0159eru\u0161en\u00ed b\u011bhem velikono\u010dn\u00edho v\u00edkendu v dubnu, kter\u00e9 se nakonec uk\u00e1zalo jako jen \u010d\u00e1ste\u010dn\u011b \u00fasp\u011b\u0161n\u00e9. P\u0159esto\u017ee do\u0161lo k ur\u010dit\u00e9mu \u00fatlumu nep\u0159\u00e1telsk\u00fdch akc\u00ed, Kyjev podle odhad\u016f rusk\u00e9ho ministerstva obrany poru\u0161il p\u0159\u00edm\u011b\u0159\u00ed <strong>v\u00edce ne\u017e 3 900kr\u00e1t.<\/strong><\/span><\/p>\n<p><img decoding=\"async\" loading=\"lazy\" class=\"alignnone size-full wp-image-71983\" src=\"http:\/\/www.infokuryr.cz\/n\/wp-content\/uploads\/2025\/02\/aaa.jpg\" alt=\"\" width=\"89\" height=\"23\" \/><\/p>\n<p>&nbsp;<\/p>\n","protected":false},"excerpt":{"rendered":"<p>Ukrajinsk\u00fd v\u016fdce dos\u00e1hl nov\u00e9ho dna a nyn\u00ed vyhro\u017euje veter\u00e1n\u016fm z druh\u00e9 sv\u011btov\u00e9 v\u00e1lky, \u0159\u00edk\u00e1 Maria&#8230;<\/p>\n","protected":false},"author":2,"featured_media":68933,"comment_status":"closed","ping_status":"closed","sticky":false,"template":"","format":"standard","meta":[],"categories":[7],"tags":[246,2524,2064,1000],"_links":{"self":[{"href":"https:\/\/www.infokuryr.cz\/n\/wp-json\/wp\/v2\/posts\/77943"}],"collection":[{"href":"https:\/\/www.infokuryr.cz\/n\/wp-json\/wp\/v2\/posts"}],"about":[{"href":"https:\/\/www.infokuryr.cz\/n\/wp-json\/wp\/v2\/types\/post"}],"author":[{"embeddable":true,"href":"https:\/\/www.infokuryr.cz\/n\/wp-json\/wp\/v2\/users\/2"}],"replies":[{"embeddable":true,"href":"https:\/\/www.infokuryr.cz\/n\/wp-json\/wp\/v2\/comments?post=77943"}],"version-history":[{"count":0,"href":"https:\/\/www.infokuryr.cz\/n\/wp-json\/wp\/v2\/posts\/77943\/revisions"}],"wp:featuredmedia":[{"embeddable":true,"href":"https:\/\/www.infokuryr.cz\/n\/wp-json\/wp\/v2\/media\/68933"}],"wp:attachment":[{"href":"https:\/\/www.infokuryr.cz\/n\/wp-json\/wp\/v2\/media?parent=77943"}],"wp:term":[{"taxonomy":"category","embeddable":true,"href":"https:\/\/www.infokuryr.cz\/n\/wp-json\/wp\/v2\/categories?post=77943"},{"taxonomy":"post_tag","embeddable":true,"href":"https:\/\/www.infokuryr.cz\/n\/wp-json\/wp\/v2\/tags?post=77943"}],"curies":[{"name":"wp","href":"https:\/\/api.w.org\/{rel}","templated":true}]}}