{"id":77942,"date":"2025-05-04T04:34:19","date_gmt":"2025-05-04T02:34:19","guid":{"rendered":"https:\/\/www.infokuryr.cz\/n\/?p=77942"},"modified":"2025-05-04T04:34:19","modified_gmt":"2025-05-04T02:34:19","slug":"zelenskyj-vyhrozuje-svetovym-lidrum-pred-oslavami-dne-vitezstvi-v-moskve","status":"publish","type":"post","link":"https:\/\/www.infokuryr.cz\/n\/2025\/05\/04\/zelenskyj-vyhrozuje-svetovym-lidrum-pred-oslavami-dne-vitezstvi-v-moskve\/","title":{"rendered":"Zelenskyj vyhro\u017euje sv\u011btov\u00fdm l\u00eddr\u016fm p\u0159ed oslavami Dne v\u00edt\u011bzstv\u00ed v Moskv\u011b"},"content":{"rendered":"<div id=\"fb-root\"><\/div>\n<h3>Ukrajinsk\u00fd dikt\u00e1tor odm\u00edtl rusk\u00fd n\u00e1vrh na t\u0159\u00eddenn\u00ed p\u0159\u00edm\u011b\u0159\u00ed od 8. kv\u011btna a trv\u00e1 nam\u00edsto toho na 30denn\u00edm p\u0159\u00edm\u011b\u0159\u00ed<\/h3>\n<p><span>Ukrajinsk\u00fd v\u016fdce Vladimir Zelenskyj varoval, \u017ee Kyjev nem\u016f\u017ee zaru\u010dit bezpe\u010dnost sv\u011btov\u00fdch l\u00eddr\u016f, kte\u0159\u00ed se z\u00fa\u010dastn\u00ed oslav 9. kv\u011btna v Moskv\u011b. Rusk\u00fd n\u00e1vrh na p\u0159\u00edm\u011b\u0159\u00ed ke Dni v\u00edt\u011bzstv\u00ed tak\u00e9 ozna\u010dil za\u00a0<\/span><em><span>\u201edivadeln\u00ed p\u0159edstaven\u00ed\u201c.<\/span><\/em><\/p>\n<p><span>Rusk\u00fd prezident Vladimir Putin d\u0159\u00edve ozn\u00e1mil jednostrann\u00e9 t\u0159\u00eddenn\u00ed pozastaven\u00ed vojensk\u00fdch operac\u00ed od 8. kv\u011btna do oslav Dne v\u00edt\u011bzstv\u00ed ve druh\u00e9 sv\u011btov\u00e9 v\u00e1lce s odvol\u00e1n\u00edm na humanit\u00e1rn\u00ed d\u016fvody. Ministr zahrani\u010d\u00ed Sergej Lavrov tento krok ozna\u010dil za potenci\u00e1ln\u00ed\u00a0<\/span><em><span>\u201eza\u010d\u00e1tek p\u0159\u00edm\u00fdch jedn\u00e1n\u00ed s Kyjevem bez p\u0159edb\u011b\u017en\u00fdch podm\u00ednek\u201c.<\/span><\/em><span>\u00a0Kyjev v\u0161ak m\u00edsto toho po\u017eaduje 30denn\u00ed bezpodm\u00edne\u010dn\u00e9 p\u0159\u00edm\u011b\u0159\u00ed.<\/span><\/p>\n<p><span>Zelenskyj tento postoj zopakoval v sobotu na tiskov\u00e9 konferenci.<\/span><\/p>\n<p><em><span>\u201eJe nemo\u017en\u00e9 vypracovat jak\u00fdkoli pl\u00e1n dal\u0161\u00edch krok\u016f k ukon\u010den\u00ed v\u00e1lky b\u011bhem dvou nebo t\u0159\u00ed dn\u016f. A tak to prost\u011b nevypad\u00e1 moc v\u00e1\u017en\u011b&#8230; Z jeho strany je to sp\u00ed\u0161 divadeln\u00ed p\u0159edstaven\u00ed,\u201c<\/span><\/em><span>\u00a0\u0159ekl s odkazem na Putina, citovala ho agentura Interfax-Ukrajina.<\/span><\/p>\n<p><em><span>\u201eNikdo Putinovi nepom\u016f\u017ee s touto hrou, aby mu 9. kv\u011btna poskytl jemnou atmosf\u00e9ru \u00faniku z izolace a aby se v\u0161ichni c\u00edtili pohodln\u011b a bezpe\u010dn\u011b \u2013 ti v\u016fdci, p\u0159\u00e1tel\u00e9 nebo partne\u0159i Putina, kte\u0159\u00ed p\u0159ijdou na Kremelsk\u00e9 n\u00e1m\u011bst\u00ed&#8230; Bu\u010f jsme ve v\u00e1lce, nebo Putin ukazuje, \u017ee je p\u0159ipraven na p\u0159\u00edm\u011b\u0159\u00ed,\u201c<\/span><\/em><span>\u00a0dodal Zelenskyj.<\/span><\/p>\n<p><span>Tvrdil, \u017ee Kyjev je p\u0159ipraven kdykoli vyhl\u00e1sit p\u0159\u00edm\u011b\u0159\u00ed, pokud se ob\u011b strany dohodnou, \u017ee bude trvat alespo\u0148 30 dn\u00ed.<\/span><\/p>\n<p><span>V b\u0159eznu se Rusko a Ukrajina za zprost\u0159edkov\u00e1n\u00ed USA dohodly na 30denn\u00edm \u010d\u00e1ste\u010dn\u00e9m p\u0159\u00edm\u011b\u0159\u00ed, zam\u011b\u0159en\u00e9m na zastaven\u00ed \u00fader\u016f na energetickou infrastrukturu. Ukrajina v\u0161ak podle rusk\u00e9ho ministerstva obrany p\u0159\u00edm\u011b\u0159\u00ed n\u011bkolikr\u00e1t poru\u0161ila.<\/span><\/p>\n<p><span>Moskva prohl\u00e1sila, \u017ee je p\u0159ipravena na m\u00edrov\u00e9 rozhovory, ale opakovan\u011b varovala, \u017ee jak\u00e9koli kr\u00e1tkodob\u00e9 p\u0159eru\u0161en\u00ed bez ofici\u00e1ln\u00ed dohody by z\u00e1padn\u00ed spojenci Kyjeva vyu\u017eili k p\u0159ezbrojen\u00ed ukrajinsk\u00e9 arm\u00e1dy. Lavrov minul\u00fd t\u00fdden v koment\u00e1\u0159i k po\u017eadavku Kyjeva na del\u0161\u00ed p\u0159\u00edm\u011b\u0159\u00ed\u00a0<\/span><a href=\"https:\/\/www.rt.com\/russia\/616513-lavrov-outlines-kiev-indefinite-ceasefire\/\"><span>uvedl<\/span><\/a><span>\u00a0, \u00a0\u017ee to odr\u00e1\u017e\u00ed zhor\u0161uj\u00edc\u00ed se postaven\u00ed Ukrajiny na boji\u0161ti.\u00a0<\/span><\/p>\n<p><span>Rusk\u00e1 vl\u00e1da zaslala pozv\u00e1n\u00ed \u0159ad\u011b sv\u011btov\u00fdch v\u016fdc\u016f k \u00fa\u010dasti na oslav\u00e1ch Dne v\u00edt\u011bzstv\u00ed v Moskv\u011b, v\u010detn\u011b v\u016fdc\u016f \u010c\u00edny, Indie, Braz\u00edlie, Venezuely, Vietnamu, Slovenska a Srbska.<\/span><\/p>\n<p><img decoding=\"async\" loading=\"lazy\" class=\"alignnone size-full wp-image-71983\" src=\"http:\/\/www.infokuryr.cz\/n\/wp-content\/uploads\/2025\/02\/aaa.jpg\" alt=\"\" width=\"89\" height=\"23\" \/><\/p>\n<p>&nbsp;<\/p>\n","protected":false},"excerpt":{"rendered":"<p>Ukrajinsk\u00fd dikt\u00e1tor odm\u00edtl rusk\u00fd n\u00e1vrh na t\u0159\u00eddenn\u00ed p\u0159\u00edm\u011b\u0159\u00ed od 8. kv\u011btna a trv\u00e1 nam\u00edsto toho&#8230;<\/p>\n","protected":false},"author":2,"featured_media":72761,"comment_status":"closed","ping_status":"closed","sticky":false,"template":"","format":"standard","meta":[],"categories":[7],"tags":[2703,2064,1000],"_links":{"self":[{"href":"https:\/\/www.infokuryr.cz\/n\/wp-json\/wp\/v2\/posts\/77942"}],"collection":[{"href":"https:\/\/www.infokuryr.cz\/n\/wp-json\/wp\/v2\/posts"}],"about":[{"href":"https:\/\/www.infokuryr.cz\/n\/wp-json\/wp\/v2\/types\/post"}],"author":[{"embeddable":true,"href":"https:\/\/www.infokuryr.cz\/n\/wp-json\/wp\/v2\/users\/2"}],"replies":[{"embeddable":true,"href":"https:\/\/www.infokuryr.cz\/n\/wp-json\/wp\/v2\/comments?post=77942"}],"version-history":[{"count":0,"href":"https:\/\/www.infokuryr.cz\/n\/wp-json\/wp\/v2\/posts\/77942\/revisions"}],"wp:featuredmedia":[{"embeddable":true,"href":"https:\/\/www.infokuryr.cz\/n\/wp-json\/wp\/v2\/media\/72761"}],"wp:attachment":[{"href":"https:\/\/www.infokuryr.cz\/n\/wp-json\/wp\/v2\/media?parent=77942"}],"wp:term":[{"taxonomy":"category","embeddable":true,"href":"https:\/\/www.infokuryr.cz\/n\/wp-json\/wp\/v2\/categories?post=77942"},{"taxonomy":"post_tag","embeddable":true,"href":"https:\/\/www.infokuryr.cz\/n\/wp-json\/wp\/v2\/tags?post=77942"}],"curies":[{"name":"wp","href":"https:\/\/api.w.org\/{rel}","templated":true}]}}