{"id":77934,"date":"2025-05-04T00:19:36","date_gmt":"2025-05-03T22:19:36","guid":{"rendered":"https:\/\/www.infokuryr.cz\/n\/?p=77934"},"modified":"2025-05-03T09:45:30","modified_gmt":"2025-05-03T07:45:30","slug":"kdy-putinovi-a-rusku-dojde-s-ukrajinou-trpelivost-a-terorismus-oplati-proti-civilnim-obyvatelum-take-a-v-nejvyssi-sile","status":"publish","type":"post","link":"https:\/\/www.infokuryr.cz\/n\/2025\/05\/04\/kdy-putinovi-a-rusku-dojde-s-ukrajinou-trpelivost-a-terorismus-oplati-proti-civilnim-obyvatelum-take-a-v-nejvyssi-sile\/","title":{"rendered":"Kdy Putinovi a Rusku dojde s Ukrajinou trp\u011blivost a terorismus oplat\u00ed proti civiln\u00edm obyvatel\u016fm tak\u00e9 a v nejvy\u0161\u0161\u00ed s\u00edle?"},"content":{"rendered":"<div id=\"fb-root\"><\/div>\n<div class=\"introtext\">\n<p>Jenom za dne\u0161n\u00ed noc hl\u00e1s\u00ed Rusko a Ukrajina:\u00a0 Rusk\u00e9 obrann\u00e9 s\u00edly nad \u010cern\u00fdm mo\u0159em p\u0159es noc sest\u0159elily 8 raket Storm Shadow a t\u0159i rakety Neptun-MD. Co na to \u0159\u00edk\u00e1 prezident Trump?<\/p>\n<\/div>\n<div class=\"fulltext\">\n<div class=\"article__media\">\n<div class=\"article__photo\"><img decoding=\"async\" loading=\"lazy\" class=\"aligncenter\" src=\"https:\/\/cdn-st1.smotrim.ru\/vh\/pictures\/xw\/513\/526\/1.jpg\" alt=\"\" width=\"590\" height=\"332\" data-src=\"https:\/\/cdn-st1.smotrim.ru\/vh\/pictures\/xw\/513\/526\/1.jpg\" data-loaded=\"true\" \/><\/div>\n<\/div>\n<div class=\"article__body\">\n<div class=\"article__text\">\n<p class=\"article__anons\">Rusk\u00e9 ministerstvo obrany informovalo o\u00a0<strong>zni\u010den\u00ed osmi raket Storm Shadow a t\u0159\u00ed raket Neptune-MD na obloze nad \u010cern\u00fdm mo\u0159em.<\/strong><\/p>\n<div class=\"js-mediator-article\">\n<p>Rusk\u00e1 arm\u00e1da s pomoc\u00ed protivzdu\u0161n\u00e9 obrany sest\u0159elila p\u0159es \u010cern\u00e9 mo\u0159e osm vzdu\u0161n\u00fdch st\u0159el s plochou dr\u00e1hou letu Storm Shadow a t\u0159i ukrajinsk\u00e9 nav\u00e1d\u011bn\u00e9 st\u0159ely &#8222;Neptune-MD&#8220;.<\/p>\n<p>Celkem bylo podle ministerstva obrany\u00a0<strong>b\u011bhem uplynul\u00e9 noci zni\u010deno 170 dron\u016f ozbrojen\u00fdch sil Ukrajiny<\/strong>\u00a0syst\u00e9my protivzdu\u0161n\u00e9 obrany.<\/p>\n<p>V noci na p\u00e1tek provedly s\u00edly kyjevsk\u00e9ho re\u017eimu nejmasov\u011bj\u0161\u00ed kombinovan\u00fd \u00fatok na m\u011bsto v leto\u0161n\u00edm roce.<\/p>\n<p>&#8222;B\u011bhem v\u010derej\u0161\u00edho ve\u010dera a dne\u0161n\u00edho r\u00e1na byly po\u0161kozeny po\u017e\u00e1ry \u010dernomo\u0159sk\u00e9 flotily v \u010cern\u00e9m mo\u0159i\u00a0<strong>10 ukrajinsk\u00fdch bezpilotn\u00edch \u010dlun\u016f a jeden vysokorychlostn\u00ed \u010dlun &#8222;Willard&#8220; USA, dva bezpilotn\u00ed \u010dluny,&#8220;\u00a0<\/strong>uvedlo rusk\u00e9 ministerstvo obrany v kan\u00e1lu Telegram.<\/p>\n<p>Krom\u011b toho podle ministerstva od 09.00 do 10.00 policist\u00e9 protivzdu\u0161n\u00e9 obrany sest\u0159elili dva drony typu APU letadla na obloze nad Krymem.<\/p>\n<p><strong>O \u010dem mluvil Donald Trump se Zelensk\u00fdm, \u017ee si toto ukrajinsk\u00fd terorista dovol\u00ed? Nebo u\u017e USA daj\u00ed od t\u00e9to sb\u011b\u0159e ruce pry\u010d?<\/strong><\/p>\n<p><em>Lze tento terorismus n\u011b\u010d\u00edm omluvit?<\/em><\/p>\n<p><a title=\"Masakr rusk\u00fdch ob\u010dan\u016f na tr\u017ei\u0161ti a v masm\u00e9di\u00edch ticho jako v hrob\u011b! Co na to Trump, nebo byl sou\u010d\u00e1st\u00ed?\" href=\"https:\/\/skrytapravda.cz\/ze-zahranici\/2544-masakr-ruskych-obcanu-na-trzisti-a-v-masmediich-ticho-jako-v-hrobe-co-na-to-trump-nebo-byl-soucasti\">Masakr rusk\u00fdch ob\u010dan\u016f na tr\u017ei\u0161ti a v masm\u00e9di\u00edch ticho jako v hrob\u011b! Co na to Trump, nebo byl sou\u010d\u00e1st\u00ed?<\/a><\/p>\n<p><a href=\"https:\/\/www.skrytapravda.cz\/ze-zahranici\/2545-kdy-putinovi-a-rusku-dojde-s-ukrajinou-trpelivost-a-terorismus-oplati-proti-civilnim-obyvatelum-take-a-v-nejvyssi-sile\">Petr Pokorn\u00fd<\/a><\/p>\n<\/div>\n<p>&nbsp;<\/p>\n<\/div>\n<\/div>\n<\/div>\n","protected":false},"excerpt":{"rendered":"<p>Jenom za dne\u0161n\u00ed noc hl\u00e1s\u00ed Rusko a Ukrajina:\u00a0 Rusk\u00e9 obrann\u00e9 s\u00edly nad \u010cern\u00fdm mo\u0159em p\u0159es&#8230;<\/p>\n","protected":false},"author":2,"featured_media":77935,"comment_status":"closed","ping_status":"closed","sticky":false,"template":"","format":"standard","meta":[],"categories":[6],"tags":[1503,102,22,26],"_links":{"self":[{"href":"https:\/\/www.infokuryr.cz\/n\/wp-json\/wp\/v2\/posts\/77934"}],"collection":[{"href":"https:\/\/www.infokuryr.cz\/n\/wp-json\/wp\/v2\/posts"}],"about":[{"href":"https:\/\/www.infokuryr.cz\/n\/wp-json\/wp\/v2\/types\/post"}],"author":[{"embeddable":true,"href":"https:\/\/www.infokuryr.cz\/n\/wp-json\/wp\/v2\/users\/2"}],"replies":[{"embeddable":true,"href":"https:\/\/www.infokuryr.cz\/n\/wp-json\/wp\/v2\/comments?post=77934"}],"version-history":[{"count":0,"href":"https:\/\/www.infokuryr.cz\/n\/wp-json\/wp\/v2\/posts\/77934\/revisions"}],"wp:featuredmedia":[{"embeddable":true,"href":"https:\/\/www.infokuryr.cz\/n\/wp-json\/wp\/v2\/media\/77935"}],"wp:attachment":[{"href":"https:\/\/www.infokuryr.cz\/n\/wp-json\/wp\/v2\/media?parent=77934"}],"wp:term":[{"taxonomy":"category","embeddable":true,"href":"https:\/\/www.infokuryr.cz\/n\/wp-json\/wp\/v2\/categories?post=77934"},{"taxonomy":"post_tag","embeddable":true,"href":"https:\/\/www.infokuryr.cz\/n\/wp-json\/wp\/v2\/tags?post=77934"}],"curies":[{"name":"wp","href":"https:\/\/api.w.org\/{rel}","templated":true}]}}