{"id":77929,"date":"2025-05-04T00:13:24","date_gmt":"2025-05-03T22:13:24","guid":{"rendered":"https:\/\/www.infokuryr.cz\/n\/?p=77929"},"modified":"2025-05-03T09:39:08","modified_gmt":"2025-05-03T07:39:08","slug":"mame-obeti-politickych-procesu-cely-nas-stat-i-narod-je-pretvaren-v-terc-kritizuje-koordinator-oslav-osvobozeni-richard-stepan","status":"publish","type":"post","link":"https:\/\/www.infokuryr.cz\/n\/2025\/05\/04\/mame-obeti-politickych-procesu-cely-nas-stat-i-narod-je-pretvaren-v-terc-kritizuje-koordinator-oslav-osvobozeni-richard-stepan\/","title":{"rendered":"M\u00e1me ob\u011bti politick\u00fdch proces\u016f, cel\u00fd n\u00e1\u0161 st\u00e1t i n\u00e1rod je p\u0159etv\u00e1\u0159en v ter\u010d, kritizuje koordin\u00e1tor oslav osvobozen\u00ed Richard \u0160t\u011bp\u00e1n"},"content":{"rendered":"<div id=\"fb-root\"><\/div>\n<p><strong>Richard \u0160t\u011bp\u00e1n je student na Vysok\u00e9 \u0161kole finan\u010dn\u00ed a spr\u00e1vn\u00ed (V\u0160FS), obor bezpe\u010dnostn\u00ed pr\u00e1vo, \u010dlen \u010cesk\u00e9ho svazu bojovn\u00edk\u016f za svobodu (\u010cSBS) a koordin\u00e1tor oslav osvobozen\u00ed \u010cSR (web:\u00a0<a href=\"http:\/\/www.1945osvobozeni.cz\/\">www.1945osvobozeni.cz<\/a>).\u00a0<em>\u00bbJe pot\u0159eba nejen bagatelizovat, ale po\u0161pinit a pak vymazat v\u0161echna fakta o osvobozen\u00ed. Po\u0161pinit a pak srovnat Sov\u011btsk\u00fd svaz s\u00a0nacistick\u00fdm N\u011bmeckem,\u00ab\u00a0<\/em>kritizuje \u0160t\u011bp\u00e1n v\u00a0aktu\u00e1ln\u00edm rozhovoru.\u00a0<em>\u00bbNejde jen o to, abychom vn\u00edmali jako osvoboditele Ameri\u010dany, jde p\u0159edev\u0161\u00edm o to, aby se obecn\u00e1 znalost vlastn\u00edch d\u011bjin kriticky bl\u00ed\u017eila nule,\u00ab\u00a0<\/em>dod\u00e1v\u00e1.<\/strong><\/p>\n<p><strong>Rozhovor vedl Ioannis Sideropulos<\/strong>:<\/p>\n<p><strong>Letos slav\u00edme 80 let od v\u00edt\u011bzstv\u00ed Velk\u00e9 protihitlerovsk\u00e9 koalice nad nacismem a fa\u0161ismem. V \u010dem tkv\u00ed v\u00fdznam tohoto v\u00fdro\u010d\u00ed?<\/strong><\/p>\n<p>Za dne\u0161n\u00ed mezin\u00e1rodn\u00ed i dom\u00e1c\u00ed situace je toto v\u00fdro\u010d\u00ed d\u016fle\u017eit\u011bj\u0161\u00ed ne\u017e kdykoliv p\u0159edt\u00edm. V\u00a0ot\u00e1zce stoj\u00ed souslov\u00ed protihitlerovsk\u00e1 \u2013 jin\u00fdmi slovy: m\u00edrov\u00e1 koalice. Pr\u00e1v\u011b toto spojen\u00ed je mementem i pro dne\u0161ek jak v\u00a0glob\u00e1ln\u00edm slova smyslu, tak pro na\u0161i dom\u00e1c\u00ed politiku. Pot\u0159ebujeme Velkou n\u00e1rodn\u00ed i mezin\u00e1rodn\u00ed prom\u00edrovou koalici. Pokud se vr\u00e1t\u00edme do na\u0161\u00ed minulosti, ve t\u0159ic\u00e1t\u00fdch letech dok\u00e1zala Komunistick\u00e1 strana \u010ceskoslovenska p\u0159isp\u011bt k\u00a0sestaven\u00ed \u0161irok\u00e9 lidov\u00e9 fronty proti fa\u0161ismu. Dnes, kdy jsou mnoz\u00ed lid\u00e9 ob\u011bt\u00ed politick\u00fdch proces\u016f, cel\u00fd n\u00e1\u0161 st\u00e1t i n\u00e1rod je p\u0159etv\u00e1\u0159en v\u00a0ter\u010d, nebo dokonce kan\u00f3nenfutr, kdy\u017e si zahrani\u010dn\u00ed i dom\u00e1c\u00ed zbroja\u0159i cpou kapsy pen\u011bzi a zemi vl\u00e1dnou m\u00edstodr\u017e\u00edc\u00ed \u2013 \u010di jin\u00fdmi slovy protekto\u0159i, kte\u0159\u00ed p\u0159ipravuj\u00ed lidi na v\u00e1lku, pot\u0159ebujeme takovou koalici.<\/p>\n<p>Nezapomenout na osvobozen\u00ed na\u0161\u00ed zem\u011b od fa\u0161ismu je element\u00e1rn\u00ed vlastnost pro to, z\u016fstat \u010dlov\u011bkem, kter\u00fd m\u00e1 mo\u017enost ch\u00e1pat a m\u011bnit budoucnost, a ne b\u00fdt pouhou v\u011bji\u010dkou ve v\u00edru glob\u00e1ln\u00edch ud\u00e1losti a z\u00e1jmu kolektivn\u00edho Z\u00e1padu. I kdy\u017e tato kolektivnost je zalo\u017eena na zna\u010dn\u00e9m individualismu z\u00e1jmov\u00fdch skupin a podle toho se tak\u00e9 nesourod\u00e1 \u00bbkoalice ochotn\u00fdch\u00ab rozkl\u00e1d\u00e1 do neakceschopnosti. Ale nenechme se ukol\u00e9bat, v\u0161ichni dob\u0159e v\u00edme, \u017ee kdy\u017e tento syst\u00e9m dozraje do skute\u010dn\u00e9 krize \u010di ohro\u017een\u00ed sv\u00e9 existence n\u011b\u010d\u00edm spravedliv\u011bj\u0161\u00edm, je schopen plodit pr\u00e1v\u011b nacisty a jim podobn\u00e9. O to nebezpe\u010dn\u011bj\u0161\u00ed se mi dnes jev\u00ed pr\u00e1v\u011b nap\u0159. n\u011bmeck\u00e1 politika odbr\u017ed\u011bn\u00ed syst\u00e9mu zadlu\u017een\u00ed n\u011bmeck\u00e9ho st\u00e1tu pro v\u00fddaje na \u00bbobranu\u00ab a tak\u00e9 prohl\u00e1\u0161en\u00ed takov\u00fdch gigant\u016f, jako je Volkswagen, kte\u0159\u00ed tvrd\u00ed, \u017ee maj\u00ed zku\u0161enost s\u00a0v\u00e1le\u010dnou v\u00fdrobou. Polo\u017eme si ot\u00e1zku, kdo ukon\u010dil v\u00e1le\u010dnou v\u00fdrobu tohoto koncernu \u2013 naposledy Rud\u00e1 arm\u00e1da. Proto jsou na m\u00edst\u011b znovu i mezin\u00e1rodn\u00ed koalice. V\u00a0Evrop\u011b m\u016f\u017eeme vid\u011bt t\u0159eba takov\u00e9 zem\u011b jako Ma\u010farsko, Slovensko nebo Srbsko. Doufejme, \u017ee se k\u00a0nim i na\u0161e zem\u011b brzy p\u0159id\u00e1.<\/p>\n<p><strong>Dnes se p\u0159\u00ednos Sov\u011btsk\u00e9ho svazu k osvobozen\u00ed \u010cSR dosti bagatelizuje, dokonce i o \u00bbz\u00e1padn\u00edch\u00ab spojenc\u00edch a jejich p\u0159\u00ednosu toho moc nev\u00edme\u2026 a jaksi se n\u00e1m to v\u0161e protiv\u00ed\u2026 (alespo\u0148 tak n\u00e1s cht\u011bj\u00ed n\u011bkte\u0159\u00ed naladit). Kde jsou p\u0159\u00ed\u010diny t\u00e9to situace?<\/strong><\/p>\n<p>Mysl\u00edm si, \u017ee pokud by lid\u00e9 pamatovali p\u0159\u00ed\u010din a jejich n\u00e1sledk\u016f, pokud by jim nebylo zamezov\u00e1no pochopit jednotliv\u00e9 vztahy a paralely minulosti s\u00a0dne\u0161kem, nemohlo by se dnes d\u00edt to, co jsem ji\u017e popisoval, to, co ka\u017ed\u00fd nem\u016f\u017eeme nevn\u00edmat. Osobn\u011b zast\u00e1v\u00e1m postoj, \u017ee se \u010dekalo na to, a\u017e star\u00e9 generace odejdou. A mezi t\u011bmi, kte\u0159\u00ed je\u0161t\u011b v\u011bd\u00ed, byl vytvo\u0159en p\u0159\u00edkop k\u00a0t\u011bm, kte\u0159\u00ed nemaj\u00ed pon\u011bt\u00ed o tom, v\u00a0\u010dem a pro co \u017eij\u00ed. Proto je pot\u0159eba nejen bagatelizovat, ale po\u0161pinit a pak vymazat v\u0161echna fakta o osvobozen\u00ed. Po\u0161pinit a pak srovnat Sov\u011btsk\u00fd svaz s\u00a0nacistick\u00fdm N\u011bmeckem.<\/p>\n<p>Nev\u011bdomost je siln\u00e1 zbra\u0148. Nejde jen o to, abychom vn\u00edmali jako osvoboditele Ameri\u010dany, jde p\u0159edev\u0161\u00edm o to, aby se obecn\u00e1 znalost vlastn\u00edch d\u011bjin kriticky bl\u00ed\u017eila nule. Nad tlach\u00e1n\u00edm liber\u00e1ln\u00edch m\u00e9di\u00ed, vl\u00e1dn\u00edch politik\u016f a arogantn\u00ed pravice, se \u010dasto m\u00e1vne rukou, \u010di si\u00a0ulev\u00edme zemit\u00fdmi v\u00fdrazy. Nicm\u00e9n\u011b uv\u011bdomme si, \u017ee v\u0161ichni tito p\u0159isluhova\u010di si t\u00edmto zd\u00e1nliv\u011b pouh\u00fdm tlach\u00e1n\u00edm, p\u0159ipravuj\u00ed p\u016fdu, do kter\u00e9 budou s\u00edt jejich p\u00e1ni. Hroz\u00ed ale, \u017ee to, co se pokus\u00ed zas\u00edt i u n\u00e1s, budeme skl\u00edzet my v\u0161ichni. Proto je na\u0161\u00ed spole\u010dnou povinnost\u00ed, p\u0159ipom\u00ednat pravdu o osvobozen\u00ed, pravdu o \u00fasil\u00ed Sov\u011btsk\u00e9ho svazu a pravdu o samotn\u00e9m vzniku nacismu a jeho dopadech v\u00a0na\u0161\u00ed zemi. Pracovat pro m\u00edr na\u0161\u00ed zem\u011b a pracovat sami na sob\u011b a na\u0161ich schopnostech pro tyto \u00fakoly.<\/p>\n<p><strong>Jste aktivn\u011b zapojen do koordinace \u0159ady memori\u00e1ln\u00edch akc\u00ed k\u00a080.\u00a0v\u00fdro\u010d\u00ed osvobozen\u00ed na\u0161\u00ed republiky. Jak\u00e9 jste z toho v\u0161eho z\u00edskal nov\u00e9 podn\u011bty?<\/strong><\/p>\n<p>S\u00a0p\u0159\u00e1teli a mnoha sp\u0159\u00edzn\u011bn\u00fdmi organizacemi, mezi kter\u00e9 pat\u0159\u00ed i pr\u00e1v\u011b \u010cesk\u00fd svaz bojovn\u00edk\u016f za svobodu, jeho\u017e sou\u010d\u00e1st\u00ed m\u00e1m tu \u010dest b\u00fdt, jsme spole\u010dn\u00fdmi silami rozjeli iniciativu Osvobozen\u00ed \u010ceskoslovenska. Tato iniciativa byla zalo\u017eena pr\u00e1v\u011b z\u00a0popudu bl\u00ed\u017e\u00edc\u00edho se 80.\u00a0v\u00fdro\u010d\u00ed osvobozen\u00ed na\u0161\u00ed zem\u011b od fa\u0161ismu. Byl vytvo\u0159en web\u00a0<em>www.1945osvobozeni.cz<\/em>, kter\u00fd je pln\u00fd informac\u00ed pr\u00e1v\u011b proto, aby mohli mlad\u00ed i ti star\u0161\u00ed naj\u00edt koncentrovan\u00e9 informace na jednom m\u00edst\u011b. Od kultury, p\u0159es filmy a\u017e po \u010dl\u00e1nky a dal\u0161\u00ed p\u0159\u00edsp\u011bvky popisuj\u00edc\u00ed historick\u00e1 fakta. V\u00a0t\u00e9to osv\u011btov\u00e9 \u010dinnost hodl\u00e1me krom\u011b p\u0159ipravovan\u00fdch akc\u00ed nad\u00e1le pokra\u010dovat a n\u00e1sobit je.<\/p>\n<p><strong>Boj proti fa\u0161ismu a nacismu byl pro \u0159adu n\u00e1rod\u016f bojem o p\u0159e\u017eit\u00ed. Fakt holocaustu se t\u00fdkal Slovan\u016f, \u017did\u016f, Rom\u016f-Sint\u016f\u2026 Jak\u00e9 zku\u0161enosti jste m\u011bl s touto l\u00e1tkou ve \u0161kole a na univerzit\u011b?<\/strong><\/p>\n<p>O holocaustu a vyhlazov\u00e1n\u00ed \u017eidovsk\u00e9ho etnika v\u00a0Evrop\u011b se obecn\u011b mluv\u00ed a mluvilo hodn\u011b. Nicm\u00e9n\u011b, co se t\u00fdk\u00e1 i vyhlazov\u00e1n\u00ed slovansk\u00fdch n\u00e1rod\u016f, tam se s\u00a0v\u00fdrazem o genocid\u011b \u010di vyhlazov\u00e1n\u00ed \u0161et\u0159\u00ed, \u010di se v\u016fbec nepou\u017e\u00edv\u00e1. Obecn\u011b je podot\u00fdk\u00e1no, \u017ee n\u00e1rody SSSR ztratily tolik lid\u00ed ve v\u00e1lce, proto\u017ee neum\u011bly bojovat a vlastn\u011b N\u011bmce ubili tak\u0159ka hol\u00fdma rukama, nebo v\u00edt\u011bzstv\u00ed na v\u00fdchodn\u00ed front\u011b p\u0159inesla americk\u00e1 technologick\u00e1 pomoc, atd. To \u017ee tato \u00bbpomoc\u00ab byla d\u00e1na ob\u011bma stran\u00e1m nejr\u016fzn\u011bj\u0161\u00edmi cestami a \u017ee byla t\u011b\u017ece v\u00fdd\u011ble\u010dn\u00e1, u\u017e je ignorov\u00e1no. O jej\u00edm mno\u017estv\u00ed nemluv\u011b. Na z\u00e1kladn\u00ed \u0161kole jsme se k\u00a0t\u00e9matu tak\u0159ka nedostali a na st\u0159edn\u00ed \u0161kole jsem m\u011bl to \u0161t\u011bst\u00ed, \u017ee n\u011bkte\u0159\u00ed u\u010ditel\u00e9 byli natolik benevolentn\u00ed, \u017ee jsem n\u011bkter\u00e9 znalosti sv\u00fdm spolu\u017e\u00e1k\u016fm mohl doplnit. Av\u0161ak faktem z\u016fst\u00e1v\u00e1, \u017ee v\u011bt\u0161inov\u00e1 znalost t\u011bchto z\u00e1le\u017eitost\u00ed je naprosto tristn\u00ed. Heslo \u00bbji\u017e nikdy Mnichov\u00ab b\u011b\u017en\u00e9mu mlad\u00e9mu \u010dlov\u011bku nic ne\u0159ekne.<\/p>\n<p>Skutkov\u00e1 podstata fa\u0161ismu spo\u010d\u00edv\u00e1 p\u0159edev\u0161\u00edm v\u00a0obr\u00e1cen\u00ed lid\u00ed proti sv\u00fdm i obecn\u011b v\u0161elidsk\u00fdm p\u0159irozen\u00fdm z\u00e1jm\u016fm ka\u017ed\u00e9ho \u010dlov\u011bka \u2013 proti \u017eivotu, m\u00edru a spravedlnosti. V\u011bdom\u00fd a akceschopn\u00fd \u010dlov\u011bk je nejv\u011bt\u0161\u00edm nep\u0159\u00edtelem pro p\u016fvodce t\u011bchto my\u0161lenek. Sou\u010dasn\u00fd st\u00e1t a jeho protekto\u0159i v\u00a0t\u00e9to v\u011bci budou pokra\u010dovat nastaven\u00fdm kurzem, te\u010f je \u0159ada na ka\u017ed\u00e9m z\u00a0n\u00e1s \u2013 um\u011bt dlouhodob\u011b pracovat ve sv\u00e9m z\u00e1jmu, v\u00a0z\u00e1jmu sv\u011btov\u00e9 v\u011bt\u0161iny.<\/p>\n<p><em>Rozhovor p\u016fvodn\u011b vy\u0161el na iportaL24.cz<\/em><\/p>\n<p>&nbsp;<\/p>\n","protected":false},"excerpt":{"rendered":"<p>Richard \u0160t\u011bp\u00e1n je student na Vysok\u00e9 \u0161kole finan\u010dn\u00ed a spr\u00e1vn\u00ed (V\u0160FS), obor bezpe\u010dnostn\u00ed pr\u00e1vo, \u010dlen&#8230;<\/p>\n","protected":false},"author":2,"featured_media":77930,"comment_status":"closed","ping_status":"closed","sticky":false,"template":"","format":"standard","meta":[],"categories":[6],"tags":[398,230,1052],"_links":{"self":[{"href":"https:\/\/www.infokuryr.cz\/n\/wp-json\/wp\/v2\/posts\/77929"}],"collection":[{"href":"https:\/\/www.infokuryr.cz\/n\/wp-json\/wp\/v2\/posts"}],"about":[{"href":"https:\/\/www.infokuryr.cz\/n\/wp-json\/wp\/v2\/types\/post"}],"author":[{"embeddable":true,"href":"https:\/\/www.infokuryr.cz\/n\/wp-json\/wp\/v2\/users\/2"}],"replies":[{"embeddable":true,"href":"https:\/\/www.infokuryr.cz\/n\/wp-json\/wp\/v2\/comments?post=77929"}],"version-history":[{"count":0,"href":"https:\/\/www.infokuryr.cz\/n\/wp-json\/wp\/v2\/posts\/77929\/revisions"}],"wp:featuredmedia":[{"embeddable":true,"href":"https:\/\/www.infokuryr.cz\/n\/wp-json\/wp\/v2\/media\/77930"}],"wp:attachment":[{"href":"https:\/\/www.infokuryr.cz\/n\/wp-json\/wp\/v2\/media?parent=77929"}],"wp:term":[{"taxonomy":"category","embeddable":true,"href":"https:\/\/www.infokuryr.cz\/n\/wp-json\/wp\/v2\/categories?post=77929"},{"taxonomy":"post_tag","embeddable":true,"href":"https:\/\/www.infokuryr.cz\/n\/wp-json\/wp\/v2\/tags?post=77929"}],"curies":[{"name":"wp","href":"https:\/\/api.w.org\/{rel}","templated":true}]}}