{"id":77924,"date":"2025-05-04T00:23:53","date_gmt":"2025-05-03T22:23:53","guid":{"rendered":"https:\/\/www.infokuryr.cz\/n\/?p=77924"},"modified":"2025-05-03T09:28:13","modified_gmt":"2025-05-03T07:28:13","slug":"hutiove-odpalili-na-izrael-druhou-raketu-za-mene-nez-24-hodin","status":"publish","type":"post","link":"https:\/\/www.infokuryr.cz\/n\/2025\/05\/04\/hutiove-odpalili-na-izrael-druhou-raketu-za-mene-nez-24-hodin\/","title":{"rendered":"H\u00fat\u00edov\u00e9 odp\u00e1lili na Izrael druhou raketu za m\u00e9n\u011b ne\u017e 24 hodin"},"content":{"rendered":"<div id=\"fb-root\"><\/div>\n<p><strong><span>H\u00fat\u00edov\u00e9 (AnsarAll\u00e1h) v Jemenu odp\u00e1lili 2. kv\u011btna odpoledne hypersonickou balistickou st\u0159elu na Izrael, co\u017e je ji\u017e druh\u00e1 takov\u00e1 st\u0159ela b\u011bhem dne.<\/span><\/strong><\/p>\n<p><span>Raketa zas\u00e1hla \u201e\u017eivotn\u011b d\u016fle\u017eitou\u201c stavbu pobl\u00ed\u017e p\u0159\u00edstavn\u00edho m\u011bsta Haifa, uvedl ve sv\u00e9m prohl\u00e1\u0161en\u00ed mluv\u010d\u00ed H\u00fat\u00ed\u016f, brig\u00e1dn\u00ed gener\u00e1l Yahya Saree, a dodal, \u017ee \u201eraketa \u00fasp\u011b\u0161n\u011b dos\u00e1hla sv\u00e9ho c\u00edle, d\u00edky Bohu, a donutila miliony osadn\u00edk\u016f uprchnout do kryt\u016f\u201c.<\/span><\/p>\n<p><span>Izraelsk\u00e9 obrann\u00e9 s\u00edly (IDF) potvrdily odp\u00e1len\u00ed z Jemenu a ve sv\u00e9m prohl\u00e1\u0161en\u00ed uvedly, \u017ee raketa byla \u00fasp\u011b\u0161n\u011b zachycena.<\/span><\/p>\n<p><span>B\u011bhem \u00fatoku se v Haif\u011b a po cel\u00e9m severn\u00edm Izraeli rozezn\u011bly sir\u00e9ny. Videoz\u00e1znamy zve\u0159ejn\u011bn\u00e9 na soci\u00e1ln\u00edch s\u00edt\u00edch ukazovaly stopu kou\u0159e nad m\u011bstem.<\/span><\/p>\n<p><iframe loading=\"lazy\" src=\"https:\/\/s5.cdnstatic.space\/wp-content\/uploads\/2025\/05\/ssstwitter.com_1746207130526.mp4\" width=\"600\" height=\"338\" data-mce-fragment=\"1\"><\/iframe><\/p>\n<p><span>Jednalo se o druh\u00fd takov\u00fd \u00fatok H\u00fat\u00ed\u016f b\u011bhem dne. Prvn\u00ed \u00fatok, k n\u011bmu\u017e do\u0161lo r\u00e1no, byl podle skupiny zam\u011b\u0159en na leteckou z\u00e1kladnu Ramat David. IDF uvedla, \u017ee raketa byla zachycena mimo izraelsk\u00e9 \u00fazem\u00ed, ale v osad\u011b Mi\u0161mar ha-Emek byly hl\u00e1\u0161eny \u0161kody zp\u016fsoben\u00e9 dopadaj\u00edc\u00edmi troskami.<\/span><\/p>\n<p><span>Nejnov\u011bj\u0161\u00ed raketov\u00fd \u00fatok na Izrael se shodoval s vlnou americk\u00fdch \u00fader\u016f na z\u00e1padojemenskou provincii al-Hodajda. \u00dadery se zam\u011b\u0159ily na ropn\u00fd p\u0159\u00edstav Ras Isa, uvedla televize Al-Masirah, kterou provozuj\u00ed H\u00fat\u00edov\u00e9 a kter\u00e1 nehl\u00e1sila \u017e\u00e1dn\u00e9 ob\u011bti.<\/span><\/p>\n<p><span>H\u00fat\u00edov\u00e9 od 18. b\u0159ezna, kdy izraelsk\u00e9 obrann\u00e9 s\u00edly obnovily ofenz\u00edvu v Gaze, odp\u00e1lili na Izrael v\u00edce ne\u017e 20 balistick\u00fdch raket a n\u011bkolik sebevra\u017eedn\u00fdch dron\u016f.<\/span><\/p>\n<p><span>O t\u0159i dny d\u0159\u00edve americk\u00e1 arm\u00e1da obnovila \u00fadery v Jemenu na rozkaz prezidenta Donalda Trumpa, kter\u00fd tehdy uvedl, \u017ee rozs\u00e1hl\u00e1 operace byla zah\u00e1jena v reakci na obnoven\u00e9 \u00fatoky skupiny na lod\u011b napojen\u00e9 na Izrael v Rud\u00e9m mo\u0159i.<\/span><\/p>\n<p><span>Britsk\u00e1 arm\u00e1da se k americk\u00e9 operaci p\u0159ipojila za\u010d\u00e1tkem tohoto t\u00fddne. To v\u0161ak nijak nezm\u011bnilo situaci, jak je patrn\u00e9 z posledn\u00edch \u00fatok\u016f H\u00fat\u00ed\u016f.<\/span><\/p>\n<p><img decoding=\"async\" loading=\"lazy\" class=\"alignnone size-full wp-image-71983\" src=\"http:\/\/www.infokuryr.cz\/n\/wp-content\/uploads\/2025\/02\/aaa.jpg\" alt=\"\" width=\"89\" height=\"23\" \/><\/p>\n<p>&nbsp;<\/p>\n","protected":false},"excerpt":{"rendered":"<p>H\u00fat\u00edov\u00e9 (AnsarAll\u00e1h) v Jemenu odp\u00e1lili 2. kv\u011btna odpoledne hypersonickou balistickou st\u0159elu na Izrael, co\u017e je&#8230;<\/p>\n","protected":false},"author":2,"featured_media":74290,"comment_status":"closed","ping_status":"closed","sticky":false,"template":"","format":"standard","meta":[],"categories":[7],"tags":[9042,107,1075],"_links":{"self":[{"href":"https:\/\/www.infokuryr.cz\/n\/wp-json\/wp\/v2\/posts\/77924"}],"collection":[{"href":"https:\/\/www.infokuryr.cz\/n\/wp-json\/wp\/v2\/posts"}],"about":[{"href":"https:\/\/www.infokuryr.cz\/n\/wp-json\/wp\/v2\/types\/post"}],"author":[{"embeddable":true,"href":"https:\/\/www.infokuryr.cz\/n\/wp-json\/wp\/v2\/users\/2"}],"replies":[{"embeddable":true,"href":"https:\/\/www.infokuryr.cz\/n\/wp-json\/wp\/v2\/comments?post=77924"}],"version-history":[{"count":0,"href":"https:\/\/www.infokuryr.cz\/n\/wp-json\/wp\/v2\/posts\/77924\/revisions"}],"wp:featuredmedia":[{"embeddable":true,"href":"https:\/\/www.infokuryr.cz\/n\/wp-json\/wp\/v2\/media\/74290"}],"wp:attachment":[{"href":"https:\/\/www.infokuryr.cz\/n\/wp-json\/wp\/v2\/media?parent=77924"}],"wp:term":[{"taxonomy":"category","embeddable":true,"href":"https:\/\/www.infokuryr.cz\/n\/wp-json\/wp\/v2\/categories?post=77924"},{"taxonomy":"post_tag","embeddable":true,"href":"https:\/\/www.infokuryr.cz\/n\/wp-json\/wp\/v2\/tags?post=77924"}],"curies":[{"name":"wp","href":"https:\/\/api.w.org\/{rel}","templated":true}]}}