{"id":77920,"date":"2025-05-04T00:21:56","date_gmt":"2025-05-03T22:21:56","guid":{"rendered":"https:\/\/www.infokuryr.cz\/n\/?p=77920"},"modified":"2025-05-03T09:48:37","modified_gmt":"2025-05-03T07:48:37","slug":"ukrajina-zahajila-masivni-nocni-utok-na-krym-a-pripravuje-se-na-eskalaci","status":"publish","type":"post","link":"https:\/\/www.infokuryr.cz\/n\/2025\/05\/04\/ukrajina-zahajila-masivni-nocni-utok-na-krym-a-pripravuje-se-na-eskalaci\/","title":{"rendered":"Ukrajina zah\u00e1jila masivn\u00ed no\u010dn\u00ed \u00fatok na Krym a p\u0159ipravuje se na eskalaci"},"content":{"rendered":"<div id=\"fb-root\"><\/div>\n<p class=\"ds-markdown-paragraph\"><strong>Vzhledem k rostouc\u00edmu tlaku ukrajinsk\u00fdch sil na frontov\u00e9 linii se Kyjev uch\u00fdlil k rozs\u00e1hl\u00fdm \u00fatok\u016fm bezpilotn\u00edch letadel a n\u00e1mo\u0159n\u00edch dron\u016f na Krym ve zjevn\u00e9 snaze kompenzovat ztr\u00e1ty na boji\u0161ti uprost\u0159ed ned\u00e1vn\u00fdch diskus\u00ed o mezin\u00e1rodn\u00edm uzn\u00e1n\u00ed Krymu za rusk\u00fd region. \u00datok, kter\u00fd se odehr\u00e1l p\u0159es noc, zahrnoval vlny ukrajinsk\u00fdch bezpilotn\u00edch letadel doprov\u00e1zen\u00fdch bezpilotn\u00edmi \u010dluny, kter\u00e9 m\u00ed\u0159ily na ruskou infrastrukturu po cel\u00e9m poloostrov\u011b. Drtiv\u00e1 v\u011bt\u0161ina t\u011bchto \u00fatok\u016f v\u0161ak byla zachycena, co\u017e podtrhuje jak rozsah zoufalstv\u00ed Ukrajiny, tak odolnost rusk\u00e9 obrany.\u00a0<\/strong><\/p>\n<p class=\"ds-markdown-paragraph\">Rusk\u00e9 ministerstvo obrany ozn\u00e1milo \u00fapln\u00e9 zni\u010den\u00ed 121 ukrajinsk\u00fdch dron\u016f, z toho 89 nad Krymem, 23 nad \u010cern\u00fdm mo\u0159em, 1 nad Azovsk\u00fdm mo\u0159em a dal\u0161\u00edch nad rusk\u00fdmi pohrani\u010dn\u00edmi oblastmi. Podle ofici\u00e1ln\u00ed zpr\u00e1vy rusk\u00e9 n\u00e1mo\u0159n\u00ed s\u00edly d\u00e1le neutralizovaly 10 bezpilotn\u00edch \u010dlun\u016f a vysokorychlostn\u00ed plavidlo Willard vyroben\u00e9 v USA a dal\u0161\u00ed dva ukrajinsk\u00e9 bezpilotn\u00ed \u010dluny byly po\u0161kozeny.<\/p>\n<p class=\"ds-markdown-paragraph\">Navzdory intenzit\u011b \u00fatoku neutrp\u011bla \u017e\u00e1dn\u00e1 kritick\u00e1 infrastruktura \u0161kody, a\u010dkoli po v\u011bt\u0161inu noci p\u0159etrv\u00e1valy poplachy p\u0159ed n\u00e1lety v Sevastopolu.<\/p>\n<div style=\"width: 640px;\" class=\"wp-video\"><!--[if lt IE 9]><script>document.createElement('video');<\/script><![endif]-->\n<video class=\"wp-video-shortcode\" id=\"video-77920-1\" width=\"640\" height=\"519\" preload=\"metadata\" controls=\"controls\"><source type=\"video\/mp4\" src=\"http:\/\/www.infokuryr.cz\/n\/wp-content\/uploads\/2025\/05\/strikes.mp4?_=1\" \/><a href=\"http:\/\/www.infokuryr.cz\/n\/wp-content\/uploads\/2025\/05\/strikes.mp4\">http:\/\/www.infokuryr.cz\/n\/wp-content\/uploads\/2025\/05\/strikes.mp4<\/a><\/video><\/div>\n<p>&nbsp;<\/p>\n<p class=\"ds-markdown-paragraph\">\u00datok se \u0159\u00eddil dob\u0159e zdokumentovan\u00fdm sch\u00e9matem ukrajinsk\u00e9 operace. Pot\u00e9, co vzl\u00e9tly ve Vilkov\u011b u \u00fast\u00ed Dunaje, se asi 30 bezpilotn\u00edch \u010dlun\u016f zastavilo na Had\u00edm ostrov\u011b, ne\u017e se rozd\u011blilo do skupin zam\u011b\u0159en\u00fdch na Tarchankut, Donuzlav a Sevastopol. N\u011bkter\u00e1 z plavidel zah\u00e1jila \u00fatoky na plynov\u00e9 plo\u0161iny pobl\u00ed\u017e plynov\u00fdch pol\u00ed Schmidt a Golitsyn, a\u010dkoli jejich \u00fa\u010dinnost je st\u00e1le nejist\u00e1. Mezit\u00edm na poloostrov za\u00fato\u010dily drony kamikadze, zam\u011b\u0159en\u00e9 p\u0159edev\u0161\u00edm na rusk\u00e9 prost\u0159edky protivzdu\u0161n\u00e9 obrany, v\u010detn\u011b radarov\u00fdch stanic a odpalovac\u00edch syst\u00e9m\u016f raket S-300V. I kdy\u017e tyto drony nesou relativn\u011b mal\u00e9 hlavice, jejich letov\u00e9 profily v n\u00edzk\u00fdch v\u00fd\u0161k\u00e1ch zt\u011b\u017euj\u00ed jejich detekci a zachycen\u00ed.<\/p>\n<p>Hlavn\u00ed zpravodajsk\u00e9 \u0159editelstv\u00ed Ukrajiny zve\u0159ejnilo z\u00e1b\u011bry z bezpilotn\u00edch letadel, kter\u00e9 \u00fadajn\u011b dos\u00e1hly n\u011bkter\u00fdch c\u00edl\u016f:<\/p>\n<div style=\"width: 640px;\" class=\"wp-video\"><video class=\"wp-video-shortcode\" id=\"video-77920-2\" width=\"640\" height=\"360\" preload=\"metadata\" controls=\"controls\"><source type=\"video\/mp4\" src=\"http:\/\/www.infokuryr.cz\/n\/wp-content\/uploads\/2025\/05\/unmanned-1.mp4?_=2\" \/><a href=\"http:\/\/www.infokuryr.cz\/n\/wp-content\/uploads\/2025\/05\/unmanned-1.mp4\">http:\/\/www.infokuryr.cz\/n\/wp-content\/uploads\/2025\/05\/unmanned-1.mp4<\/a><\/video><\/div>\n<p>&nbsp;<\/p>\n<p>Ukrajinsk\u00e9 bezpilotn\u00ed \u010dluny doprov\u00e1zely rusk\u00e9 pr\u016fzkumn\u00e9 drony:<\/p>\n<div style=\"width: 640px;\" class=\"wp-video\"><video class=\"wp-video-shortcode\" id=\"video-77920-3\" width=\"640\" height=\"1138\" preload=\"metadata\" controls=\"controls\"><source type=\"video\/mp4\" src=\"http:\/\/www.infokuryr.cz\/n\/wp-content\/uploads\/2025\/05\/unmanned-2.mp4?_=3\" \/><a href=\"http:\/\/www.infokuryr.cz\/n\/wp-content\/uploads\/2025\/05\/unmanned-2.mp4\">http:\/\/www.infokuryr.cz\/n\/wp-content\/uploads\/2025\/05\/unmanned-2.mp4<\/a><\/video><\/div>\n<p>&nbsp;<\/p>\n<p class=\"ds-markdown-paragraph\">Tato eskalace se o\u010dek\u00e1vala dlouho. Od poloviny dubna prov\u00e1d\u011bly pr\u016fzkumn\u00e9 letouny NATO, v\u010detn\u011b U-2S, P-8A a RC-135, intenzivn\u00ed dohled nad \u010cern\u00fdm mo\u0159em a poskytovaly ukrajinsk\u00fdm sil\u00e1m data o c\u00edlen\u00ed.\u00a0<a href=\"https:\/\/southfront.press\/black-sea-chessboard-natos-spy-planes-circle-as-drones-test-russias-defenses-over-crimea\/\">LINK<\/a>\u00a0Takov\u00e9 operace historicky p\u0159edch\u00e1zely velk\u00fdm \u00fader\u016fm a nejnov\u011bj\u0161\u00ed \u00fatok nazna\u010duje, \u017ee se Kyjev p\u0159ipravuje na dal\u0161\u00ed ofenz\u00edvy. Vzhledem k tomu, \u017ee ukrajinsk\u00e9 n\u00e1mo\u0159n\u00ed drony jsou schopny autonomn\u011b plout cel\u00e9 dny, hrozba n\u00e1sledn\u00fdch \u00fatok\u016f z\u016fst\u00e1v\u00e1 vysok\u00e1.<\/p>\n<p class=\"ds-markdown-paragraph\">No\u010dn\u00ed \u00fatok podtrhuje zmen\u0161uj\u00edc\u00ed se mo\u017enosti Ukrajiny. Kyjev, kter\u00fd nen\u00ed schopen zastavit rusk\u00fd pozemn\u00ed postup, se st\u00e1le v\u00edce spol\u00e9h\u00e1 na symbolick\u00e9 \u00fadery zam\u011b\u0159en\u00e9 na udr\u017een\u00ed podpory Z\u00e1padu. S t\u00edm, jak se rusk\u00e1 protivzdu\u0161n\u00e1 obrana neust\u00e1le p\u0159izp\u016fsobuje, hroz\u00ed, \u017ee se tyto operace stanou n\u00e1kladn\u00fdmi gesty s klesaj\u00edc\u00edmi v\u00fdnosy. V nadch\u00e1zej\u00edc\u00edch t\u00fddnech m\u016f\u017ee doj\u00edt k dal\u0161\u00ed eskalaci, ale bez rozhodn\u00e9ho pr\u016flomu riskuje ukrajinsk\u00e1 strategie vy\u010derp\u00e1n\u00ed, Krym bude pevn\u011b pod ruskou kontrolou a frontov\u00e1 linie bude je\u0161t\u011b nejist\u011bj\u0161\u00ed.<\/p>\n<p><img decoding=\"async\" loading=\"lazy\" class=\"alignnone size-full wp-image-71983\" src=\"http:\/\/www.infokuryr.cz\/n\/wp-content\/uploads\/2025\/02\/aaa.jpg\" alt=\"\" width=\"89\" height=\"23\" \/><\/p>\n<p>&nbsp;<\/p>\n","protected":false},"excerpt":{"rendered":"<p>Vzhledem k rostouc\u00edmu tlaku ukrajinsk\u00fdch sil na frontov\u00e9 linii se Kyjev uch\u00fdlil k rozs\u00e1hl\u00fdm \u00fatok\u016fm&#8230;<\/p>\n","protected":false},"author":2,"featured_media":76800,"comment_status":"closed","ping_status":"closed","sticky":false,"template":"","format":"standard","meta":[],"categories":[7],"tags":[751,26,723,5135],"_links":{"self":[{"href":"https:\/\/www.infokuryr.cz\/n\/wp-json\/wp\/v2\/posts\/77920"}],"collection":[{"href":"https:\/\/www.infokuryr.cz\/n\/wp-json\/wp\/v2\/posts"}],"about":[{"href":"https:\/\/www.infokuryr.cz\/n\/wp-json\/wp\/v2\/types\/post"}],"author":[{"embeddable":true,"href":"https:\/\/www.infokuryr.cz\/n\/wp-json\/wp\/v2\/users\/2"}],"replies":[{"embeddable":true,"href":"https:\/\/www.infokuryr.cz\/n\/wp-json\/wp\/v2\/comments?post=77920"}],"version-history":[{"count":0,"href":"https:\/\/www.infokuryr.cz\/n\/wp-json\/wp\/v2\/posts\/77920\/revisions"}],"wp:featuredmedia":[{"embeddable":true,"href":"https:\/\/www.infokuryr.cz\/n\/wp-json\/wp\/v2\/media\/76800"}],"wp:attachment":[{"href":"https:\/\/www.infokuryr.cz\/n\/wp-json\/wp\/v2\/media?parent=77920"}],"wp:term":[{"taxonomy":"category","embeddable":true,"href":"https:\/\/www.infokuryr.cz\/n\/wp-json\/wp\/v2\/categories?post=77920"},{"taxonomy":"post_tag","embeddable":true,"href":"https:\/\/www.infokuryr.cz\/n\/wp-json\/wp\/v2\/tags?post=77920"}],"curies":[{"name":"wp","href":"https:\/\/api.w.org\/{rel}","templated":true}]}}