{"id":77918,"date":"2025-05-04T00:21:20","date_gmt":"2025-05-03T22:21:20","guid":{"rendered":"https:\/\/www.infokuryr.cz\/n\/?p=77918"},"modified":"2025-05-03T09:20:27","modified_gmt":"2025-05-03T07:20:27","slug":"izrael-zautocil-na-flotilu-s-humanitarni-pomoci-pro-gazu","status":"publish","type":"post","link":"https:\/\/www.infokuryr.cz\/n\/2025\/05\/04\/izrael-zautocil-na-flotilu-s-humanitarni-pomoci-pro-gazu\/","title":{"rendered":"Izrael za\u00fato\u010dil na flotilu s humanit\u00e1rn\u00ed pomoc\u00ed pro Gazu"},"content":{"rendered":"<div id=\"fb-root\"><\/div>\n<p><strong><span>Lo\u010f s humanit\u00e1rn\u00ed pomoc\u00ed a aktivisty sm\u011b\u0159uj\u00edc\u00edmi do p\u00e1sma Gazy byla v noci z 1. na 2. kv\u011btna napadena drony v mezin\u00e1rodn\u00edch vod\u00e1ch u pob\u0159e\u017e\u00ed Malty, uvedla propalestinsk\u00e1 aktivistick\u00e1 skupina The Freedom Flotilla Coalition.<\/span><\/strong><\/p>\n<p><em>\u201eLo\u010f Conscience, kter\u00e1 pat\u0159\u00ed do koalice Freedom Flotilla, se stala ter\u010dem p\u0159\u00edm\u00e9ho \u00fatoku v mezin\u00e1rodn\u00edch vod\u00e1ch,\u201c uvedla skupina ve sv\u00e9m prohl\u00e1\u0161en\u00ed.<\/em><\/p>\n<p><em>\u201eKoalice Freedom Flotilla organizovala nen\u00e1silnou akci za medi\u00e1ln\u00edho utajen\u00ed, aby se zabr\u00e1nilo jak\u00e9koli potenci\u00e1ln\u00ed sabot\u00e1\u017ei. Dobrovoln\u00edci z v\u00edce ne\u017e 21 zem\u00ed, v\u010detn\u011b v\u00fdznamn\u00fdch osobnost\u00ed, cestovali na Maltu, aby se nalodili na misi v Gaze,\u201c pokra\u010dovalo v zpr\u00e1v\u011b.<\/em><\/p>\n<p><em>\u201eR\u00e1no v den pl\u00e1novan\u00e9ho odplut\u00ed byla lo\u010f napadena. Ozbrojen\u00e9 drony dvakr\u00e1t za\u00fato\u010dily na p\u0159edn\u00ed \u010d\u00e1st neozbrojen\u00e9 civiln\u00ed lodi, co\u017e zp\u016fsobilo po\u017e\u00e1r a zna\u010dn\u00e9 po\u0161kozen\u00ed trupu. Posledn\u00ed komunikace z \u010dasn\u00fdch rann\u00edch hodin 2. kv\u011btna nazna\u010dovala, \u017ee drony st\u00e1le krou\u017e\u00ed kolem lodi,\u201c dodala skupina.<\/em><\/p>\n<p><span>Lo\u010f okam\u017eit\u011b vydala t\u00eds\u0148ov\u00e9 vol\u00e1n\u00ed SOS, na kter\u00e9 Kypr reagoval vysl\u00e1n\u00edm plavidla, uvedla skupina.<\/span><\/p>\n<p><em>\u201eZd\u00e1 se, \u017ee \u00fatok dronu byl \u00famysln\u011b zam\u011b\u0159en na gener\u00e1tor lodi, \u010d\u00edm\u017e pos\u00e1dka z\u016fstala bez proudu a plavidlo bylo vystaveno velk\u00e9mu riziku potopen\u00ed,\u201c uvedla skupina.<\/em><\/p>\n<p><span>Skupina d\u00e1le obvinila Maltu z poru\u0161en\u00ed mezin\u00e1rodn\u00edho oby\u010dejov\u00e9ho pr\u00e1va t\u00edm, \u017ee neposlala pomoc po\u0161kozen\u00e9 lodi.<\/span><\/p>\n<p><span>Maltsk\u00e1 vl\u00e1da tato tvrzen\u00ed odm\u00edtla a ve sv\u00e9m prohl\u00e1\u0161en\u00ed uvedla, \u017ee do oblasti byl vysl\u00e1n remork\u00e9r, kter\u00fd po\u017e\u00e1r dostal pod kontrolu.<\/span><\/p>\n<p><iframe loading=\"lazy\" src=\"https:\/\/s5.cdnstatic.space\/wp-content\/uploads\/2025\/05\/ssstwitter.com_1746154361554.mp4\" width=\"600\" height=\"338\" data-mce-fragment=\"1\"><\/iframe><\/p>\n<p><span>Koalice Freedom Flotilla obvinila z \u00fatoku Izrael a ve sv\u00e9m prohl\u00e1\u0161en\u00ed uvedla: \u201eIzrael\u0161t\u00ed velvyslanci mus\u00ed b\u00fdt p\u0159edvol\u00e1ni a odpov\u00eddat na poru\u0161ov\u00e1n\u00ed mezin\u00e1rodn\u00edho pr\u00e1va, v\u010detn\u011b prob\u00edhaj\u00edc\u00ed blok\u00e1dy a bombardov\u00e1n\u00ed na\u0161\u00ed civiln\u00ed lodi v mezin\u00e1rodn\u00edch vod\u00e1ch.\u201c<\/span><\/p>\n<p><span>Izrael ml\u010del. Vojensk\u00fd zpravodaj den\u00edku Jediot Ahronoth Josi Jeho\u0161ua v\u0161ak nazna\u010dil, \u017ee za \u00fatokem skute\u010dn\u011b stoj\u00ed Izrael.<\/span><\/p>\n<p><em>\u201eN\u011bkte\u0159\u00ed definuj\u00ed lo\u010f napadenou u Malty jako lo\u010f napojenou na Ham\u00e1s a tvrd\u00ed, \u017ee se jednalo o sofistikovan\u00fd leteck\u00fd \u00fatok,\u201c napsal na soci\u00e1ln\u00ed s\u00edti X.<\/em><\/p>\n<p><span>Izraelsk\u00e1 v\u00e1lka v Gaze, kterou vyvolal p\u0159ekvapiv\u00fd \u00fatok veden\u00fd Ham\u00e1sem 7. \u0159\u00edjna 2023, si dosud vy\u017e\u00e1dala \u017eivoty v\u00edce ne\u017e 52 000 Palestinc\u016f.<\/span><\/p>\n<p><span>V b\u0159eznu Izrael omezil pomoc P\u00e1smu a ignoroval tak dohodu o p\u0159\u00edm\u011b\u0159\u00ed, kterou v lednu zprost\u0159edkovaly Spojen\u00e9 st\u00e1ty, Egypt a Katar. Kr\u00e1tce pot\u00e9 obnovil ofenz\u00edvu proti Ham\u00e1su. B\u011bhem n\u011bkolika t\u00fddn\u016f izraelsk\u00e9 jednotky obsadily 30 % enkl\u00e1vy a zahnaly v\u00edce ne\u017e dva miliony Palestinc\u016f do poloizolovan\u00fdch oblast\u00ed bez funk\u010dn\u00ed infrastruktury a dostate\u010dn\u00e9 pomoci.<\/span><\/p>\n<p><span>St\u00e1t Koalice Svobodn\u00e9 flotily uvedl, \u017ee lo\u010f, kter\u00e1 byla napadena, m\u011bla za \u00fakol \u201ezpochybnit nez\u00e1konn\u00e9 a smrt\u00edc\u00ed obl\u00e9h\u00e1n\u00ed Gazy ze strany Izraele a doru\u010dit zoufale pot\u0159ebnou pomoc, kter\u00e1 zachra\u0148uje \u017eivoty\u201c.<\/span><\/p>\n<p><img decoding=\"async\" loading=\"lazy\" class=\"alignnone size-full wp-image-71983\" src=\"http:\/\/www.infokuryr.cz\/n\/wp-content\/uploads\/2025\/02\/aaa.jpg\" alt=\"\" width=\"89\" height=\"23\" \/><\/p>\n<p>&nbsp;<\/p>\n","protected":false},"excerpt":{"rendered":"<p>Lo\u010f s humanit\u00e1rn\u00ed pomoc\u00ed a aktivisty sm\u011b\u0159uj\u00edc\u00edmi do p\u00e1sma Gazy byla v noci z 1&#8230;.<\/p>\n","protected":false},"author":2,"featured_media":77919,"comment_status":"closed","ping_status":"closed","sticky":false,"template":"","format":"standard","meta":[],"categories":[7],"tags":[2669,107,697,723,889],"_links":{"self":[{"href":"https:\/\/www.infokuryr.cz\/n\/wp-json\/wp\/v2\/posts\/77918"}],"collection":[{"href":"https:\/\/www.infokuryr.cz\/n\/wp-json\/wp\/v2\/posts"}],"about":[{"href":"https:\/\/www.infokuryr.cz\/n\/wp-json\/wp\/v2\/types\/post"}],"author":[{"embeddable":true,"href":"https:\/\/www.infokuryr.cz\/n\/wp-json\/wp\/v2\/users\/2"}],"replies":[{"embeddable":true,"href":"https:\/\/www.infokuryr.cz\/n\/wp-json\/wp\/v2\/comments?post=77918"}],"version-history":[{"count":0,"href":"https:\/\/www.infokuryr.cz\/n\/wp-json\/wp\/v2\/posts\/77918\/revisions"}],"wp:featuredmedia":[{"embeddable":true,"href":"https:\/\/www.infokuryr.cz\/n\/wp-json\/wp\/v2\/media\/77919"}],"wp:attachment":[{"href":"https:\/\/www.infokuryr.cz\/n\/wp-json\/wp\/v2\/media?parent=77918"}],"wp:term":[{"taxonomy":"category","embeddable":true,"href":"https:\/\/www.infokuryr.cz\/n\/wp-json\/wp\/v2\/categories?post=77918"},{"taxonomy":"post_tag","embeddable":true,"href":"https:\/\/www.infokuryr.cz\/n\/wp-json\/wp\/v2\/tags?post=77918"}],"curies":[{"name":"wp","href":"https:\/\/api.w.org\/{rel}","templated":true}]}}