{"id":77900,"date":"2025-05-04T00:12:50","date_gmt":"2025-05-03T22:12:50","guid":{"rendered":"https:\/\/www.infokuryr.cz\/n\/?p=77900"},"modified":"2025-05-03T09:39:29","modified_gmt":"2025-05-03T07:39:29","slug":"10-otazek-o-vakcinach-proti-covidu-na-ktere-stale-nemohou-odpovedet","status":"publish","type":"post","link":"https:\/\/www.infokuryr.cz\/n\/2025\/05\/04\/10-otazek-o-vakcinach-proti-covidu-na-ktere-stale-nemohou-odpovedet\/","title":{"rendered":"10 ot\u00e1zek o vakc\u00edn\u00e1ch proti covidu, na kter\u00e9 st\u00e1le nemohou odpov\u011bd\u011bt"},"content":{"rendered":"<div id=\"fb-root\"><\/div>\n<div class=\"elementor-element elementor-element-1fb4c2c elementor-widget elementor-widget-theme-post-content\" data-id=\"1fb4c2c\" data-element_type=\"widget\" data-widget_type=\"theme-post-content.default\">\n<div class=\"elementor-widget-container\">\n<p><strong>St\u00e1le \u010dek\u00e1me.<\/strong><\/p>\n<p>Zat\u00edmco se Robert F. Kennedy Jr. usazuje ve sv\u00e9 roli ministra zdravotnictv\u00ed a soci\u00e1ln\u00edch slu\u017eeb a vede hnut\u00ed \u201eMake America Healthy Again\u201c (Ud\u011blejme Ameriku znovu zdravou), ve\u0159ejn\u00e1 kontrola vakc\u00edn proti covidu-19 z\u016fst\u00e1v\u00e1 intenzivn\u00ed.<\/p>\n<p>Navzdory slib\u016fm o transparentnosti a reform\u00e1ch z\u016fst\u00e1vaj\u00ed d\u016fle\u017eit\u00e9 ot\u00e1zky t\u00fdkaj\u00edc\u00ed se zran\u011bn\u00ed zp\u016fsoben\u00fdch o\u010dkov\u00e1n\u00edm a souvisej\u00edc\u00edch probl\u00e9m\u016f v r\u00e1mci HHS a \u0161ir\u0161\u00ed agendy MAHA ne\u0159e\u0161eny.<\/p>\n<p>Zde je 10 kl\u00ed\u010dov\u00fdch ot\u00e1zek, kter\u00e9 st\u00e1le vy\u017eaduj\u00ed objasn\u011bn\u00ed a vych\u00e1zej\u00ed z dolo\u017een\u00fdch obav a p\u0159etrv\u00e1vaj\u00edc\u00edch nejistot.<\/p>\n<h2 class=\"wp-block-heading has-medium-font-size\">1. Jak\u00fd je skute\u010dn\u00fd objem ne\u017e\u00e1douc\u00edch \u00fa\u010dink\u016f hl\u00e1\u0161en\u00fdch syst\u00e9mu VAERS?<\/h2>\n<p>Syst\u00e9m hl\u00e1\u0161en\u00ed ne\u017e\u00e1douc\u00edch \u00fa\u010dink\u016f vakc\u00edn, spravovan\u00fd CDC a FDA, zaznamenal do b\u0159ezna 2025 p\u0159es 1 milion hl\u00e1\u0161en\u00ed o ne\u017e\u00e1douc\u00edch \u00fa\u010dinc\u00edch po o\u010dkov\u00e1n\u00ed proti Covid-19, v\u010detn\u011b hospitalizac\u00ed, posti\u017een\u00ed a \u00famrt\u00ed.<\/p>\n<p>Studie Agentury pro v\u00fdzkum a kvalitu zdravotn\u00ed p\u00e9\u010de z roku 2010 odhadla, \u017ee VAERS zachycuje m\u00e9n\u011b ne\u017e 1 % skute\u010dn\u00fdch ne\u017e\u00e1douc\u00edch \u00fa\u010dink\u016f, co\u017e nazna\u010duje zna\u010dn\u00e9 nedostate\u010dn\u00e9 hl\u00e1\u0161en\u00ed. HHS neposkytlo aktualizovan\u00e9 odhady m\u00edry detekce syst\u00e9mu a nepl\u00e1nuje p\u0159ezkoumat celkov\u00fd po\u010det incident\u016f.<\/p>\n<h2 class=\"wp-block-heading has-medium-font-size\">2. Pro\u010d nejsou p\u0159\u00edpady myokarditidy u mlad\u00fdch mu\u017e\u016f pln\u011b vy\u0161et\u0159ov\u00e1ny?<\/h2>\n<p>CDC uznalo zv\u00fd\u0161en\u00e9 riziko myokarditidy a perikarditidy, zejm\u00e9na u mlad\u00fdch mu\u017e\u016f, po o\u010dkov\u00e1n\u00ed mRNA proti Covid-19. Studie z roku 2022 publikovan\u00e1 v \u010dasopise JAMA uv\u00e1d\u00ed incidenci 1 z 2 000 u mu\u017e\u016f ve v\u011bku 16 a\u017e 24 let po druh\u00e9 d\u00e1vce.<\/p>\n<p>Nebyly publikov\u00e1ny \u017e\u00e1dn\u00e9 komplexn\u00ed dlouhodob\u00e9 studie, kter\u00e9 by sledovaly v\u00fdsledky u posti\u017een\u00fdch jedinc\u016f, a HHS nep\u0159edlo\u017eila pl\u00e1ny pro takov\u00e9 studie.<\/p>\n<h2 class=\"wp-block-heading has-medium-font-size\">3. Kolik \u0161kod je kompenzov\u00e1no v r\u00e1mci VICP nebo CICP?<\/h2>\n<p>N\u00e1rodn\u00ed program od\u0161kodn\u011bn\u00ed za \u00farazy zp\u016fsoben\u00e9 o\u010dkov\u00e1n\u00edm nehrad\u00ed vakc\u00edny proti COVID-19, tak\u017ee se \u017eadatel\u00e9 mus\u00ed obr\u00e1tit na program od\u0161kodn\u011bn\u00ed za \u00farazy z protiopat\u0159en\u00ed, kter\u00fd k \u00fanoru 2025 zpracoval m\u00e9n\u011b ne\u017e 10 % z v\u00edce ne\u017e 13 000 podan\u00fdch \u017e\u00e1dost\u00ed a schv\u00e1lil od\u0161kodn\u011bn\u00ed pouze v 51 p\u0159\u00edpadech.<\/p>\n<p>Ministerstvo zdravotnictv\u00ed a soci\u00e1ln\u00edch slu\u017eeb se k odklad\u016fm nevyj\u00e1d\u0159ilo ani nenavrhlo \u017e\u00e1dn\u00e9 reformy k urychlen\u00ed nebo roz\u0161\u00ed\u0159en\u00ed od\u0161kodn\u011bn\u00ed za \u00fadajn\u00e1 zran\u011bn\u00ed zp\u016fsoben\u00e1 o\u010dkov\u00e1n\u00edm.<\/p>\n<h2 class=\"wp-block-heading has-medium-font-size\">4. Co zp\u016fsobilo n\u00e1r\u016fst neurologick\u00fdch poruch po o\u010dkov\u00e1n\u00ed?<\/h2>\n<p>Do za\u010d\u00e1tku roku 2025 bylo VAERS hl\u00e1\u0161eno p\u0159es 25 000 p\u0159\u00edpad\u016f neurologick\u00fdch probl\u00e9m\u016f, jako je syndrom Guillain-Barr\u00e9 a z\u00e1chvaty po o\u010dkov\u00e1n\u00ed proti covidu-19.<\/p>\n<p>Studie z roku 2023 v \u010dasopise Neurology nazna\u010dila potenci\u00e1ln\u00ed sign\u00e1l zv\u00fd\u0161en\u00e9ho rizika syndromu Guillain-Barr\u00e9 u n\u011bkter\u00fdch vakc\u00edn, ale \u017e\u00e1dn\u00fd rozs\u00e1hl\u00fd v\u00fdzkum veden\u00fd HHS neobjasnil kauzalitu ani prevalenci.<\/p>\n<div class=\"wp-block-image\">\n<figure class=\"aligncenter size-large\"><img decoding=\"async\" loading=\"lazy\" class=\"aligncenter\" src=\"https:\/\/i0.wp.com\/substackcdn.com\/image\/fetch\/w_1456%2Cc_limit%2Cf_auto%2Cq_auto%3Agood%2Cfl_progressive%3Asteep\/https%3A%2F%2Fsubstack-post-media.s3.amazonaws.com%2Fpublic%2Fimages%2Fbc440122-a62a-450e-927b-4748594d810d_900x920.png?w=800&amp;ssl=1\" alt=\"\" width=\"584\" height=\"596\" data-recalc-dims=\"1\" \/><\/figure>\n<\/div>\n<h2 class=\"wp-block-heading has-medium-font-size\">5. Jsou \u00famrt\u00ed souvisej\u00edc\u00ed s o\u010dkov\u00e1n\u00edm p\u0159esn\u011b zaznamen\u00e1v\u00e1na?<\/h2>\n<p>Data VAERS do b\u0159ezna 2025 uv\u00e1d\u011bj\u00ed p\u0159es 20 000 \u00famrt\u00ed hl\u00e1\u0161en\u00fdch po o\u010dkov\u00e1n\u00ed proti Covid-19, a\u010dkoli kauz\u00e1ln\u00ed souvislost nebyla potvrzena. CDC uv\u00e1d\u00ed, \u017ee neexistuje jasn\u00e1 souvislost mezi o\u010dkov\u00e1n\u00edm a \u00famrtnost\u00ed, ale nebylo provedeno \u017e\u00e1dn\u00e9 nez\u00e1visl\u00e9 a transparentn\u00ed p\u0159ezkoum\u00e1n\u00ed t\u011bchto zpr\u00e1v. HHS neozn\u00e1mila \u017e\u00e1dn\u00e9 iniciativy k systematick\u00e9mu p\u0159ezkoum\u00e1n\u00ed t\u011bchto p\u0159\u00edpad\u016f.<\/p>\n<h2 class=\"wp-block-heading has-medium-font-size\">6. Pro\u010d neexistuje ve\u0159ejn\u00e1 datab\u00e1ze dlouhodob\u00fdch vedlej\u0161\u00edch \u00fa\u010dink\u016f?<\/h2>\n<p>Neexistuje \u017e\u00e1dn\u00e1 centr\u00e1ln\u00ed, ve\u0159ejn\u011b p\u0159\u00edstupn\u00e1 datab\u00e1ze, kter\u00e1 by sledovala dlouhodob\u00e9 vedlej\u0161\u00ed \u00fa\u010dinky vakc\u00edn proti Covid-19, a\u010dkoliv z\u00e1jmov\u00e9 skupiny po takov\u00e9m zdroji volaj\u00ed.<\/p>\n<p>Syst\u00e9m V-Safe Centra pro kontrolu a prevenci nemoc\u00ed (CDC), kter\u00fd shroma\u017e\u010foval zdravotn\u00ed \u00fadaje po o\u010dkov\u00e1n\u00ed, p\u0159estal v roce 2023 p\u0159ij\u00edmat nov\u00e9 zpr\u00e1vy a jeho data z\u016fst\u00e1vaj\u00ed \u010d\u00e1ste\u010dn\u011b omezen\u00e1. HHS nenavrhla nahradit ani roz\u0161\u00ed\u0159it dlouhodob\u00fd dohled.<\/p>\n<h2 class=\"wp-block-heading has-medium-font-size\">7. Jak\u00fd je stav studi\u00ed vylu\u010dov\u00e1n\u00ed vakc\u00edny?<\/h2>\n<p>Existuj\u00ed obavy z p\u0159enosu vir\u016f nebo protein\u016f z o\u010dkovan\u00fdch na neo\u010dkovan\u00e9 osoby. Men\u0161\u00ed studie, jako nap\u0159\u00edklad preprint MIT z roku 2021, nazna\u010duj\u00ed mo\u017en\u00fd p\u0159enos spike proteinu.<\/p>\n<p>Nebyly provedeny \u017e\u00e1dn\u00e9 rozs\u00e1hl\u00e9 studie a HHS se nevyj\u00e1d\u0159ila k tomu, zda bude tento jev zkoumat.<\/p>\n<h2 class=\"wp-block-heading has-medium-font-size\">8. Pro\u010d nejsou obavy t\u00fdkaj\u00edc\u00ed se plodnosti pln\u011b prozkoum\u00e1ny?<\/h2>\n<p>Studie VAERS obsahuje v\u00edce ne\u017e 4 000 hl\u00e1\u0161en\u00ed o menstrua\u010dn\u00edch poruch\u00e1ch a komplikac\u00edch v t\u011bhotenstv\u00ed po o\u010dkov\u00e1n\u00ed do b\u0159ezna 2025. Studie z roku 2024 v \u010dasopise Fertility and Sterility nezjistila \u017e\u00e1dn\u00e9 v\u00fdznamn\u00e9 \u00fa\u010dinky na plodnost, ale neexistuj\u00ed \u017e\u00e1dn\u00e9 rozs\u00e1hl\u00e9 studie financovan\u00e9 HHS, kter\u00e9 by zkoumaly dlouhodob\u00e9 \u00fa\u010dinky na reproduk\u010dn\u00ed v\u00fdkonnost.<\/p>\n<p>Ministerstvo toto t\u00e9ma ve sv\u00e9m v\u00fdzkumn\u00e9m programu neup\u0159ednostnilo.<\/p>\n<h2 class=\"wp-block-heading has-medium-font-size\">9. Jak lze vysv\u011btlit n\u00e1r\u016fst onemocn\u011bn\u00ed souvisej\u00edc\u00edch s imunitou?<\/h2>\n<p>Kazuistiky a data VAERS nazna\u010duj\u00ed p\u0159\u00edpady autoimunitn\u00edch onemocn\u011bn\u00ed, jako je lupus a revmatoidn\u00ed artritida, po o\u010dkov\u00e1n\u00ed proti Covid-19, p\u0159i\u010dem\u017e studie z roku 2023 v Autoimmunity Reviews nazna\u010duje mo\u017enou souvislost ve vz\u00e1cn\u00fdch p\u0159\u00edpadech.<\/p>\n<p>HHS nezah\u00e1jila rozs\u00e1hl\u00e9 studie, kter\u00e9 by tyto ud\u00e1losti kvantifikovaly nebo vysv\u011btlily, tak\u017ee z\u016fst\u00e1vaj\u00ed ot\u00e1zky ohledn\u011b \u00fa\u010dink\u016f na imunitn\u00ed syst\u00e9m.<\/p>\n<h2 class=\"wp-block-heading has-medium-font-size\">10. Jak bude HHS \u0159e\u0161it ned\u016fv\u011bru v \u00fadaje o bezpe\u010dnosti vakc\u00edn?<\/h2>\n<p>Pr\u016fzkumy ve\u0159ejn\u00e9ho m\u00edn\u011bn\u00ed, v\u010detn\u011b pr\u016fzkumu Gallupova institutu z roku 2025, ukazuj\u00ed, \u017ee 40 % Ameri\u010dan\u016f ned\u016fv\u011b\u0159uje bezpe\u010dnosti vakc\u00edn proti covidu-19, co\u017e je umocn\u011bno vn\u00edman\u00fdm nedostatkem transparentnosti.<\/p>\n<p>Kennedy sl\u00edbil \u201eradik\u00e1ln\u00ed transparentnost\u201c, ale bl\u00ed\u017ee neuvedl, jak HHS zve\u0159ejn\u00ed nezpracovan\u00e1 data nebo zapoj\u00ed nez\u00e1visl\u00e9 v\u00fdzkumn\u00edky do obnoven\u00ed d\u016fv\u011bry. Nebyla ozn\u00e1mena \u017e\u00e1dn\u00e1 konkr\u00e9tn\u00ed opat\u0159en\u00ed, kter\u00e1 by m\u011bla \u010delit skepsi ve\u0159ejnosti.<\/p>\n<p>Tyto nezodpov\u011bzen\u00e9 ot\u00e1zky zd\u016fraz\u0148uj\u00ed mezery v sou\u010dasn\u00e9m ch\u00e1p\u00e1n\u00ed bezpe\u010dnosti vakc\u00edn proti Covid-19 a hl\u00e1\u0161en\u00ed o zran\u011bn\u00edch zp\u016fsoben\u00fdch o\u010dkov\u00e1n\u00edm, a to i p\u0159esto, \u017ee Kennedyho HHS pokra\u010duje ve sv\u00fdch iniciativ\u00e1ch MAHA.<\/p>\n<p>Po\u010d\u00e1te\u010dn\u00ed opat\u0159en\u00ed ministerstva, v\u010detn\u011b sni\u017eov\u00e1n\u00ed po\u010dtu zam\u011bstnanc\u016f a restrukturalizace poradn\u00edch org\u00e1n\u016f, vyvolala obavy ohledn\u011b jeho schopnosti tyto probl\u00e9my \u0159e\u0161it.<\/p>\n<p>Do dubna 2025 bylo zru\u0161eno v\u00edce ne\u017e 10 000 pozic v agentur\u00e1ch HHS, v\u010detn\u011b CDC, FDA a NIH, co\u017e potenci\u00e1ln\u011b zat\u011b\u017euje zdroje pro v\u00fdzkum bezpe\u010dnosti vakc\u00edn.<\/p>\n<p>Kennedyho zam\u011b\u0159en\u00ed na chronick\u00e1 onemocn\u011bn\u00ed a transparentnost rezonuje s jeho p\u0159\u00edznivci, ale jeho kritici tvrd\u00ed, \u017ee jeho d\u0159\u00edv\u011bj\u0161\u00ed skepticismus ohledn\u011b o\u010dkov\u00e1n\u00ed by mohl zkomplikovat snahy o poskytnut\u00ed jasn\u00fdch odpov\u011bd\u00ed.<\/p>\n<p>B\u011bhem sly\u0161en\u00ed o potvrzen\u00ed sv\u00e9 kandidatury se vyh\u00fdbal p\u0159\u00edm\u00e9mu odvol\u00e1n\u00ed p\u0159edchoz\u00edch tvrzen\u00ed spojuj\u00edc\u00edch vakc\u00edny s autismem a jeho ned\u00e1vn\u00e1 podpora vakc\u00edny MMR vyvolala odpor hnut\u00ed MAHA.<\/p>\n<p>Dodr\u017e\u00ed RFK Jr. sv\u00e9 slovo? Budou kone\u010dn\u011b pro\u0161et\u0159ovat nebezpe\u010d\u00ed o\u010dkov\u00e1n\u00ed? Tyto ot\u00e1zky jsou st\u00e1le otev\u0159en\u00e9.<\/p>\n<p>Nedostatek pokroku v t\u011bchto deseti ot\u00e1zk\u00e1ch riskuje odcizen\u00ed velk\u00e9 \u010d\u00e1sti MAHA, zejm\u00e9na s ohledem na prob\u00edhaj\u00edc\u00ed epidemii spalni\u010dek v Texasu, kde n\u00edzk\u00e1 m\u00edra proo\u010dkovanosti vedla ke dv\u011bma \u00famrt\u00edm a v\u00edce ne\u017e 300 naka\u017een\u00fdm.<\/p>\n<p>Schopnost HHS poskytovat transparentnost a spolehliv\u00e9 v\u011bdeck\u00e9 poznatky sl\u00edben\u00e9 RFK bude pro \u0159e\u0161en\u00ed t\u011bchto obav kl\u00ed\u010dov\u00e1.<\/p>\n<p>Do t\u00e9 doby ve\u0159ejnost \u010dek\u00e1 na odpov\u011bdi na ot\u00e1zky, kter\u00e9 z\u016fst\u00e1vaj\u00ed od zaveden\u00ed o\u010dkov\u00e1n\u00ed nezodpov\u011bzeny a na kter\u00e9 se nenach\u00e1z\u00ed \u017e\u00e1dn\u00e9 jasn\u00e9 \u0159e\u0161en\u00ed.<\/p>\n<p><em>Od Dallase Ludluma<\/em><\/p>\n<\/div>\n<\/div>\n<div class=\"elementor-element elementor-element-8c57238 quelle dc-has-condition dc-condition-empty elementor-widget elementor-widget-heading\" data-id=\"8c57238\" data-element_type=\"widget\" data-widget_type=\"heading.default\">\n<div class=\"elementor-widget-container\">\n<h3 class=\"elementor-heading-title elementor-size-default\"><span style=\"font-size: 10pt;\"><a href=\"https:\/\/www.slightlyoffensive.com\/questions-they-still-cant-answer-about-the-covid-vaccines\/\" target=\"_blank\" rel=\"nofollow noopener\">Zdroj<\/a><\/span><\/h3>\n<p>&nbsp;<\/p>\n<\/div>\n<\/div>\n","protected":false},"excerpt":{"rendered":"<p>St\u00e1le \u010dek\u00e1me. Zat\u00edmco se Robert F. Kennedy Jr. usazuje ve sv\u00e9 roli ministra zdravotnictv\u00ed a&#8230;<\/p>\n","protected":false},"author":2,"featured_media":65755,"comment_status":"closed","ping_status":"closed","sticky":false,"template":"","format":"standard","meta":[],"categories":[7],"tags":[4302,651,21],"_links":{"self":[{"href":"https:\/\/www.infokuryr.cz\/n\/wp-json\/wp\/v2\/posts\/77900"}],"collection":[{"href":"https:\/\/www.infokuryr.cz\/n\/wp-json\/wp\/v2\/posts"}],"about":[{"href":"https:\/\/www.infokuryr.cz\/n\/wp-json\/wp\/v2\/types\/post"}],"author":[{"embeddable":true,"href":"https:\/\/www.infokuryr.cz\/n\/wp-json\/wp\/v2\/users\/2"}],"replies":[{"embeddable":true,"href":"https:\/\/www.infokuryr.cz\/n\/wp-json\/wp\/v2\/comments?post=77900"}],"version-history":[{"count":0,"href":"https:\/\/www.infokuryr.cz\/n\/wp-json\/wp\/v2\/posts\/77900\/revisions"}],"wp:featuredmedia":[{"embeddable":true,"href":"https:\/\/www.infokuryr.cz\/n\/wp-json\/wp\/v2\/media\/65755"}],"wp:attachment":[{"href":"https:\/\/www.infokuryr.cz\/n\/wp-json\/wp\/v2\/media?parent=77900"}],"wp:term":[{"taxonomy":"category","embeddable":true,"href":"https:\/\/www.infokuryr.cz\/n\/wp-json\/wp\/v2\/categories?post=77900"},{"taxonomy":"post_tag","embeddable":true,"href":"https:\/\/www.infokuryr.cz\/n\/wp-json\/wp\/v2\/tags?post=77900"}],"curies":[{"name":"wp","href":"https:\/\/api.w.org\/{rel}","templated":true}]}}