{"id":77886,"date":"2025-05-03T05:15:53","date_gmt":"2025-05-03T03:15:53","guid":{"rendered":"https:\/\/www.infokuryr.cz\/n\/?p=77886"},"modified":"2025-05-03T05:15:53","modified_gmt":"2025-05-03T03:15:53","slug":"euronacismus-dosahuje-v-eu-vrcholu-pote-co-americke-ministerstvo-zahranici-oznamilo","status":"publish","type":"post","link":"https:\/\/www.infokuryr.cz\/n\/2025\/05\/03\/euronacismus-dosahuje-v-eu-vrcholu-pote-co-americke-ministerstvo-zahranici-oznamilo\/","title":{"rendered":"Euronacismus dosahuje v EU vrcholu pot\u00e9, co americk\u00e9 ministerstvo zahrani\u010d\u00ed ozn\u00e1milo &#8230;"},"content":{"rendered":"<div id=\"fb-root\"><\/div>\n<h4>Euronacismus dosahuje v EU vrcholu pot\u00e9, co americk\u00e9 ministerstvo zahrani\u010d\u00ed ozn\u00e1milo, \u017ee se stahuje z m\u00edrov\u00e9ho procesu v Evrop\u011b a kon\u010d\u00ed s rol\u00ed zprost\u0159edkovatele mezi Moskvou a Kyjevem!\u00a0N\u011bmeck\u00e1 kontrarozv\u011bdka ozna\u010dila AfD za extr\u00e9mistickou stranu a zah\u00e1jila sank\u010dn\u00ed \u0159\u00edzen\u00ed proti st\u00e1tn\u00edm zam\u011bstnanc\u016fm, kte\u0159\u00ed jsou \u010dleny AfD! Model by se mohl okop\u00edrovat i do sousedn\u00edch zem\u00ed proti opozi\u010dn\u00edm stran\u00e1m!<\/h4>\n<p>M\u00edrov\u00e9 \u00fasil\u00ed Donalda Trumpa o urovn\u00e1n\u00ed v\u00e1lky na Ukrajin\u011b z\u0159ejm\u011b definitivn\u011b selhalo. Mluv\u010d\u00ed americk\u00e9ho ministerstva zahrani\u010d\u00ed Tammy Bruce to ozn\u00e1mila b\u011bhem tiskov\u00e9 konference, \u017ee USA kon\u010d\u00ed s rol\u00ed zprost\u0159edkovatele m\u00edrov\u00fdch jedn\u00e1n\u00ed v Evrop\u011b a od t\u00e9to chv\u00edle je to u\u017e jenom na Rusku a Ukrajin\u011b, aby na\u0161ly spole\u010dnou dohodu.<\/p>\n<p><strong>Podle pozorovatel\u016f je to sign\u00e1l, \u017ee USA dos\u00e1hly maxima mo\u017en\u00e9ho v konfliktu na Ukrajin\u011b, a to je podpis surovinov\u00e9 dohody.<\/strong>\u00a0Nic dal\u0161\u00edho u\u017e zjevn\u011b nejde dos\u00e1hnout, a proto USA oznamuj\u00ed konec sv\u00e9 zprost\u0159edkovatelsk\u00e9 role. Podle informac\u00ed ale d\u00e1le prob\u00edhaj\u00ed jedn\u00e1n\u00ed mezi americk\u00fdmi a rusk\u00fdmi diplomaty, ale u\u017e ne na t\u00e9ma Ukrajiny, ale pouze o bilater\u00e1ln\u00edch v\u011bcech a obchodech mezi sebou.<\/p>\n<p>&nbsp;<\/p>\n<div id=\"rumble_v6qoewt\">\n<div id=\"vid_v6qoewt\" class=\"rumble_v6qoewt-Rumble-cls\" tabindex=\"-1\">\n<div class=\"bigPlayUI ctp\"><div class='videoWrapper'>\r\n\t            <iframe src='https:\/\/rumble.com\/embed\/pj.v6qoewt\/' frameborder='0' allowfullscreen><\/iframe>\r\n\t        <\/div><\/p>\n<div class=\"bigPlayUIInner ctp\"><\/div>\n<\/div>\n<\/div>\n<\/div>\n<p>&nbsp;<\/p>\n<p>Zat\u00edm je to velmi \u010derstv\u00e1 informace a B\u00edl\u00fd d\u016fm se zat\u00edm nijak jasn\u011b nevyj\u00e1d\u0159il, ale ministr zahrani\u010d\u00ed Marco Rubio ve \u010dtvrtek nazna\u010dil, \u017ee m\u00edrov\u00e1 dohoda mezi Ruskem a Ukrajinou je st\u00e1le na obzoru, ale poznamenal, \u017ee v\u00fdchodoevropsk\u00e9 n\u00e1rody jsou st\u00e1le ve velk\u00e9m rozporu s postojem B\u00edl\u00e9ho domu, kter\u00fd zast\u00e1v\u00e1 n\u00e1zor, \u017ee konflikt na Ukrajin\u011b nem\u00e1 vojensk\u00e9 \u0159e\u0161en\u00ed.<\/p>\n<p>\u201c<em>Mysl\u00edm, \u017ee v\u00edme, kde je Ukrajina, a v\u00edme, kde je nyn\u00ed Rusko a kde je rusk\u00fd prezident Vladimir Putin. St\u00e1le jsou daleko od sebe,<\/em>\u201d \u0159ekl Rubio na Fox News. \u201c<em>Jsou si bl\u00ed\u017e, ale st\u00e1le jsou daleko od sebe.<\/em>\u201d \u201c<em>A bude zapot\u0159eb\u00ed, aby zde velmi brzy nastal skute\u010dn\u00fd pr\u016flom, kter\u00fd to umo\u017en\u00ed, nebo si mysl\u00edm, \u017ee prezident bude muset rozhodnout, kolik \u010dasu tomu budeme je\u0161t\u011b v\u011bnovat<\/em>,\u201d dodal.<\/p>\n<h3>Trump dos\u00e1hl podpisu surovinov\u00e9 dohody s Ukrajinou, ale t\u00edm to kon\u010d\u00ed. USA se stahuj\u00ed z m\u00edrov\u00e9ho procesu na Ukrajin\u011b<\/h3>\n<p>B\u011bhem sv\u00e9 p\u0159edvolebn\u00ed kampan\u011b prezident Trump soustavn\u011b sliboval, \u017ee konflikt ukon\u010d\u00ed ze dne na den. Po v\u00edce ne\u017e 100 dnech prezidentova druh\u00e9ho funk\u010dn\u00edho obdob\u00ed administrativa p\u0159ipustila, \u017ee jedn\u00e1n\u00ed o ukon\u010den\u00ed v\u00e1lky, kter\u00e1 trv\u00e1 ji\u017e t\u0159et\u00edm rokem pot\u00e9, co Rusko v \u00fanoru 2022 napadlo Ukrajinu, budou obt\u00ed\u017en\u011bj\u0161\u00ed, ne\u017e se o\u010dek\u00e1valo. Rubio \u2013 kter\u00fd se ve \u010dtvrtek ujal funkce poradce pro n\u00e1rodn\u00ed bezpe\u010dnost pot\u00e9, co byl Mike Waltz odvol\u00e1n a nominov\u00e1n na velvyslance p\u0159i OSN \u2013 Trumpovy kroky v t\u00e9to v\u011bci h\u00e1jil. Spolu s Waltzem a vyslancem pro Bl\u00edzk\u00fd v\u00fdchod Stevem Witkoffem se \u00fa\u010dastnil p\u0159\u00edm\u00fdch jedn\u00e1n\u00ed s p\u0159edstaviteli Kremlu.<\/p>\n<figure id=\"attachment_62762\" class=\"wp-caption aligncenter\" style=\"width: 709px;\"><a href=\"https:\/\/aeronet.news\/wp-content\/uploads\/MikeWaltzCPACpanel.jpg\"><img decoding=\"async\" loading=\"lazy\" class=\"wp-image-62762 \" src=\"https:\/\/aeronet.news\/wp-content\/uploads\/MikeWaltzCPACpanel-1024x568.jpg\" sizes=\"(max-width: 700px) 100vw, 700px\" srcset=\"https:\/\/aeronet.news\/wp-content\/uploads\/MikeWaltzCPACpanel-1024x568.jpg 1024w, https:\/\/aeronet.news\/wp-content\/uploads\/MikeWaltzCPACpanel-300x167.jpg 300w, https:\/\/aeronet.news\/wp-content\/uploads\/MikeWaltzCPACpanel-768x426.jpg 768w, https:\/\/aeronet.news\/wp-content\/uploads\/MikeWaltzCPACpanel-700x389.jpg 700w, https:\/\/aeronet.news\/wp-content\/uploads\/MikeWaltzCPACpanel-643x357.jpg 643w, https:\/\/aeronet.news\/wp-content\/uploads\/MikeWaltzCPACpanel-870x483.jpg 870w, https:\/\/aeronet.news\/wp-content\/uploads\/MikeWaltzCPACpanel.jpg 1297w\" alt=\"\" width=\"709\" height=\"394\" \/><\/a><figcaption class=\"wp-caption-text\">Mike Waltz, b\u00fdval\u00fd Trump\u016fv poradce pro n\u00e1rodn\u00ed bezpe\u010dnost a nov\u011b velvyslanec USA v OSN<\/figcaption><\/figure>\n<p>\u201c<em>P\u0159ich\u00e1z\u00ed okam\u017eik, kdy se prezident mus\u00ed rozhodnout, kolik \u010dasu tomu je\u0161t\u011b na nejvy\u0161\u0161\u00edch \u00farovn\u00edch na\u0161\u00ed vl\u00e1dy v\u011bnujete, kdy\u017e mo\u017en\u00e1 jedna z obou stran nebo ob\u011b nejsou dostate\u010dn\u011b bl\u00edzko, kdy\u017e m\u00e1me tolik, \u0159ekl bych, je\u0161t\u011b d\u016fle\u017eit\u011bj\u0161\u00edch probl\u00e9m\u016f, kter\u00e9 se d\u011bj\u00ed po cel\u00e9m sv\u011bt\u011b, ne \u017ee by v\u00e1lka na Ukrajin\u011b nebyla d\u016fle\u017eit\u00e1<\/em>,\u201d \u0159ekl ve \u010dtvrtek ministr st\u00e1tu.<\/p>\n<p><strong>Ameri\u010dt\u00ed p\u0159edstavitel\u00e9 ve st\u0159edu podepsali dlouho o\u010dek\u00e1vanou miner\u00e1ln\u00ed dohodu s ukrajinsk\u00fdmi p\u0159edstaviteli ve snaze zajistit bezpe\u010dnostn\u00ed z\u00e1ruky, a to i p\u0159i pokra\u010dov\u00e1n\u00ed konfliktu.<\/strong>\u00a0Dohoda m\u011bla b\u00fdt podeps\u00e1na ji\u017e v \u00fanoru, ale h\u00e1dka v Ov\u00e1ln\u00e9 pracovn\u011b mezi Trumpem a ukrajinsk\u00fdm prezidentem Volodymyrem Zelensk\u00fdm zhatila p\u016fvodn\u00ed pl\u00e1n. Ukrajina z\u00e1ruky nakonec asi nedostala, ale nev\u00edme to jist\u011b, proto\u017ee dv\u011b ze t\u0159ech podepsan\u00fdch \u201csurovinov\u00fdch\u201d smluv jsou dr\u017eeny v utajen\u00ed.<\/p>\n<h3>Surovinov\u00e1 smlouva je jen naoko, za\u010dne toti\u017e platit a\u017e po skute\u010dn\u00e9m a opravdov\u00e9m konci v\u00e1lky<\/h3>\n<p>Rubio ozna\u010dil dohodu o vz\u00e1cn\u00fdch nerostn\u00fdch surovin\u00e1ch za krok vp\u0159ed, kter\u00fd je pro ob\u011b strany i nad\u00e1le kl\u00ed\u010dov\u00fd. \u201c<em>Je to dobr\u00e9 pro Ameriku, proto\u017ee jsme do t\u00e9to v\u00e1lky investovali spoustu pen\u011bz<\/em>,\u201d \u0159ekl\u00a0<strong>[<a href=\"https:\/\/href.li\/?https:\/\/www.state.gov\/releases\/office-of-the-spokesperson\/2025\/05\/secretary-of-state-marco-rubio-with-sean-hannity-of-fox-news\/\" target=\"_blank\" rel=\"nofollow noopener\">1<\/a>]<\/strong>\u00a0moder\u00e1torovi Hannitymu na Fox News a dodal: \u201c<em>Je to dobr\u00e9 i pro Ukrajinu, proto\u017ee jim to pom\u016f\u017ee rozv\u00edjet jejich ekonomiku a obnovit ji, a\u017e tato v\u00e1lka skon\u010d\u00ed.<\/em>\u201c<\/p>\n<p>Dohoda poskytne USA v\u00fdm\u011bnou za pomoc p\u0159\u00edstup k rop\u011b, zemn\u00edmu plynu, miner\u00e1l\u016fm vz\u00e1cn\u00fdch zemin a dal\u0161\u00edm ukrajinsk\u00fdm zdroj\u016fm. A\u010dkoli Trumpova administrativa vyzdvihovala dohodu o nerostn\u00fdch surovin\u00e1ch jako v\u00fdznamn\u00e9 v\u00edt\u011bzstv\u00ed, n\u011bkte\u0159\u00ed z\u00e1konod\u00e1rci argumentovali, \u017ee podepsan\u00e1 dohoda je sp\u00ed\u0161e na oko, proto\u017ee jej\u00ed realizace je nedohlednu.<\/p>\n<figure id=\"attachment_63437\" class=\"wp-caption aligncenter\" style=\"width: 696px;\"><a href=\"https:\/\/aeronet.news\/wp-content\/uploads\/BessentSviridenkoMineralDeal.jpg\"><img decoding=\"async\" loading=\"lazy\" class=\"wp-image-63437 \" src=\"https:\/\/aeronet.news\/wp-content\/uploads\/BessentSviridenkoMineralDeal-1024x576.jpg\" sizes=\"(max-width: 700px) 100vw, 700px\" srcset=\"https:\/\/aeronet.news\/wp-content\/uploads\/BessentSviridenkoMineralDeal-1024x576.jpg 1024w, https:\/\/aeronet.news\/wp-content\/uploads\/BessentSviridenkoMineralDeal-300x169.jpg 300w, https:\/\/aeronet.news\/wp-content\/uploads\/BessentSviridenkoMineralDeal-768x432.jpg 768w, https:\/\/aeronet.news\/wp-content\/uploads\/BessentSviridenkoMineralDeal-700x394.jpg 700w, https:\/\/aeronet.news\/wp-content\/uploads\/BessentSviridenkoMineralDeal-635x357.jpg 635w, https:\/\/aeronet.news\/wp-content\/uploads\/BessentSviridenkoMineralDeal-859x483.jpg 859w, https:\/\/aeronet.news\/wp-content\/uploads\/BessentSviridenkoMineralDeal.jpg 1280w\" alt=\"\" width=\"696\" height=\"392\" \/><\/a><figcaption class=\"wp-caption-text\">Ministr financ\u00ed USA Scott Bessent a ukrajinsk\u00e1 ministryn\u011b hospod\u00e1\u0159stv\u00ed Julija Sviridenkova podepsali 30. dubna 2025 ve Washingtonu D.C. dohodu o ukrajinsk\u00fdch p\u0159\u00edrodn\u00edch zdroj\u00edch<\/figcaption><\/figure>\n<p>Smlouva m\u00e1 za\u010d\u00edt platit a\u017e po skon\u010den\u00ed v\u00e1lky, tedy po \u00fapln\u00e9m konci, ne po vyhl\u00e1\u0161en\u00ed pouh\u00e9ho p\u0159\u00edm\u011b\u0159\u00ed. A proto v\u00fdrok Rubiovy tiskov\u00e9 mluv\u010d\u00ed, \u017ee USA kon\u010d\u00ed s role zprost\u0159edkovatele m\u00edru na Ukrajin\u011b,\u00a0<strong>je t\u0159eba br\u00e1t jako sign\u00e1l, \u017ee se schyluje k tomu, o \u010dem jsem zde psal u\u017e p\u0159ed p\u00e1r m\u011bs\u00edci, tedy k separ\u00e1tn\u00edmu m\u00edru mezi USA a Ruskem, ale bez vlivu na v\u00e1lku na Ukrajin\u011b<\/strong>, kter\u00e1 bude prost\u011b pokra\u010dovat. A to znamen\u00e1, \u017ee euronacist\u00e9 vyhraj\u00ed nad Trumpem, poda\u0159\u00ed se jim prodlou\u017eit v\u00e1lku na Ukrajin\u011b. A v\u00fdhru euronacist\u016f potvrzuje i neuv\u011b\u0159iteln\u00fd \u00fader proti m\u00edrov\u00e9mu \u00fasil\u00ed v N\u011bmecku.<\/p>\n<h3>N\u011bmeck\u00e1 kontrarozv\u011bdka ozna\u010dila AfD za extr\u00e9mistickou stranu kv\u016fli kritizov\u00e1n\u00ed migrace a podpo\u0159e tradi\u010dn\u00ed rodiny vylu\u010duj\u00edc\u00ed non-binaritu<\/h3>\n<p>Nejprve zru\u0161en\u00e9 prezidentsk\u00e9 volby v Rumunsku, potom vyhro\u017eov\u00e1n\u00ed n\u011bkter\u00fdm l\u00eddr\u016fm evropsk\u00fdch st\u00e1t\u016f odvetami, pokud se z\u00fa\u010dastn\u00ed vojensk\u00e9 p\u0159ehl\u00eddky v Moskv\u011b,\u00a0potom ob\u017ealoba Marine Le Pen ve Francii, aby nemohla kandidovat, a te\u010f naprost\u00fd vrchol, kter\u00fd m\u016f\u017ee zm\u011bnit chod d\u011bjin v Evrop\u011b. N\u011bmeck\u00e1 kontrarozv\u011bdn\u00e1 zpravodajsk\u00e1 slu\u017eba ofici\u00e1ln\u011b ozna\u010dila\u00a0<strong>[<a href=\"https:\/\/href.li\/?https:\/\/www.bbc.com\/news\/articles\/cwy6zk9wkrdo\" target=\"_blank\" rel=\"nofollow noopener\">2<\/a>]<\/strong>\u00a0pravicovou Alternativu pro N\u011bmecko (AfD) za \u201c<em>extremistickou<\/em>\u201d stranu. Ozna\u010den\u00ed p\u0159ich\u00e1z\u00ed navzdory tomu, \u017ee AfD vede v celost\u00e1tn\u00edch pr\u016fzkumech ve\u0159ejn\u00e9ho m\u00edn\u011bn\u00ed.<\/p>\n<figure id=\"attachment_63456\" class=\"wp-caption aligncenter\" style=\"width: 706px;\"><a href=\"https:\/\/aeronet.news\/wp-content\/uploads\/AfD_RatingApr2025.jpg\"><img decoding=\"async\" loading=\"lazy\" class=\"wp-image-63456 \" src=\"https:\/\/aeronet.news\/wp-content\/uploads\/AfD_RatingApr2025-1024x538.jpg\" sizes=\"(max-width: 700px) 100vw, 700px\" srcset=\"https:\/\/aeronet.news\/wp-content\/uploads\/AfD_RatingApr2025-1024x538.jpg 1024w, https:\/\/aeronet.news\/wp-content\/uploads\/AfD_RatingApr2025-300x158.jpg 300w, https:\/\/aeronet.news\/wp-content\/uploads\/AfD_RatingApr2025-768x403.jpg 768w, https:\/\/aeronet.news\/wp-content\/uploads\/AfD_RatingApr2025-700x368.jpg 700w, https:\/\/aeronet.news\/wp-content\/uploads\/AfD_RatingApr2025-680x357.jpg 680w, https:\/\/aeronet.news\/wp-content\/uploads\/AfD_RatingApr2025-920x483.jpg 920w, https:\/\/aeronet.news\/wp-content\/uploads\/AfD_RatingApr2025.jpg 1200w\" alt=\"\" width=\"706\" height=\"371\" \/><\/a><figcaption class=\"wp-caption-text\">Pr\u016fzkum volebn\u00edch preferenc\u00ed na konci dubna 2025<\/figcaption><\/figure>\n<p>N\u011bmeck\u00fd Spolkov\u00fd \u00fa\u0159ad na ochranu \u00fastavy (BfV), co\u017e je ofici\u00e1ln\u00ed n\u00e1zev n\u011bmeck\u00e9 kontrarozv\u011bdky, v p\u00e1te\u010dn\u00edm prohl\u00e1\u0161en\u00ed uvedl, \u017ee\u00a0<strong>AfD pr\u00fd vykazuje \u010detn\u00e9 znaky strany jednaj\u00edc\u00ed proti z\u00e1kladn\u00edmu svobodn\u00e9mu demokratick\u00e9mu \u0159\u00e1du, a z\u00e1rove\u0148 ji obvinil z \u201c<em>nerespektov\u00e1n\u00ed lidsk\u00e9 d\u016fstojnosti<\/em>\u201c.<\/strong>\u00a0T\u00edm se m\u00e1 na mysli politick\u00fd program AfD, kter\u00fd prohla\u0161uje, \u017ee tradi\u010dn\u00ed n\u011bmeck\u00e1 rodina je tvo\u0159ena mu\u017eem, \u017eenou a jejich d\u00edt\u011btem.<\/p>\n<p>Podle n\u00e1lezu BfV jde rovn\u011b\u017e i o nerespektov\u00e1n\u00ed migrant\u016f a tak\u00e9 osob z \u201cnon-bin\u00e1rn\u00edho\u201d spektra n\u011bmeck\u00e9 spole\u010dnosti. Posouzen\u00ed bylo provedeno na z\u00e1klad\u011b \u201c<em>intenzivn\u00edho a komplexn\u00edho odborn\u00e9ho p\u0159ezkoum\u00e1n\u00ed<\/em>\u201d \u010dinnosti strany, v\u010detn\u011b jej\u00ed p\u0159\u00edslu\u0161nosti a prohl\u00e1\u0161en\u00ed \u010dlen\u016f strany. J\u00e1drem rozhodnut\u00ed je to, co agentura ozna\u010dila za \u201c<em>ch\u00e1p\u00e1n\u00ed lid\u00ed p\u0159ev\u00e1\u017en\u011b na z\u00e1klad\u011b jejich etnick\u00e9ho p\u016fvodu.<\/em>\u201c<\/p>\n<h3>Podobn\u00fd proces byl zah\u00e1jen v \u010cR proti SPD kv\u016fli migrantovi s no\u017eem<\/h3>\n<p>Podle BfV p\u0159edstavitel\u00e9 AfD prosazuj\u00ed politiku, kter\u00e1 vylu\u010duje n\u011bmeck\u00e9 ob\u010dany s migra\u010dn\u00edm p\u016fvodem \u2013 zejm\u00e9na muslimy \u2013 z plnohodnotn\u00e9ho zapojen\u00ed do spole\u010dnosti. Zpr\u00e1va rovn\u011b\u017e upozornila na to, \u017ee strana pou\u017e\u00edv\u00e1 v\u00fdrazy jako \u201c<em>migranti s no\u017ei<\/em>\u201d a p\u0159isuzuje n\u00e1silnick\u00e9 sklony neevropsk\u00fdm etnick\u00fdm skupin\u00e1m.<\/p>\n<p>\u201c<em>Neust\u00e1l\u00e9 podn\u011bcov\u00e1n\u00ed proti uprchl\u00edk\u016fm a migrant\u016fm \u2026 podporuje \u0161\u00ed\u0159en\u00ed a prohlubov\u00e1n\u00ed p\u0159edsudk\u016f, z\u00e1\u0161ti a obav,<\/em>\u201d uzav\u00edr\u00e1 BfV. Podle novin\u00e1\u0159\u016f n\u011bmeck\u00e9ho Bildu se toto rozhodnut\u00ed BfV m\u016f\u017ee st\u00e1t precedentem pro ozna\u010den\u00ed a p\u0159\u00edpadn\u00fd pozd\u011bj\u0161\u00ed z\u00e1kaz \u010dinnosti i pro dal\u0161\u00ed strany v ostatn\u00edch zem\u00ed EU, nap\u0159. v \u010cR.<\/p>\n<figure id=\"attachment_63451\" class=\"wp-caption aligncenter\" style=\"width: 708px;\"><a href=\"https:\/\/aeronet.news\/wp-content\/uploads\/TomioOkamuraPosterMigrant.jpg\"><img decoding=\"async\" loading=\"lazy\" class=\"wp-image-63451 \" src=\"https:\/\/aeronet.news\/wp-content\/uploads\/TomioOkamuraPosterMigrant-1024x538.jpg\" sizes=\"(max-width: 700px) 100vw, 700px\" srcset=\"https:\/\/aeronet.news\/wp-content\/uploads\/TomioOkamuraPosterMigrant-1024x538.jpg 1024w, https:\/\/aeronet.news\/wp-content\/uploads\/TomioOkamuraPosterMigrant-300x158.jpg 300w, https:\/\/aeronet.news\/wp-content\/uploads\/TomioOkamuraPosterMigrant-768x403.jpg 768w, https:\/\/aeronet.news\/wp-content\/uploads\/TomioOkamuraPosterMigrant-700x368.jpg 700w, https:\/\/aeronet.news\/wp-content\/uploads\/TomioOkamuraPosterMigrant-680x357.jpg 680w, https:\/\/aeronet.news\/wp-content\/uploads\/TomioOkamuraPosterMigrant-920x483.jpg 920w, https:\/\/aeronet.news\/wp-content\/uploads\/TomioOkamuraPosterMigrant.jpg 1280w\" alt=\"\" width=\"708\" height=\"372\" \/><\/a><figcaption class=\"wp-caption-text\">P\u0159edseda SPD Tomio Okamura ukazuje sn\u00edmek billboardu s migrantem s no\u017eem v ruce<\/figcaption><\/figure>\n<p>N\u011bme\u010dt\u00ed novin\u00e1\u0159i p\u0159ipomn\u011bli trestn\u00ed st\u00edh\u00e1n\u00ed \u0161\u00e9fa \u010desk\u00e9 SPD Tomia Okamury za p\u0159edvolebn\u00ed plak\u00e1t, na kter\u00e9m byl muslimsk\u00fd migrant s no\u017eem v ruce.\u00a0<strong>Podobn\u00e9 archetypy podle BfV vyvol\u00e1vaj\u00ed pr\u00fd v Evrop\u011b nen\u00e1vist k migrant\u016fm, co\u017e mus\u00ed b\u00fdt pr\u00fd zastaveno, a to i za cenu i nejkrajn\u011bj\u0161\u00edho opat\u0159en\u00ed, kter\u00fdm je z\u00e1kaz \u010dinnosti a rozpu\u0161t\u011bn\u00ed strany<\/strong>. Tomu se prost\u011b \u0159\u00edk\u00e1 euronacismus.<\/p>\n<p>Odpor proti migraci je p\u0159itom legitimn\u00edm politick\u00fdm c\u00edlem, kter\u00fd nelze ozna\u010dovat za proti\u00fastavn\u00ed nebo extr\u00e9mistick\u00fd, nebo\u0165 je to politick\u00fd proces na zabr\u00e1n\u011bn\u00ed p\u0159\u00edsunu jin\u00fdch etnik a kultur do spole\u010dnosti. Tohle je ale v N\u011bmecku ji\u017e n\u011bkolik let postaveno mimo z\u00e1kon. Kritika migrace je od roku 2017 pova\u017eov\u00e1na za trestn\u00fd \u010din rasov\u00e9 nesn\u00e1\u0161enlivosti.<\/p>\n<h3>Je to po\u010d\u00e1tek a prvn\u00ed krok ke kone\u010dn\u00e9mu z\u00e1kazu a rozpu\u0161t\u011bn\u00ed AfD<\/h3>\n<p>V 1100-str\u00e1nkov\u00e9 zpr\u00e1v\u011b odborn\u00edk\u016f se uv\u00e1d\u00ed, \u017ee AfD je rasistick\u00e1 a protimuslimsk\u00e1 organizace, co\u017e bezpe\u010dnostn\u00edm slu\u017eb\u00e1m d\u00e1v\u00e1 pravomoc naj\u00edmat inform\u00e1tory a odposlouch\u00e1vat komunikaci strany.\u00a0\u201c<em>\u00dast\u0159edn\u00edm bodem na\u0161eho hodnocen\u00ed je etnicky a rodov\u011b definovan\u00e9 pojet\u00ed n\u00e1roda, kter\u00e9 formuje AfD, je\u017e znehodnocuje cel\u00e9 segmenty obyvatelstva v N\u011bmecku a poru\u0161uje jejich lidskou d\u016fstojnost<\/em>,\u201d uvedla dom\u00e1c\u00ed zpravodajsk\u00e1 slu\u017eba BfV ve sv\u00e9m prohl\u00e1\u0161en\u00ed.<\/p>\n<p>\u201c<em>Toto pojet\u00ed se odr\u00e1\u017e\u00ed v celkov\u00e9m protimigra\u010dn\u00edm a protimuslimsk\u00e9m postoji strany<\/em>,\u201d dodala s t\u00edm, \u017ee AfD vyvol\u00e1v\u00e1 \u201ciracion\u00e1ln\u00ed obavy a nep\u0159\u00e1telstv\u00ed\u201d v\u016f\u010di jednotlivc\u016fm a skupin\u00e1m. Agentura BfV pot\u0159ebuje takovou klasifikaci, aby mohla sledovat politickou stranu, proto\u017ee je pr\u00e1vn\u011b omezen\u011bj\u0161\u00ed ne\u017e jin\u00e9 evropsk\u00e9 zpravodajsk\u00e9 slu\u017eby, co\u017e je odrazem zku\u0161enost\u00ed N\u011bmecka z doby nacistick\u00e9 i komunistick\u00e9 vl\u00e1dy.<\/p>\n<figure id=\"attachment_24790\" class=\"wp-caption aligncenter\" style=\"width: 722px;\"><a href=\"https:\/\/aeronet.news\/wp-content\/uploads\/afd-viernheim-weidel-102_t-1505930638712_v-16to9.jpg\"><img decoding=\"async\" loading=\"lazy\" class=\"wp-image-24790 \" src=\"https:\/\/aeronet.news\/wp-content\/uploads\/afd-viernheim-weidel-102_t-1505930638712_v-16to9.jpg\" sizes=\"(max-width: 960px) 100vw, 960px\" srcset=\"https:\/\/aeronet.news\/wp-content\/uploads\/afd-viernheim-weidel-102_t-1505930638712_v-16to9.jpg 960w, https:\/\/aeronet.news\/wp-content\/uploads\/afd-viernheim-weidel-102_t-1505930638712_v-16to9-300x169.jpg 300w, https:\/\/aeronet.news\/wp-content\/uploads\/afd-viernheim-weidel-102_t-1505930638712_v-16to9-768x432.jpg 768w, https:\/\/aeronet.news\/wp-content\/uploads\/afd-viernheim-weidel-102_t-1505930638712_v-16to9-700x394.jpg 700w, https:\/\/aeronet.news\/wp-content\/uploads\/afd-viernheim-weidel-102_t-1505930638712_v-16to9-635x357.jpg 635w, https:\/\/aeronet.news\/wp-content\/uploads\/afd-viernheim-weidel-102_t-1505930638712_v-16to9-859x483.jpg 859w\" alt=\"\" width=\"722\" height=\"406\" \/><\/a><figcaption class=\"wp-caption-text\">Alice Weidel, spolu\u0161\u00e9fka AfD<\/figcaption><\/figure>\n<p>Agentura mohla jednat pot\u00e9, co AfD loni prohr\u00e1la soudn\u00ed spor, v n\u011bm\u017e napadla svou p\u0159edchoz\u00ed klasifikaci ze strany BfV jako subjektu podez\u0159el\u00e9ho z extremismu. AfD p\u00e1te\u010dn\u00ed rozhodnut\u00ed odsoudila jako politicky motivovan\u00fd pokus o jej\u00ed diskreditaci a kriminalizaci.<\/p>\n<p><strong>\u201c<em>AfD bude i nad\u00e1le podnikat pr\u00e1vn\u00ed kroky proti t\u011bmto hanliv\u00fdm \u00fatok\u016fm, kter\u00e9 ohro\u017euj\u00ed demokracii<\/em>,\u201d uvedli v prohl\u00e1\u0161en\u00ed spoluvedouc\u00ed Alice Weidelov\u00e1 a Tino Chrupalla.<\/strong>\u00a0Rozhodnut\u00ed by mohlo ohrozit ve\u0159ejn\u00e9 financov\u00e1n\u00ed AfD, zat\u00edmco st\u00e1tn\u00edm zam\u011bstnanc\u016fm, kte\u0159\u00ed pat\u0159\u00ed k organizaci klasifikovan\u00e9 jako \u201c<em>extremistick\u00e1<\/em>\u201c, hroz\u00ed podle n\u011bmeck\u00e9ho ministerstva vnitra mo\u017en\u00e9 rozpu\u0161t\u011bn\u00ed v z\u00e1vislosti na jejich roli v r\u00e1mci subjektu.<\/p>\n<h3>Rozhodnut\u00ed BfV dopadne na \u010dleny AfD, kte\u0159\u00ed pracuj\u00ed ve st\u00e1tn\u00ed spr\u00e1v\u011b<\/h3>\n<p>Designace strany za extr\u00e9mistickou nav\u00edc znamen\u00e1, \u017ee v\u0161ichni st\u00e1tn\u00ed zam\u011bstnanci, kte\u0159\u00ed jsou \u010dleny AfD, mus\u00ed okam\u017eit\u011b stranu opustit, jinak p\u0159ijdou o zam\u011bstn\u00e1n\u00ed ve st\u00e1tn\u00ed spr\u00e1v\u011b. Z\u00e1kon o st\u00e1tn\u00ed slu\u017eb\u011b toti\u017e nedovoluje st\u00e1tn\u00edm zam\u011bstnanc\u016fm b\u00fdt \u010dleny stran a hnut\u00ed, kter\u00e9 byly ozna\u010deny za extr\u00e9mistick\u00e9. Stigma by tak\u00e9 mohlo zt\u00ed\u017eit schopnost AfD, kter\u00e1 v sou\u010dasn\u00e9 dob\u011b vede v n\u011bkolika pr\u016fzkumech ve\u0159ejn\u00e9ho m\u00edn\u011bn\u00ed a je nej\u00fasp\u011b\u0161n\u011bj\u0161\u00ed krajn\u011b pravicovou stranou v N\u011bmecku od druh\u00e9 sv\u011btov\u00e9 v\u00e1lky, z\u00edsk\u00e1vat \u010dleny.<\/p>\n<p>Rozhodnut\u00ed BfV p\u0159ich\u00e1z\u00ed n\u011bkolik dn\u00ed p\u0159edt\u00edm, ne\u017e m\u00e1 \u0161\u00e9f konzervativc\u016f z CDU Friedrich Merz slo\u017eit p\u0159\u00edsahu jako nov\u00fd n\u011bmeck\u00fd kancl\u00e9\u0159, a uprost\u0159ed v\u00e1\u0161niv\u00e9 debaty uvnit\u0159 jeho strany o tom, jak se vypo\u0159\u00e1dat s AfD v nov\u00e9m parlamentu. Strana z\u00edskala v \u00fanorov\u00fdch celost\u00e1tn\u00edch volb\u00e1ch v N\u011bmecku rekordn\u00ed po\u010det parlamentn\u00edch k\u0159esel, co\u017e j\u00ed teoreticky d\u00e1v\u00e1 pr\u00e1vo p\u0159edsedat n\u011bkolika kl\u00ed\u010dov\u00fdm parlamentn\u00edm v\u00fdbor\u016fm.<\/p>\n<figure id=\"attachment_61647\" class=\"wp-caption aligncenter\" style=\"width: 711px;\"><a href=\"https:\/\/aeronet.news\/wp-content\/uploads\/FriedrichMerzFists.jpg\"><img decoding=\"async\" loading=\"lazy\" class=\"wp-image-61647 \" src=\"https:\/\/aeronet.news\/wp-content\/uploads\/FriedrichMerzFists-1024x574.jpg\" sizes=\"(max-width: 700px) 100vw, 700px\" srcset=\"https:\/\/aeronet.news\/wp-content\/uploads\/FriedrichMerzFists-1024x574.jpg 1024w, https:\/\/aeronet.news\/wp-content\/uploads\/FriedrichMerzFists-300x168.jpg 300w, https:\/\/aeronet.news\/wp-content\/uploads\/FriedrichMerzFists-768x431.jpg 768w, https:\/\/aeronet.news\/wp-content\/uploads\/FriedrichMerzFists-700x393.jpg 700w, https:\/\/aeronet.news\/wp-content\/uploads\/FriedrichMerzFists-636x357.jpg 636w, https:\/\/aeronet.news\/wp-content\/uploads\/FriedrichMerzFists-861x483.jpg 861w, https:\/\/aeronet.news\/wp-content\/uploads\/FriedrichMerzFists.jpg 1280w\" alt=\"\" width=\"711\" height=\"399\" \/><\/a><figcaption class=\"wp-caption-text\">Friedrich Merz (CDU), nastupuj\u00edc\u00ed nov\u00fd kancl\u00e9\u0159<\/figcaption><\/figure>\n<p>V\u00fdznamn\u00fd Merz\u016fv spojenec Jens Spahn vyzval k tomu, aby se s AfD v parlamentn\u00edch procedur\u00e1ch zach\u00e1zelo jako s b\u011b\u017enou opozi\u010dn\u00ed stranou, a argumentoval t\u00edm, \u017ee tento p\u0159\u00edstup zabr\u00e1n\u00ed tomu, aby strana p\u0159ijala narativ \u201c<em>ob\u011bti<\/em>\u201c. Ostatn\u00ed zaveden\u00e9 strany i mnoz\u00ed ze Spahnov\u00fdch vlastn\u00edch konzervativc\u016f v\u0161ak tento p\u0159\u00edstup odm\u00edtaj\u00ed \u2013 a p\u00e1te\u010dn\u00ed zpr\u00e1vy by mohli vyu\u017e\u00edt jako ospravedln\u011bn\u00ed pro blokov\u00e1n\u00ed pokus\u016f AfD v\u00e9st kl\u00ed\u010dov\u00e9 v\u00fdbory.<\/p>\n<p>\u201c<em>Existuje nap\u011bt\u00ed mezi n\u00e1rokem strany na p\u0159edsednick\u00e9 funkce na z\u00e1klad\u011b jej\u00ed velikosti a svobodou sv\u011bdom\u00ed poslanc\u016f<\/em>,\u201d \u0159ekl politolog Wolfgang Schroeder z Kasselsk\u00e9 univerzity. \u201c<em>Nyn\u00ed mohou tito poslanci tvrdit, \u017ee z\u00e1stupci AfD nespl\u0148uj\u00ed pot\u0159ebn\u00e9 standardy. P\u0159ib\u00fdv\u00e1 sign\u00e1l\u016f, \u017ee AfD nen\u00ed norm\u00e1ln\u00ed stranou, a v d\u016fsledku toho bude i nad\u00e1le marginalizov\u00e1na<\/em>.\u201d<\/p>\n<h3>Likvidace AfD jako nepohodln\u00e9 strany podle rumunsk\u00e9ho n\u00e1vodu, kde odstavili nepohodln\u00e9ho v\u00edt\u011bze prezidentsk\u00fdch voleb<\/h3>\n<p>N\u011bmeck\u00fd parlament by se mohl pokusit omezit nebo zastavit ve\u0159ejn\u00e9 financov\u00e1n\u00ed AfD, ale k tomu by pot\u0159eboval d\u016fkazy, \u017ee strana v\u00fdslovn\u011b usiluje o podkop\u00e1n\u00ed nebo dokonce svr\u017een\u00ed n\u011bmeck\u00e9 demokracie. Klasifikace by tak\u00e9 mohla znovu o\u017eivit snahy o z\u00e1kaz AfD, ale odstupuj\u00edc\u00ed n\u011bmeck\u00fd kancl\u00e9\u0159 Olaf Scholz, jeho\u017e soci\u00e1ln\u00ed demokrat\u00e9 budou partnerem v nov\u00e9 Merzov\u011b koalici, v p\u00e1tek doporu\u010dil nesp\u011bchat se z\u00e1kazem AfD.<\/p>\n<p><strong>\u201c<em>Jsem proti rychl\u00e9mu v\u00fdst\u0159elu, mus\u00edme klasifikaci pe\u010dliv\u011b vyhodnotit<\/em>,\u201d \u0159ekl na c\u00edrkevn\u00edm sjezdu v Hannoveru na severu zem\u011b.<\/strong>\u00a0Snaha o likvidaci AfD tak prost\u011b jede podle rumunsk\u00e9ho sc\u00e9n\u00e1\u0159e, kde byl zru\u0161en v\u00fdsledek 1. kola prezidentsk\u00fdch voleb, proto\u017ee ho vyhr\u00e1l nepohodln\u00fd protiv\u00e1le\u010dn\u00fd kandid\u00e1t Calin Georgescu.<\/p>\n<figure id=\"attachment_62007\" class=\"wp-caption aligncenter\" style=\"width: 696px;\"><a href=\"https:\/\/aeronet.news\/wp-content\/uploads\/Calin-Georgescu-Feat.jpg\"><img decoding=\"async\" loading=\"lazy\" class=\"wp-image-62007 \" src=\"https:\/\/aeronet.news\/wp-content\/uploads\/Calin-Georgescu-Feat-1024x684.jpg\" sizes=\"(max-width: 700px) 100vw, 700px\" srcset=\"https:\/\/aeronet.news\/wp-content\/uploads\/Calin-Georgescu-Feat-1024x684.jpg 1024w, https:\/\/aeronet.news\/wp-content\/uploads\/Calin-Georgescu-Feat-300x200.jpg 300w, https:\/\/aeronet.news\/wp-content\/uploads\/Calin-Georgescu-Feat-768x513.jpg 768w, https:\/\/aeronet.news\/wp-content\/uploads\/Calin-Georgescu-Feat-700x467.jpg 700w, https:\/\/aeronet.news\/wp-content\/uploads\/Calin-Georgescu-Feat-535x357.jpg 535w, https:\/\/aeronet.news\/wp-content\/uploads\/Calin-Georgescu-Feat-724x483.jpg 724w, https:\/\/aeronet.news\/wp-content\/uploads\/Calin-Georgescu-Feat.jpg 1200w\" alt=\"\" width=\"696\" height=\"465\" \/><\/a><figcaption class=\"wp-caption-text\">Calin Georgescu, v\u00edt\u011bzn\u00fd kandid\u00e1t 1. kola zru\u0161en\u00fdch prezidentsk\u00fdch voleb v Rumunsku<\/figcaption><\/figure>\n<p>AfD, kter\u00e1 vznikla v roce 2013 na protest proti z\u00e1chran\u011b euroz\u00f3ny pomoc\u00ed Eurovalu a na n\u00e1klady n\u011bmeck\u00fdch da\u0148ov\u00fdch poplatn\u00edk\u016f, kte\u0159\u00ed sanovali zkrachoval\u00e9 \u0158ecko, se po rozhodnut\u00ed N\u011bmecka p\u0159ijmout v roce 2015 velkou vlnu uprchl\u00edk\u016f prom\u011bnila v protiimigra\u010dn\u00ed stranu\u00a0<em>Euroskeptick\u00e1 AfD<\/em>\u00a0a de facto \u0161lo o politick\u00e9 k\u0159\u00eddlo protestn\u00edho uskupen\u00ed Pegida, kter\u00e9 o sob\u011b dalo v\u011bd\u011bt pr\u00e1v\u011b v roce 2015 po vypuknut\u00ed migra\u010dn\u00ed krize. Euronacismus v Evrop\u011b tak p\u0159eb\u00edr\u00e1 od odch\u00e1zej\u00edc\u00edch USA ot\u011b\u017ee moci. Evropa se zbavila americk\u00e9 hegemonie, ale uvoln\u011bn\u00fd mocensk\u00fd prostor je okam\u017eit\u011b zapln\u011bn jinou moci \u2013 euronacismem. Takov\u00e1 je konceptu\u00e1ln\u00ed realita.<\/p>\n<h3>Aktualizace \u2013 P\u00e1te\u010dn\u00ed po\u0159ad na SVCS jen ze z\u00e1znamu<\/h3>\n<p>V d\u016fsledku p\u0159echodu na novou komunika\u010dn\u00ed platformu se nepoda\u0159ilo zav\u010das dokon\u010dit nastaven\u00ed studiov\u00e9 techniky, tak\u017ee p\u00e1te\u010dn\u00ed po\u0159ad byl mimo\u0159\u00e1dn\u011b nato\u010den<em>\u00a0off air<\/em>\u00a0do z\u00e1znamu, kter\u00fd je k dispozici\u00a0<a href=\"https:\/\/href.li\/?https:\/\/odysee.com\/@radiosvstudiotapinradio:5\/panvk-379:8\" target=\"_blank\" rel=\"nofollow noopener\"><strong>zde<\/strong><\/a>.<\/p>\n<p><a href=\"https:\/\/aeronet.news\/euronacismus-dosahuje-v-eu-vrcholu-pote-co-americke-ministerstvo-zahranici-oznamilo-ze-se-stahuje-z-miroveho-procesu-v-evrope-a-konci-s-roli-zprostredkovatele-mezi-moskvou-a-kyjevem\/\">-VK-<\/a><\/p>\n<p>&nbsp;<\/p>\n","protected":false},"excerpt":{"rendered":"<p>Euronacismus dosahuje v EU vrcholu pot\u00e9, co americk\u00e9 ministerstvo zahrani\u010d\u00ed ozn\u00e1milo, \u017ee se stahuje z&#8230;<\/p>\n","protected":false},"author":2,"featured_media":77887,"comment_status":"closed","ping_status":"closed","sticky":false,"template":"","format":"standard","meta":[],"categories":[6],"tags":[9040,4826,22,26,37,40],"_links":{"self":[{"href":"https:\/\/www.infokuryr.cz\/n\/wp-json\/wp\/v2\/posts\/77886"}],"collection":[{"href":"https:\/\/www.infokuryr.cz\/n\/wp-json\/wp\/v2\/posts"}],"about":[{"href":"https:\/\/www.infokuryr.cz\/n\/wp-json\/wp\/v2\/types\/post"}],"author":[{"embeddable":true,"href":"https:\/\/www.infokuryr.cz\/n\/wp-json\/wp\/v2\/users\/2"}],"replies":[{"embeddable":true,"href":"https:\/\/www.infokuryr.cz\/n\/wp-json\/wp\/v2\/comments?post=77886"}],"version-history":[{"count":0,"href":"https:\/\/www.infokuryr.cz\/n\/wp-json\/wp\/v2\/posts\/77886\/revisions"}],"wp:featuredmedia":[{"embeddable":true,"href":"https:\/\/www.infokuryr.cz\/n\/wp-json\/wp\/v2\/media\/77887"}],"wp:attachment":[{"href":"https:\/\/www.infokuryr.cz\/n\/wp-json\/wp\/v2\/media?parent=77886"}],"wp:term":[{"taxonomy":"category","embeddable":true,"href":"https:\/\/www.infokuryr.cz\/n\/wp-json\/wp\/v2\/categories?post=77886"},{"taxonomy":"post_tag","embeddable":true,"href":"https:\/\/www.infokuryr.cz\/n\/wp-json\/wp\/v2\/tags?post=77886"}],"curies":[{"name":"wp","href":"https:\/\/api.w.org\/{rel}","templated":true}]}}