{"id":7781,"date":"2022-01-25T04:17:33","date_gmt":"2022-01-25T03:17:33","guid":{"rendered":"http:\/\/www.infokuryr.cz\/n\/?p=7781"},"modified":"2022-01-25T04:17:33","modified_gmt":"2022-01-25T03:17:33","slug":"spojene-staty-zvysuji-pripravenost-vojaku-na-svem-uzemi-i-v-zahranici","status":"publish","type":"post","link":"https:\/\/www.infokuryr.cz\/n\/2022\/01\/25\/spojene-staty-zvysuji-pripravenost-vojaku-na-svem-uzemi-i-v-zahranici\/","title":{"rendered":"Spojen\u00e9 st\u00e1ty zvy\u0161uj\u00ed p\u0159ipravenost voj\u00e1k\u016f na sv\u00e9m \u00fazem\u00ed i v zahrani\u010d\u00ed"},"content":{"rendered":"<div id=\"fb-root\"><\/div>\n<p><strong>Spojen\u00e9 st\u00e1ty zvy\u0161uj\u00ed p\u0159ipravenost voj\u00e1k\u016f na sv\u00e9m \u00fazem\u00ed i v zahrani\u010d\u00ed v souvislosti s nap\u011bt\u00ed kolem Ukrajiny. Informoval o mluv\u010d\u00ed ministerstva obrany USA John Kirby.<\/strong><\/p>\n<p>Mluv\u010d\u00ed ministerstva obrany USA John Kirby uvedl, \u017ee Pentagon uvedl do stavu zv\u00fd\u0161en\u00e9 pohotovosti p\u0159ibli\u017en\u011b 8 500 voj\u00e1k\u016f na \u00fazem\u00ed USA, kte\u0159\u00ed mohou b\u00fdt nasazeni v Evrop\u011b v souvislosti s kriz\u00ed kolem Ukrajiny, ale o jejich nasazen\u00ed zat\u00edm nebylo rozhodnuto.<\/p>\n<p>\u201eMinistr obrany (Lloyd) Austin uvedl \u0159adu vojensk\u00fdch jednotek na \u00fazem\u00ed USA do stavu zv\u00fd\u0161en\u00e9 pohotovosti pro nasazen\u00ed &#8230; Jejich po\u010det dosahuje a\u017e 8 500,\u201c \u0159ekl Kirby novin\u00e1\u0159\u016fm.<\/p>\n<p>Kirby poznamenal, \u017ee rozhodnut\u00ed o zv\u00fd\u0161en\u00ed p\u0159ipravenosti bylo p\u0159ijato i pro jednotky nasazen\u00e9 mimo \u00fazem\u00ed Spojen\u00fdch st\u00e1t\u016f.<\/p>\n<p>Mluv\u010d\u00ed d\u00e1le konstatoval, \u017ee USA se nerozhodly\u00a0st\u00e1hnout\u00a0sv\u00e9 vojensk\u00e9 instruktory z Ukrajiny, ale pokra\u010duj\u00ed ve sv\u00e9 misi.<\/p>\n<p>\u201eNebylo p\u0159ijato \u017e\u00e1dn\u00e9 rozhodnut\u00ed o p\u0159esunu na\u0161ich instruktor\u016f, kte\u0159\u00ed se nach\u00e1zej\u00ed na Ukrajin\u011b, ale jak jsem ji\u017e mnohokr\u00e1t \u0159ekl, situaci neust\u00e1le sledujeme a jsme p\u0159ipraveni ud\u011blat v\u0161e, co je nezbytn\u00e9 pro jejich bezpe\u010dnost,\u201c \u0159ekl Kirby novin\u00e1\u0159\u016fm.<\/p>\n<p>Dodal, \u017ee nyn\u00ed jsou st\u00e1le na Ukrajin\u011b, kde pln\u00ed poradensk\u00e9 a asisten\u010dn\u00ed \u00fakoly.<\/p>\n<p>Aliance ji\u017e dnes vydala\u00a0ofici\u00e1ln\u00ed prohl\u00e1\u0161en\u00ed, v n\u011bm\u017e potvrdila svou rostouc\u00ed p\u0159\u00edtomnost ve v\u00fdchodn\u00ed Evrop\u011b. Konkr\u00e9tn\u011b D\u00e1nsko pos\u00edl\u00e1 fregatu do Baltsk\u00e9ho mo\u0159e a \u010dty\u0159i st\u00edha\u010dky F-16 do Litvy, \u0160pan\u011blsko pos\u00edl\u00e1 lod\u011b do Bulharska, Nizozemsko p\u0159esouv\u00e1 dv\u011b st\u00edha\u010dky F-35 do Bulharska a uv\u00e1d\u00ed do pohotovosti lodn\u00ed a pozemn\u00ed s\u00edly. Francie uvedla, \u017ee je p\u0159ipravena vyslat do Rumunska sv\u00e9 s\u00edly.<\/p>\n<p><strong>Situace mezi Z\u00e1padem a Ruskem<\/strong><\/p>\n<p>Na konci roku 2021 Rusko zve\u0159ejnilo n\u00e1vrh smlouvy s\u00a0USA a n\u00e1vrh dohody s NATO o bezpe\u010dnostn\u00edch z\u00e1ruk\u00e1ch. Moskva zejm\u00e9na po\u017eaduje, aby se z\u00e1padn\u00ed partne\u0159i pr\u00e1vn\u011b zaru\u010dili, \u017ee nebudou roz\u0161i\u0159ovat NATO d\u00e1le na V\u00fdchod, \u017ee Ukrajina nevstoup\u00ed do bloku a \u017ee nebudou z\u0159izovat vojensk\u00e9 z\u00e1kladny v postsov\u011btsk\u00fdch zem\u00edch.<\/p>\n<p>Sou\u010d\u00e1st\u00ed n\u00e1vrh\u016f je tak\u00e9 klauzule o nerozmis\u0165ov\u00e1n\u00ed \u00fadern\u00fdch zbran\u00ed NATO v bl\u00edzkosti rusk\u00fdch hranic a sta\u017een\u00ed alian\u010dn\u00edch sil ve v\u00fdchodn\u00ed Evrop\u011b na pozice z roku 1997.<\/p>\n<p>Ve st\u0159edu 12. ledna se konalo v Bruselu zased\u00e1n\u00ed\u00a0Rady Rusko-NATO. Sch\u016fzka byla pokra\u010dov\u00e1n\u00edm v jedn\u00e1n\u00ed o z\u00e1ruk\u00e1ch bezpe\u010dnosti mezi Ruskem a USA, kter\u00e9 se konalo 9. a 10. ledna v \u017denev\u011b. V n\u00e1vaznosti na tato jedn\u00e1n\u00ed jednali 21. ledna v \u017denev\u011b rusk\u00fd ministr zahrani\u010d\u00ed Sergej Lavrov a americk\u00fd ministr zahrani\u010d\u00ed Antony Blinken.<\/p>\n<p>Rusko opakovan\u011b odm\u00edt\u00e1 obvin\u011bn\u00ed Z\u00e1padu a Ukrajiny z \u201eagresivn\u00edch akc\u00ed\u201c a tvrd\u00ed, \u017ee nikoho neohro\u017euje a na nikoho se nechyst\u00e1 za\u00fato\u010dit. Prohl\u00e1\u0161en\u00ed o \u201erusk\u00e9 agresi\u201c slou\u017e\u00ed jako z\u00e1minka k rozm\u00edst\u011bn\u00ed dal\u0161\u00ed\u00a0vojensk\u00e9 techniky NATO\u00a0v bl\u00edzkosti rusk\u00fdch hranic. Rusk\u00e9 ministerstvo zahrani\u010d\u00ed ji\u017e d\u0159\u00edve poznamenalo, \u017ee prohl\u00e1\u0161en\u00ed Z\u00e1padu o \u201erusk\u00e9 agresi\u201c a mo\u017enosti pomoci Kyjevu se proti n\u00ed br\u00e1nit jsou sm\u011b\u0161n\u00e1 a nebezpe\u010dn\u00e1.<\/p>\n<p>Kyjev a z\u00e1padn\u00ed st\u00e1ty z\u00e1rove\u0148 ned\u00e1vno vyj\u00e1d\u0159ily znepokojen\u00ed nad \u00fadajn\u00fdm zintenzivn\u011bn\u00edm \u201eagresivn\u00edch akc\u00ed\u201c Ruska v bl\u00edzkosti ukrajinsk\u00fdch hranic. Tiskov\u00fd tajemn\u00edk rusk\u00e9ho prezidenta Dmitrij Peskov uvedl, \u017ee Rusko p\u0159esouv\u00e1 voj\u00e1ky na sv\u00e9m \u00fazem\u00ed a podle vlastn\u00edho uv\u00e1\u017een\u00ed. Podle n\u011bj to nikoho neohro\u017euje a nikoho by to nem\u011blo\u00a0znepokojovat.<\/p>\n<p><a href=\"https:\/\/cz.sputniknews.com\/20220124\/spojene-staty-zvysuji-pripravenost-vojaku-na-svem-uzemi-i-v-zahranici-17332088.html\">ZDROJ<\/a><\/p>\n<p>&nbsp;<\/p>\n","protected":false},"excerpt":{"rendered":"<p>Spojen\u00e9 st\u00e1ty zvy\u0161uj\u00ed p\u0159ipravenost voj\u00e1k\u016f na sv\u00e9m \u00fazem\u00ed i v zahrani\u010d\u00ed v souvislosti s nap\u011bt\u00ed&#8230;<\/p>\n","protected":false},"author":2,"featured_media":1765,"comment_status":"closed","ping_status":"closed","sticky":false,"template":"","format":"standard","meta":[],"categories":[7],"tags":[80,380,22,37],"_links":{"self":[{"href":"https:\/\/www.infokuryr.cz\/n\/wp-json\/wp\/v2\/posts\/7781"}],"collection":[{"href":"https:\/\/www.infokuryr.cz\/n\/wp-json\/wp\/v2\/posts"}],"about":[{"href":"https:\/\/www.infokuryr.cz\/n\/wp-json\/wp\/v2\/types\/post"}],"author":[{"embeddable":true,"href":"https:\/\/www.infokuryr.cz\/n\/wp-json\/wp\/v2\/users\/2"}],"replies":[{"embeddable":true,"href":"https:\/\/www.infokuryr.cz\/n\/wp-json\/wp\/v2\/comments?post=7781"}],"version-history":[{"count":0,"href":"https:\/\/www.infokuryr.cz\/n\/wp-json\/wp\/v2\/posts\/7781\/revisions"}],"wp:featuredmedia":[{"embeddable":true,"href":"https:\/\/www.infokuryr.cz\/n\/wp-json\/wp\/v2\/media\/1765"}],"wp:attachment":[{"href":"https:\/\/www.infokuryr.cz\/n\/wp-json\/wp\/v2\/media?parent=7781"}],"wp:term":[{"taxonomy":"category","embeddable":true,"href":"https:\/\/www.infokuryr.cz\/n\/wp-json\/wp\/v2\/categories?post=7781"},{"taxonomy":"post_tag","embeddable":true,"href":"https:\/\/www.infokuryr.cz\/n\/wp-json\/wp\/v2\/tags?post=7781"}],"curies":[{"name":"wp","href":"https:\/\/api.w.org\/{rel}","templated":true}]}}