{"id":77799,"date":"2025-05-02T00:16:36","date_gmt":"2025-05-01T22:16:36","guid":{"rendered":"https:\/\/www.infokuryr.cz\/n\/?p=77799"},"modified":"2025-05-01T14:51:52","modified_gmt":"2025-05-01T12:51:52","slug":"jiri-vyvadil-kdo-ma-na-starosti-obchod-v-eu-usa-si-nejsou-jiste","status":"publish","type":"post","link":"https:\/\/www.infokuryr.cz\/n\/2025\/05\/02\/jiri-vyvadil-kdo-ma-na-starosti-obchod-v-eu-usa-si-nejsou-jiste\/","title":{"rendered":"Ji\u0159\u00ed Vyvadil: Kdo m\u00e1 na starosti obchod v EU? USA si nejsou jist\u00e9"},"content":{"rendered":"<div id=\"fb-root\"><\/div>\n<p><strong>J.V. Poctiv\u011b p\u0159izn\u00e1m, \u017ee kdy\u017e \u010das od \u010dasu zve\u0159ej\u0148uji \u010dl\u00e1nky z port\u00e1lu Politico.eu, nen\u00ed to t\u00edm, \u017ee bych byl stoupenec Evropsk\u00e9 unie Ursuly von der Leyen. Ba naopak, pokl\u00e1d\u00e1m EU za direktivn\u00ed a nedemokratick\u00fd moloch, kter\u00fd n\u00e1s vede se v\u0161\u00ed vervou k v\u00e1lce proti Rusku, kterou nelze vyhr\u00e1t a nem\u00e1 na to porazit ekonomicko \u2013 vojensk\u00fd tandem \u010cina -Rusko, na kter\u00fd je kr\u00e1tk\u00e1. O tom, jak tento \u00fatvar svazuj\u00edc\u00ed tis\u00edci p\u0159\u00edkaz\u016f t\u00e9m\u011b\u0159 ka\u017edi\u010dk\u00fd mo\u017en\u00fd svobodn\u00fd projev jednotliv\u00fdch st\u00e1t\u016f EU v ka\u017edodenn\u00edm \u017eivot\u011b odv\u00edj\u00ed \u010dteme ka\u017ed\u00fd den. O to p\u0159\u00edzra\u010dn\u011bji p\u016fsob\u00ed, jak navenek ji nap\u0159\u00edklad USA neberou v\u00e1\u017en\u011b. A za svou osobu jim v tom dr\u017e\u00edm palce. Jsme toti\u017e dnes mnohem neperspektivn\u011bj\u0161\u00edm \u00fatvarem ne\u017e kdysi sov\u011btsk\u00fd blok, kter\u00fd se z logiky sv\u00e9ho p\u0159e\u017eit\u00ed musel rozpadnout\u2026Klasick\u00fd eurounijn\u00ed mainstreamov\u00fd slovn\u00edk jsem pro lep\u0161\u00ed zv\u00fdrazn\u011bn\u00ed pasti, ve kter\u00e9 se nach\u00e1z\u00edme, ponechal.<\/strong><\/p>\n<p style=\"font-weight: 400;\">Jakob Weizman 30. dubna 2025 p\u00ed\u0161e<\/p>\n<p style=\"font-weight: 400;\"><strong>I po n\u011bkolika n\u00e1v\u0161t\u011bv\u00e1ch p\u0159edstavitel\u016f EU ve Washingtonu, kde projedn\u00e1vali obchod, ministr financ\u00ed Scott Bessent \u0159\u00edk\u00e1, \u017ee nev\u00ed, s k\u00fdm na bruselsk\u00e9 stran\u011b hovo\u0159it, aby se dohodl.<\/strong><\/p>\n<p style=\"font-weight: 400;\"><strong>Evropsk\u00e1 komise m\u00e1 komisa\u0159e pro obchod. Jmenuje se Maro\u0161 \u0160ef\u010dovi\u010d.<\/strong><\/p>\n<p style=\"font-weight: 400;\">BRUSEL \u2014 Hlavn\u00ed obchodn\u00ed vyjednava\u010d Donalda Trumpa, americk\u00fd ministr financ\u00ed Scott Bessent, si nen\u00ed jist\u00fd, s k\u00fdm v Evrop\u011b hovo\u0159it o sporu, kter\u00fd hroz\u00ed zni\u010dit transatlantick\u00e9 obchodn\u00ed vztahy v hodnot\u011b 1,6 bilionu eur.<\/p>\n<p style=\"font-weight: 400;\">\u201eKdy\u017e vol\u00e1m do Evropy, komu m\u00e1m volat \u201c\u00a0pronesl Bessent b\u011bhem \u00fatern\u00edho\u00a0\u00a0breifingu v\u00a0B\u00edl\u00e1m dom\u011b\u00a0a zopakoval tak fr\u00e1zi, kterou v 70. letech 20. stolet\u00ed vymyslel Henry Kissinger.<\/p>\n<p style=\"font-weight: 400;\">Trump\u016fv kl\u00ed\u010dov\u00fd p\u0159edstavitel pro hospod\u00e1\u0159skou a fisk\u00e1ln\u00ed politiku podez\u0159\u00edv\u00e1 evropsk\u00e9 vl\u00e1dy, \u017ee se sna\u017e\u00ed zm\u00e1st Washington uvalen\u00edm r\u016fzn\u00fdch n\u00e1rodn\u00edch dan\u00ed na digit\u00e1ln\u00ed slu\u017eby, kter\u00e9 Washington pova\u017euje za p\u0159ek\u00e1\u017eku pro americk\u00e9 podniky.<\/p>\n<p style=\"font-weight: 400;\">\u201eJedn\u00e1me s mnoha r\u016fzn\u00fdmi z\u00e1jmy,\u201c posteskl si Bessent. \u201eTak\u017ee ne\u017e se za\u010dnou pou\u0161t\u011bt do extern\u00edch jedn\u00e1n\u00ed, mus\u00ed rozhodnout o n\u011bkter\u00fdch intern\u00edch z\u00e1le\u017eitostech.\u201c<\/p>\n<p style=\"font-weight: 400;\">Zde je tip z Bruselu: Evropsk\u00e1 komise m\u00e1 obchodn\u00edho komisa\u0159e. Jmenuje se Maro\u0161 \u0160ef\u010dovi\u010d. Vyslovuje se\u00a0<em>Ma-ro\u0161 \u0160ef-\u010do-vi\u010d<\/em>\u00a0(je ze Slovenska). Jeho \u00fakolem je vyjedn\u00e1vat obchodn\u00ed dohody jm\u00e9nem 27 zem\u00ed, kter\u00e9 tvo\u0159\u00ed EU.<\/p>\n<p style=\"font-weight: 400;\">Bessent se se \u0160ef\u010dovi\u010dem je\u0161t\u011b nesetkal.\u00a0<em>(J.V. A za svou osobu se nediv\u00edm. V\u00a0USA Trnikdo Evropskou komisi, \u010dili administrativn\u00ed \u00fatvar, kter\u00fd \u0159\u00edd\u00ed EU, kter\u00e1 sama o sob\u011b nen\u00ed st\u00e1tem\u00a0jako USA nebere logicky v\u00e1\u017en\u011b. Ale to nen\u00ed chyba USA)<\/em><\/p>\n<p style=\"font-weight: 400;\">Hlavn\u00ed obchodn\u00ed vyjednava\u010d Donalda Trumpa, ministr financ\u00ed USA Scott Bessent, si nen\u00ed jist\u00fd, s k\u00fdm v Evrop\u011b hovo\u0159it.<\/p>\n<p style=\"font-weight: 400;\"><em>Minul\u00fd t\u00fdden se<\/em>\u00a0ve Washingtonu setkal\u00a0s Valdisem Dombrovskisem. P\u0159esto\u017ee byl na Sv\u011btov\u00e9m ekonomick\u00e9m f\u00f3ru ve \u0160v\u00fdcarsku za\u010d\u00e1tkem tohoto roku omylem p\u0159edstaven jako obchodn\u00ed komisa\u0159 EU, Dombrovskis tuto funkci ji\u017e nezast\u00e1v\u00e1. Nyn\u00ed je komisa\u0159em EU zodpov\u011bdn\u00fdm za hospod\u00e1\u0159sk\u00e9 z\u00e1le\u017eitosti.<\/p>\n<p style=\"font-weight: 400;\">Tak zkuste promluvit s komisa\u0159em EU pro obchod!<\/p>\n<p style=\"font-weight: 400;\">\u00da\u0159edn\u00edk Komise serveru POLITICO\u00a0\u00a0<em>(J.V. ura\u017een\u011b dod\u00e1v\u00e1m)\u00a0<\/em>\u0159ekl, \u017ee Bessentovy koment\u00e1\u0159e jsou \u201ehloup\u00e9, vzhledem k tomu, \u017ee americk\u00e1 administrativa se na tato t\u00e9mata s komisa\u0159em pro obchod setkala jen s n\u011bkolika m\u00e1lo sch\u016fzkami.\u201c \u0158e\u010d je o \u0160ef\u010dovi\u010dovi, kter\u00fd je d\u016fv\u011bryhodn\u00fd, kter\u00fd je d\u016fv\u011bryhodn\u00fdm spojencem Ursuly von der Leyen\u00a0Ursuly von der Leyen. Jeho pracovn\u00ed pozice\u00a0\u00a0ho u p\u0159edsedkyn\u011b Komise\u00a0\u00a0\u0159ad\u00ed mezi nejvy\u0161\u0161\u00ed \u00fa\u0159edn\u00edky EU.<\/p>\n<p style=\"font-weight: 400;\">\u0160ef\u010dovi\u010d letos t\u0159ikr\u00e1t nav\u0161t\u00edvil Washington, kde jednal s ministrem obchodu Howardem Lutnickem, obchodn\u00edm z\u00e1stupcem Jamiesonem Greerem a dal\u0161\u00edmi, aby prosadil dohodu mezi EU a USA\u00a0 o zru\u0161en\u00ed cel na pr\u016fmyslov\u00e9 zbo\u017e\u00ed.<\/p>\n<p style=\"font-weight: 400;\">\u0160ef\u010dovi\u010d zat\u00edm\u00a0\u00a0\u2013 vyj\u00e1d\u0159il frustraci z postoje sv\u00fdch americk\u00fdch prot\u011bj\u0161k\u016f. \u201eJedna ruka nem\u016f\u017ee tleskat,\u201c\u00a0\u0159ekl v\u00a0b\u0159eznu\u00a0.<\/p>\n<p style=\"font-weight: 400;\">\u010cas se kr\u00e1t\u00ed: Trump za\u010d\u00e1tkem dubna uvalil na EU 20% \u201erecipro\u010dn\u00ed\u201c cla,\u00a0 aby m\u011bl \u010das na uzav\u0159en\u00ed dohody. Mezit\u00edm se na v\u011bt\u0161inu zbo\u017e\u00ed dov\u00e1\u017een\u00e9ho z EU st\u00e1le vztahuje 10% z\u00e1kladn\u00ed clo a 25% cla na ocel, hlin\u00edk a automobily.<\/p>\n<p style=\"font-weight: 400;\">\u00da\u0159edn\u00edci Komise ve st\u0159edu ve\u010der informovali diplomaty EU o stavu jedn\u00e1n\u00ed \u2013 a o mo\u017en\u00e9m dal\u0161\u00edm postupu.<\/p>\n<p style=\"font-weight: 400;\"><strong>\u201eAbych byl up\u0159\u00edmn\u00fd, st\u00e1le nen\u00ed zcela jasn\u00e9, co USA skute\u010dn\u011b cht\u011bj\u00ed. \u017d\u00e1daj\u00ed o velmi rozd\u00edln\u00e9 mno\u017estv\u00ed r\u016fzn\u00fdch v\u011bc\u00ed,\u201c\u00a0\u0159ekl jeden evropsk\u00fd diplomat, kter\u00fd popsal rozhovory jako ve f\u00e1zi diskuse. \u201eTak\u017ee se st\u00e1le sna\u017e\u00edme zjistit, jak\u00e9 jsou skute\u010dn\u00e9 priority USA.\u201c<\/strong><\/p>\n<p style=\"font-weight: 400;\"><em>J.V. To je jen kr\u00e1tk\u00e1 ochutn\u00e1vka p\u0159edpokl\u00e1dan\u00e9ho vztahu EU -Trumpova administrativa, kter\u00e1 m\u00e1 svou logiku.\u00a0\u00a0Jsou jist\u011b des\u00edtky zem\u00ed mimo EU, kter\u00e9 se \u010dasto doslova plaz\u00ed, jen aby se s\u00a0\u00fa\u0159edn\u00edky EU dohodly, proto\u017ee jsou v\u00a0z\u00e1visl\u00e9m postaven\u00ed a n\u011bco od EU cht\u011bj\u00ed. Ov\u0161em, Trumpovy USA rozhodn\u011b nic od EU necht\u011bj\u00ed. Nen\u00ed pro n\u011b partnerem. A nejen to, Trump prost\u011b mezin\u00e1rodn\u00ed organizace neuzn\u00e1v\u00e1 a jako sv\u011btov\u00e1 velmoc \u010d\u00edslo 1 je to jej\u00ed legitimn\u00ed postoj.<\/em><\/p>\n<p style=\"font-weight: 400;\"><em>Tak\u017ee\u00a0\u00a0se z\u00e1jmem m\u016f\u017eeme sledovat, jak se vztah USA-EU bude vyv\u00edjet. Moc EU \u0161anci rozhodn\u011b v\u00a0tomto smyslu ned\u00e1v\u00e1m, zejm\u00e9na, kdy\u017e Trump vid\u00ed &#8211; a opr\u00e1vn\u011bn\u011b &#8211; v\u00a0EU ideologicky i strategicky mo\u017en\u00e1 v\u011bt\u0161\u00edho nep\u0159\u00edtele ne\u017e je Rusko, ba dokonce i \u010c\u00edna. S\u00a0t\u011bmi se\u00a0\u00a0po nezbytn\u00e9m ko\u010dkov\u00e1n\u00ed, kter\u00e9 tak miluje,\u00a0\u00a0\u00a0coby s\u00a0velmocemi, kter\u00e9 bere za sob\u011b rovn\u00e9, nakonec domluv\u00ed..<\/em><\/p>\n<p><a href=\"https:\/\/vasevec.info\/clanky\/kdo-ma-na-starosti-obchod-v-eu-usa-si-nejsou-jiste\">Ji\u0159\u00ed Vyvadil<\/a><\/p>\n<p style=\"font-weight: 400;\"><img decoding=\"async\" loading=\"lazy\" class=\"alignnone size-medium wp-image-16474\" src=\"http:\/\/www.infokuryr.cz\/n\/wp-content\/uploads\/2022\/10\/jiri-vyvadil-300x200.jpg\" alt=\"\" width=\"300\" height=\"200\" srcset=\"https:\/\/www.infokuryr.cz\/n\/wp-content\/uploads\/2022\/10\/jiri-vyvadil-300x200.jpg 300w, https:\/\/www.infokuryr.cz\/n\/wp-content\/uploads\/2022\/10\/jiri-vyvadil-768x512.jpg 768w, https:\/\/www.infokuryr.cz\/n\/wp-content\/uploads\/2022\/10\/jiri-vyvadil.jpg 800w\" sizes=\"(max-width: 300px) 100vw, 300px\" \/><\/p>\n<p>&nbsp;<\/p>\n","protected":false},"excerpt":{"rendered":"<p>J.V. Poctiv\u011b p\u0159izn\u00e1m, \u017ee kdy\u017e \u010das od \u010dasu zve\u0159ej\u0148uji \u010dl\u00e1nky z port\u00e1lu Politico.eu, nen\u00ed to&#8230;<\/p>\n","protected":false},"author":2,"featured_media":19683,"comment_status":"closed","ping_status":"closed","sticky":false,"template":"","format":"standard","meta":[],"categories":[6],"tags":[41,1503,350,37],"_links":{"self":[{"href":"https:\/\/www.infokuryr.cz\/n\/wp-json\/wp\/v2\/posts\/77799"}],"collection":[{"href":"https:\/\/www.infokuryr.cz\/n\/wp-json\/wp\/v2\/posts"}],"about":[{"href":"https:\/\/www.infokuryr.cz\/n\/wp-json\/wp\/v2\/types\/post"}],"author":[{"embeddable":true,"href":"https:\/\/www.infokuryr.cz\/n\/wp-json\/wp\/v2\/users\/2"}],"replies":[{"embeddable":true,"href":"https:\/\/www.infokuryr.cz\/n\/wp-json\/wp\/v2\/comments?post=77799"}],"version-history":[{"count":0,"href":"https:\/\/www.infokuryr.cz\/n\/wp-json\/wp\/v2\/posts\/77799\/revisions"}],"wp:featuredmedia":[{"embeddable":true,"href":"https:\/\/www.infokuryr.cz\/n\/wp-json\/wp\/v2\/media\/19683"}],"wp:attachment":[{"href":"https:\/\/www.infokuryr.cz\/n\/wp-json\/wp\/v2\/media?parent=77799"}],"wp:term":[{"taxonomy":"category","embeddable":true,"href":"https:\/\/www.infokuryr.cz\/n\/wp-json\/wp\/v2\/categories?post=77799"},{"taxonomy":"post_tag","embeddable":true,"href":"https:\/\/www.infokuryr.cz\/n\/wp-json\/wp\/v2\/tags?post=77799"}],"curies":[{"name":"wp","href":"https:\/\/api.w.org\/{rel}","templated":true}]}}