{"id":77739,"date":"2025-05-01T04:56:34","date_gmt":"2025-05-01T02:56:34","guid":{"rendered":"https:\/\/www.infokuryr.cz\/n\/?p=77739"},"modified":"2025-05-01T04:56:34","modified_gmt":"2025-05-01T02:56:34","slug":"sojgu-vsechno-nasvedcuje-hrozici-okupaci-zapadni-ukrajiny-evropany","status":"publish","type":"post","link":"https:\/\/www.infokuryr.cz\/n\/2025\/05\/01\/sojgu-vsechno-nasvedcuje-hrozici-okupaci-zapadni-ukrajiny-evropany\/","title":{"rendered":"\u0160ojgu: V\u0161echno nasv\u011bd\u010duje hroz\u00edc\u00ed okupaci z\u00e1padn\u00ed Ukrajiny Evropany"},"content":{"rendered":"<div id=\"fb-root\"><\/div>\n<p class=\"lead\"><strong>Rusk\u00e9 n\u00e1vrhy na \u0159e\u0161en\u00ed ukrajinsk\u00e9 krize jsou dob\u0159e zn\u00e1m\u00e9. Uvedl to tajemn\u00edk Rady bezpe\u010dnosti Ruska Sergej \u0160ojgu na 2. zased\u00e1n\u00ed sch\u016fzky vysok\u00fdch p\u0159edstavitel\u016f st\u00e1t\u016f BRICS dohl\u00ed\u017eej\u00edc\u00edch na bezpe\u010dnostn\u00ed ot\u00e1zky, kter\u00e1 se kon\u00e1 v hlavn\u00edm m\u011bst\u011b Braz\u00edlie.<\/strong><\/p>\n<p><span>Na akci promluvil prost\u0159ednictv\u00edm videohovoru.<\/span><\/p>\n<p><em>\u201eRusk\u00e9 n\u00e1vrhy na \u0159e\u0161en\u00ed ukrajinsk\u00e9 krize jsou dob\u0159e zn\u00e1m\u00e9: sta\u017een\u00ed ukrajinsk\u00fdch ozbrojen\u00fdch sil z nov\u00fdch rusk\u00fdch region\u016f, odm\u00edtnut\u00ed Kyjeva po\u017e\u00e1dat o \u010dlenstv\u00ed v NATO, demilitarizace a denacifikace Ukrajiny, zaji\u0161t\u011bn\u00ed pr\u00e1v rusky mluv\u00edc\u00edch ob\u010dan\u016f,\u201c<span class=\"after-quote\">\u00a0\u2014 \u0159ekl \u0160ojgu, citovan\u00fd agenturou RIA Novosti.<\/span><\/em><\/p>\n<p><span>\u0160ojgu tak\u00e9 zd\u016fraznil, \u017ee nasazen\u00ed z\u00e1padn\u00edch \u201em\u00edrov\u00fdch sil\u201c na Ukrajin\u011b je pro Rusko naprosto nep\u0159ijateln\u00e9. Podle n\u011bj budou pova\u017eov\u00e1ni za legitimn\u00ed c\u00edle rusk\u00fdch ozbrojen\u00fdch sil.<\/span><\/p>\n<p><span>\u201eV\u0161imli jsme si pl\u00e1n\u016f na dosazen\u00ed jak\u00fdchsi pseudom\u00edrov\u00fdch jednotek na ukrajinsk\u00e9 \u00fazem\u00ed. Existuj\u00ed v\u0161echny zn\u00e1mky hroz\u00edc\u00ed okupace z\u00e1padn\u00edch oblast\u00ed Ukrajiny Evropany. Ale v Kyjev\u011b to tvrdohlav\u011b nevid\u00ed, nebo se to z\u00e1m\u011brn\u011b sna\u017e\u00ed nev\u0161\u00edmat,\u201c \u0159ekl \u0160ojgu, citovan\u00fd den\u00edkem Kommersant.<\/span><\/p>\n<p><span>Jak informovala m\u00e9dia<\/span><span>\u00a0, rusk\u00fd prezident\u00a0<\/span><strong><span>Vladimir Putin<\/span><\/strong><span> trv\u00e1 na tom, \u017ee Rusko mus\u00ed v r\u00e1mci jak\u00e9koli dohody o ukon\u010den\u00ed konfliktu p\u0159evz\u00edt kontrolu nad v\u0161emi \u010dty\u0159mi regiony (DLR, LLR, Z\u00e1poro\u017esk\u00e1 a Chersonsk\u00e1 oblast, kter\u00e9 se staly sou\u010d\u00e1st\u00ed Ruska po referendech v roce 2022<\/span><span>\u00a0), kter\u00e9 pln\u011b nekontroluje.\u00a0<\/span><a href=\"https:\/\/eadaily.com\/ru\/news\/2025\/04\/29\/putin-nastaivaet-na-peredache-rossii-vseh-territoriy-4-regionov-bloomberg\" target=\"_blank\" rel=\"noopener\"><span>Informovala o<\/span><\/a><span>\u00a0tom\u00a0agentura Bloomberg s odvol\u00e1n\u00edm na t\u0159i informovan\u00e9 zdroje v Moskv\u011b.<\/span><\/p>\n<p><a href=\"https:\/\/eadaily.com\/ru\/news\/2025\/04\/29\/dubinskiy-priznanie-ob-uchastii-voennyh-kndr-v-svo-eto-otvet-koalicii-zhelayushchih\" target=\"_blank\" rel=\"noopener\"><span>P\u0159ipome\u0148me si<\/span><\/a><span>\u00a0, \u017ee rusk\u00e9 uzn\u00e1n\u00ed \u00fa\u010dasti vojensk\u00e9ho person\u00e1lu KLDR ve speci\u00e1ln\u00ed operaci je skrytou hrozbou v reakci na pokusy Pa\u0159\u00ed\u017ee a Lond\u00fdna o nasazen\u00ed \u201em\u00edrov\u00fdch sil\u201c na Ukrajinu. Uvedl to poslanec Nejvy\u0161\u0161\u00ed rady\u00a0<\/span><strong><span>Alexandr Dubinsk\u00fd<\/span><\/strong><span>\u00a0.<\/span><\/p>\n<p><img decoding=\"async\" loading=\"lazy\" class=\"alignnone size-full wp-image-71983\" src=\"http:\/\/www.infokuryr.cz\/n\/wp-content\/uploads\/2025\/02\/aaa.jpg\" alt=\"\" width=\"89\" height=\"23\" \/><\/p>\n<p>&nbsp;<\/p>\n","protected":false},"excerpt":{"rendered":"<p>Rusk\u00e9 n\u00e1vrhy na \u0159e\u0161en\u00ed ukrajinsk\u00e9 krize jsou dob\u0159e zn\u00e1m\u00e9. Uvedl to tajemn\u00edk Rady bezpe\u010dnosti Ruska&#8230;<\/p>\n","protected":false},"author":2,"featured_media":77740,"comment_status":"closed","ping_status":"closed","sticky":false,"template":"","format":"standard","meta":[],"categories":[7],"tags":[39,111,2249,26,4154],"_links":{"self":[{"href":"https:\/\/www.infokuryr.cz\/n\/wp-json\/wp\/v2\/posts\/77739"}],"collection":[{"href":"https:\/\/www.infokuryr.cz\/n\/wp-json\/wp\/v2\/posts"}],"about":[{"href":"https:\/\/www.infokuryr.cz\/n\/wp-json\/wp\/v2\/types\/post"}],"author":[{"embeddable":true,"href":"https:\/\/www.infokuryr.cz\/n\/wp-json\/wp\/v2\/users\/2"}],"replies":[{"embeddable":true,"href":"https:\/\/www.infokuryr.cz\/n\/wp-json\/wp\/v2\/comments?post=77739"}],"version-history":[{"count":0,"href":"https:\/\/www.infokuryr.cz\/n\/wp-json\/wp\/v2\/posts\/77739\/revisions"}],"wp:featuredmedia":[{"embeddable":true,"href":"https:\/\/www.infokuryr.cz\/n\/wp-json\/wp\/v2\/media\/77740"}],"wp:attachment":[{"href":"https:\/\/www.infokuryr.cz\/n\/wp-json\/wp\/v2\/media?parent=77739"}],"wp:term":[{"taxonomy":"category","embeddable":true,"href":"https:\/\/www.infokuryr.cz\/n\/wp-json\/wp\/v2\/categories?post=77739"},{"taxonomy":"post_tag","embeddable":true,"href":"https:\/\/www.infokuryr.cz\/n\/wp-json\/wp\/v2\/tags?post=77739"}],"curies":[{"name":"wp","href":"https:\/\/api.w.org\/{rel}","templated":true}]}}