{"id":77710,"date":"2025-05-01T00:16:54","date_gmt":"2025-04-30T22:16:54","guid":{"rendered":"https:\/\/www.infokuryr.cz\/n\/?p=77710"},"modified":"2025-04-30T13:34:33","modified_gmt":"2025-04-30T11:34:33","slug":"soudruzko-konecna-po-utocich-rakusanova-oganesjana-by-bylo-vhodne-vzpomenout-martina-niemollera-kdyz-prisli-naciste","status":"publish","type":"post","link":"https:\/\/www.infokuryr.cz\/n\/2025\/05\/01\/soudruzko-konecna-po-utocich-rakusanova-oganesjana-by-bylo-vhodne-vzpomenout-martina-niemollera-kdyz-prisli-naciste\/","title":{"rendered":"Soudru\u017eko Kone\u010dn\u00e1, po \u00fatoc\u00edch Raku\u0161anova Oganesjana by bylo vhodn\u00e9 vzpomenout Martina Niem\u00f6llera &#8222;Kdy\u017e p\u0159i\u0161li nacist\u00e9&#8220;"},"content":{"rendered":"<div id=\"fb-root\"><\/div>\n<div class=\"introtext\">\n<h4><strong>P\u0159ed \u00fa\u0159adem vl\u00e1dy tento Raku\u0161an\u016fv arm\u00e9nsk\u00fd terorista Oganesjan masakroval petenty a d\u016fchodce. M\u011bl no\u017ee, v\u00fdbu\u0161niny za tich\u00e9ho ml\u010den\u00ed Raku\u0161anovy policie. V\u011bt\u0161ina z v\u00e1s ml\u010dela. Zn\u00e1te origin\u00e1l: Kdy\u017e p\u0159i\u0161li nacist\u00e9?<\/strong><\/h4>\n<\/div>\n<div class=\"fulltext\">\n<p>Peti\u010dn\u00ed st\u00e1nek, kter\u00fd byl tich\u00fdm protestem proti o\u017eebra\u010dov\u00e1n\u00ed slu\u0161n\u00fdch, ale chud\u00fdch, byl likvidov\u00e1n t\u011bmito komandy. Kde jste byla, pan\u00ed Kone\u010dn\u00e1, kde byl Turek, kde byl Macinka, kde byli v\u0161ichni ti, kte\u0159\u00ed si myli ruce? Pom\u00e1hala strana PRO, doktor Jind\u0159ich Rajchl a vy jste si ne\u0161pinili ruce. Ne\u017e do\u0161lo na v\u00e1s!<\/p>\n<p><strong><img decoding=\"async\" loading=\"lazy\" class=\"aligncenter\" src=\"https:\/\/www.skrytapravda.cz\/images\/blogy\/805\/2025\/cenzura\/pak_p%C5%99i%C5%A1li_pro_m%C4%9B_4c1bb.webp\" alt=\"Sn\u00edmek obrazovky 2700 041b3\" width=\"575\" height=\"486\" \/><\/strong><\/p>\n<p><strong>Ti, kdo se zast\u00e1vali slu\u0161n\u00fdch, ale chud\u00fdch lid\u00ed \u010di d\u016fchodc\u016f, byli pra\u0161iv\u00ed, proru\u0161t\u00ed dezol\u00e1ti.\u00a0<\/strong>Proto\u017ee starat se o lidsk\u00fd odpad, jak to naz\u00fdv\u00e1 Raku\u0161anovo teroristick\u00e9 komando, kter\u00fd, a\u010d pracoval, nem\u00e1 na j\u00eddlo \u010di bydlen\u00ed v\u010detn\u011b maminek samo\u017eivitelek a handicapovan\u00fdch je odporn\u00e9.<\/p>\n<p>A pak si komando do\u0161l\u00e1plo na v\u00e1s! Ale interpelace v Bruselu a v\u016f\u010di na\u0161\u00ed vl\u00e1d\u011b m\u011bly b\u00fdt v jedn\u00e9 rovin\u011b: ne se jen stranit, \u017evanit v televiz\u00edch jako Motorist\u00e9 a ve skute\u010dnosti to hr\u00e1t na ob\u011b strany.\u00a0<strong>V\u0161e schyt\u00e1val Tomio Okamura a Jind\u0159ich Rajchl.<\/strong> A vy jste si v pozad\u00ed oh\u0159\u00edvali pol\u00edv\u010di\u010dku. Je jasn\u00e9, \u017ee Raku\u0161an\u00a0 a jeho party terorizuj\u00edc\u00edch od Kartouzov\u00fdch Elf\u016f, troll\u016f, a\u017e po Oganesjanovu fyzicky teroristickou partu toho n\u00e1le\u017eit\u011b vyu\u017e\u00edvaly a nejen slovn\u011b, ale i fyzicky ml\u00e1tili oby\u010dejn\u00e9 lidi.<\/p>\n<p>Nikdy nebudu volit Turka, Macinku, komunisty dne\u0161n\u00edho typu z filozofick\u00e9ho d\u016fvodu (nikoliv, \u017ee bych zazl\u00edval komunist\u016fm pades\u00e1t\u00e1 l\u00e9ta, proto\u017ee agent komunista P\u00e1vek naopak na Pra\u017esk\u00e9m hradu terorizuj\u00edc\u00ed skupiny adoruje a je dokonce z jejich l\u016fna Evropsk\u00fdch hodnot,) ale je kone\u010dn\u011b \u010das v z\u00e1kladn\u00edch atributech svobody , veden\u00ed st\u00e1tu a m\u00edru naj\u00edt spole\u010dnou \u0159e\u010d.<\/p>\n<p>Strana SPD u\u017e to dok\u00e1zala a spoluprac\u00ed s Jind\u0159ichem Rajchlem, Liborem Vondr\u00e1\u010dkem a Majerovou siln\u011b posiluje, by\u0165 s n\u00ed cht\u011bj\u00ed v\u016fdci bruselsk\u00e9 \u0159\u00ed\u0161e zam\u00e9st.<\/p>\n<p>A policie v \u010cesk\u00e9 republice u\u017e d\u00e1vno nepln\u00ed svoji \u00falohu ochrany slu\u0161n\u00e9ho \u010dlov\u011bka. Teroristick\u00e9 party zvy\u0161uj\u00ed agresivitu\u00a0<strong>za tich\u00e9ho souhlasu Raku\u0161ana a policejn\u00edho \u0159editele Martina Vondr\u00e1\u0161ka!<\/strong><\/p>\n<p><img decoding=\"async\" loading=\"lazy\" class=\"aligncenter\" src=\"https:\/\/www.skrytapravda.cz\/images\/blogy\/805\/2025\/4duben\/krev_raku%C5%A1ana2_03e2e.webp\" alt=\"krev raku\u0161ana2 03e2e\" width=\"673\" height=\"381\" \/><\/p>\n<p>St\u00ed\u017enosti zas\u00edlan\u00e9 na policii jsou h\u00e1zeny pod st\u016fl, komanda napadaj\u00ed ob\u010dany kdekoliv dokonce p\u0159ed o\u010dima policie na Starom\u011bstsk\u00e9m n\u00e1m\u011bst\u00ed, bij\u00ed je obu\u0161ky, h\u00e1z\u00ed po lidech z\u00e1paln\u00e9 bomby, pou\u017e\u00edvaj\u00ed k napad\u00e1n\u00ed pep\u0159ov\u00e9 spreje a policie se jen usm\u00edv\u00e1 a posm\u00edv\u00e1. To v\u0161e p\u0159ed zraky ministra Raku\u0161ana a pseudoprezidenta b\u00fdval\u00e9ho komunistick\u00e9ho agenta P\u00e1vka na Pra\u017esk\u00e9m hrad\u011b.<\/p>\n<h3><strong>TO U\u017d JE STRA\u0160N\u00c9!<\/strong><\/h3>\n<p><img decoding=\"async\" loading=\"lazy\" class=\"aligncenter\" src=\"https:\/\/www.skrytapravda.cz\/images\/blogy\/805\/2025\/4duben\/Oganesjanova_jednotka-1_ceb26.webp\" alt=\"Oganesjanova jednotka 1 ceb26\" width=\"682\" height=\"618\" \/><\/p>\n<h3>A co se d\u011bje? Nic!<\/h3>\n<p><img decoding=\"async\" loading=\"lazy\" class=\"aligncenter\" src=\"https:\/\/www.skrytapravda.cz\/images\/blogy\/805\/2025\/4duben\/st%C3%AD%C5%BEnost_d5881.webp\" alt=\"st\u00ed\u017enost d5881\" width=\"769\" height=\"934\" \/><\/p>\n<p>Nyn\u00ed si zasedli na komunisty, na kter\u00e9 to pr\u00fd maj\u00ed pr\u00e1vo ze z\u00e1kona. Komunista na Pra\u017esk\u00e9m hrad\u011b jim to pr\u00fd povolil. \u00daryvek z FORUM 24: Daniela Sterzika alias Vidl\u00e1ka. Na jeho aut\u011b upravil st\u00e1tn\u00ed pozn\u00e1vac\u00ed zna\u010dku (SPZ) a n\u00e1sledn\u011b p\u0159ivolal policisty. Za p\u0159estupek te\u010f Sterzikovi hroz\u00ed z\u00e1kaz \u0159\u00edzen\u00ed a\u017e na jeden rok. Kone\u010dn\u00e1 n\u00e1sledn\u011b vyzvala ministra vnitra V\u00edta Raku\u0161ana (STAN), aby se celou v\u011bc\u00ed zab\u00fdval&#8230;\u00a0<strong>Tak\u017ee je dokonce nafilmovan\u00fd krimin\u00e1ln\u00ed \u010din a Raku\u0161an st\u00ed\u017enost shod\u00ed ze stolu a FORUM 24 se po\u0161kozen\u00fdm vysm\u00edv\u00e1!<\/strong><\/p>\n<p><img decoding=\"async\" loading=\"lazy\" class=\"aligncenter\" src=\"https:\/\/www.skrytapravda.cz\/images\/blogy\/805\/2025\/4duben\/Sn%C3%ADmek_obrazovky_2714_c6240.webp\" alt=\"Sn\u00edmek obrazovky 2714 c6240\" width=\"734\" height=\"405\" \/><\/p>\n<h3>Provokace Ukrajinc\u016f se mno\u017e\u00ed a op\u011bt za tich\u00e9ho souhlasu Raku\u0161ana a Vondr\u00e1\u0161ka!<\/h3>\n<p><a title=\"Rajchl k incidentu v Brn\u011b: Ukrajinec strkal do star\u0161\u00ed \u017eeny. Zastavil ho \u010cech, m\u00e1 probl\u00e9m\" href=\"https:\/\/www.parlamentnilisty.cz\/arena\/rozhovory\/Rajchl-k-incidentu-v-Brne-Ukrajinec-strkal-do-starsi-zeny-Zastavil-ho-Cech-ma-problem-773121\" target=\"_blank\" rel=\"noopener\">Rajchl k incidentu v Brn\u011b: Ukrajinec strkal do star\u0161\u00ed \u017eeny. Zastavil ho \u010cech, m\u00e1 probl\u00e9m<\/a><\/p>\n<p>A zlo\u010diny \u010di nepr\u00e1ce policie se mno\u017e\u00ed!<\/p>\n<p><a title=\"\u201eSelh\u00e1n\u00ed policie, \u00fapln\u00e9 zesm\u011b\u0161n\u011bn\u00ed.\u201c Zastaven\u00ed Pochodu pro \u017eivot vyvol\u00e1v\u00e1 ostrou kritiku\" href=\"https:\/\/www.echo24.cz\/a\/Hmky6\/zpravy-domaci-pochod-pro-zivot-blokada-kritika-policie-praha-lidovci\" target=\"_blank\" rel=\"noopener\">\u201eSelh\u00e1n\u00ed policie, \u00fapln\u00e9 zesm\u011b\u0161n\u011bn\u00ed.\u201c Zastaven\u00ed Pochodu pro \u017eivot vyvol\u00e1v\u00e1 ostrou kritiku<\/a><\/p>\n<p>Ale v\u0161imn\u011bte si, co je prvn\u00ed starost\u00ed Brad\u00e1\u010dov\u00e9: kvalita st\u00e1tn\u00edch z\u00e1stupc\u016f, \u017ealobc\u016f? Nedejte se vysm\u00e1t: navalte prachy, kvalita pr\u00e1ce a spravedlnost je vedlej\u0161\u00ed! S \u017eebrotou d\u011blnickou nem\u00e1me nic spole\u010dn\u00e9ho&#8230;<\/p>\n<p><a title=\"Chceme pen\u00edze - Brad\u00e1\u010dov\u00e1: Platy \u017ealobc\u016f...\" href=\"https:\/\/www.idnes.cz\/zpravy\/domaci\/bradacova-nechce-aby-se-platy-zalobcu-delily-od-platu-soudcu.A250429_185137_domaci_doub#utm_source=rss&amp;utm_medium=feed&amp;utm_campaign=domaci&amp;utm_content=main\" target=\"_blank\" rel=\"noopener\">Chceme pen\u00edze &#8211; Brad\u00e1\u010dov\u00e1: Platy \u017ealobc\u016f&#8230;<\/a><\/p>\n<h4><strong>A nyn\u00ed se op\u011bt p\u0159e\u010dt\u011bte v\u00fdrok Martina Niem\u00f6llera, bojovn\u00edka proti n\u011bmeck\u00e9mu nacismu v \u00favodu z koncentra\u010dn\u00edho t\u00e1bora: nemysl\u00edte, \u017ee dozr\u00e1l \u010das?<\/strong><\/h4>\n<p><a href=\"https:\/\/www.skrytapravda.cz\/z-domova\/2538-soudruzko-konecna-po-utocich-rakusanova-oganesjana-by-bylo-vhodne-vzpomenout-martina-niemoellera-kdyz-prisli-naciste\">Petr Pokorn\u00fd<\/a><\/p>\n<p>&nbsp;<\/p>\n<\/div>\n","protected":false},"excerpt":{"rendered":"<p>P\u0159ed \u00fa\u0159adem vl\u00e1dy tento Raku\u0161an\u016fv arm\u00e9nsk\u00fd terorista Oganesjan masakroval petenty a d\u016fchodce. M\u011bl no\u017ee, v\u00fdbu\u0161niny&#8230;<\/p>\n","protected":false},"author":2,"featured_media":77711,"comment_status":"closed","ping_status":"closed","sticky":false,"template":"","format":"standard","meta":[],"categories":[6],"tags":[6720,716,1483],"_links":{"self":[{"href":"https:\/\/www.infokuryr.cz\/n\/wp-json\/wp\/v2\/posts\/77710"}],"collection":[{"href":"https:\/\/www.infokuryr.cz\/n\/wp-json\/wp\/v2\/posts"}],"about":[{"href":"https:\/\/www.infokuryr.cz\/n\/wp-json\/wp\/v2\/types\/post"}],"author":[{"embeddable":true,"href":"https:\/\/www.infokuryr.cz\/n\/wp-json\/wp\/v2\/users\/2"}],"replies":[{"embeddable":true,"href":"https:\/\/www.infokuryr.cz\/n\/wp-json\/wp\/v2\/comments?post=77710"}],"version-history":[{"count":1,"href":"https:\/\/www.infokuryr.cz\/n\/wp-json\/wp\/v2\/posts\/77710\/revisions"}],"predecessor-version":[{"id":77712,"href":"https:\/\/www.infokuryr.cz\/n\/wp-json\/wp\/v2\/posts\/77710\/revisions\/77712"}],"wp:featuredmedia":[{"embeddable":true,"href":"https:\/\/www.infokuryr.cz\/n\/wp-json\/wp\/v2\/media\/77711"}],"wp:attachment":[{"href":"https:\/\/www.infokuryr.cz\/n\/wp-json\/wp\/v2\/media?parent=77710"}],"wp:term":[{"taxonomy":"category","embeddable":true,"href":"https:\/\/www.infokuryr.cz\/n\/wp-json\/wp\/v2\/categories?post=77710"},{"taxonomy":"post_tag","embeddable":true,"href":"https:\/\/www.infokuryr.cz\/n\/wp-json\/wp\/v2\/tags?post=77710"}],"curies":[{"name":"wp","href":"https:\/\/api.w.org\/{rel}","templated":true}]}}