{"id":77687,"date":"2025-05-01T00:15:37","date_gmt":"2025-04-30T22:15:37","guid":{"rendered":"https:\/\/www.infokuryr.cz\/n\/?p=77687"},"modified":"2025-04-30T12:14:00","modified_gmt":"2025-04-30T10:14:00","slug":"bily-islam-jak-eu-pripravuje-pudu-pro-nove-nahradni-nabozenstvi-v-evrope","status":"publish","type":"post","link":"https:\/\/www.infokuryr.cz\/n\/2025\/05\/01\/bily-islam-jak-eu-pripravuje-pudu-pro-nove-nahradni-nabozenstvi-v-evrope\/","title":{"rendered":"B\u00edl\u00fd isl\u00e1m: Jak EU p\u0159ipravuje p\u016fdu pro nov\u00e9 n\u00e1hradn\u00ed n\u00e1bo\u017eenstv\u00ed v Evrop\u011b"},"content":{"rendered":"<div id=\"fb-root\"><\/div>\n<div class=\"elementor-element elementor-element-1fb4c2c elementor-widget elementor-widget-theme-post-content\" data-id=\"1fb4c2c\" data-element_type=\"widget\" data-widget_type=\"theme-post-content.default\">\n<div class=\"elementor-widget-container\">\n<h3><strong><span>Kritick\u00fd pohled na projekt \u201eB\u00edl\u00fd isl\u00e1m\u201c (WhIsE)<\/span><\/strong><\/h3>\n<p><a href=\"https:\/\/cordis.europa.eu\/project\/id\/892075\/de\" target=\"_blank\" rel=\"noreferrer noopener\" data-type=\"link\" data-id=\"https:\/\/cordis.europa.eu\/project\/id\/892075\/de\"><span>Projekt \u201eB\u00edl\u00fd isl\u00e1m: Nov\u00e9 n\u00e1bo\u017eenstv\u00ed pro Evropany\u201c (WhIsE) financovan\u00fd<\/span><\/a><span>\u00a0Evropskou uni\u00ed\u00a0kone\u010dn\u011b odhalil to, co mnoz\u00ed dlouho tu\u0161ili:<\/span><br \/>\n<span>Pod rou\u0161kou v\u00fdzkumu se aktivn\u011b pracuje na nov\u00e9m, politicky kompatibiln\u00edm n\u00e1bo\u017eenstv\u00ed \u2013 \u201enov\u00e9 identit\u011b\u201c pro vyko\u0159en\u011bn\u00e9 n\u00e1rody Evropy.<\/span><\/p>\n<p><span>To, co je na ofici\u00e1ln\u00edch webov\u00fdch str\u00e1nk\u00e1ch projektu akademicky prezentov\u00e1no jako \u201eanal\u00fdza konzervativn\u00ed kritiky liberalismu\u201c, se p\u0159i bli\u017e\u0161\u00edm zkoum\u00e1n\u00ed uk\u00e1\u017ee jako ideologick\u00e1 v\u00fdbu\u0161n\u00e1 n\u00e1lo\u017e nam\u00ed\u0159en\u00e1 proti zaveden\u00fdm kulturn\u00edm a n\u00e1bo\u017eensk\u00fdm z\u00e1klad\u016fm Evropy.<\/span><\/p>\n<h2 class=\"wp-block-heading\"><span>Migrace jako katalyz\u00e1tor \u2013 identita jako c\u00edl<\/span><\/h2>\n<p><span>Evropa je ji\u017e l\u00e9ta destabilizov\u00e1na masovou migrac\u00ed.<\/span><br \/>\n<span>Tato migra\u010dn\u00ed vlna, ofici\u00e1ln\u011b prezentovan\u00e1 jako \u201ehumanit\u00e1rn\u00ed povinnost\u201c, ve skute\u010dnosti slou\u017e\u00ed k rozd\u011blen\u00ed tradi\u010dn\u00edch spole\u010dnost\u00ed, oslaben\u00ed n\u00e1rodn\u00edch identit a p\u0159i\u017eivov\u00e1n\u00ed soci\u00e1ln\u00edch konflikt\u016f.<\/span><br \/>\n<span>D\u016fsledek: strach, nejistota a pocit, \u017ee osv\u011bd\u010den\u00e9 metody u\u017e nefunguj\u00ed.<\/span><\/p>\n<p><span>Pr\u00e1v\u011b v tomto um\u011ble vytvo\u0159en\u00e9m chaosu\u00a0za\u010d\u00edn\u00e1\u00a0<\/span><a href=\"https:\/\/cordis.europa.eu\/project\/id\/892075\/de\" target=\"_blank\" rel=\"noreferrer noopener\" data-type=\"link\" data-id=\"https:\/\/cordis.europa.eu\/project\/id\/892075\/de\"><span>projekt WhIsE<\/span><\/a><br \/>\n<span>: Nezkoum\u00e1 neutr\u00e1ln\u011b, ale obhajuje,\u00a0<\/span><strong><span>jak by se isl\u00e1msk\u00e9 hodnoty mohly etablovat jako alternativa ke k\u0159es\u0165ansk\u00fdm a liber\u00e1ln\u00edm tradic\u00edm Evropy, kter\u00e9 jsou prezentov\u00e1ny jako \u201ezastaral\u00e9\u201c<\/span><\/strong><span>\u00a0.<\/span><\/p>\n<h2 class=\"wp-block-heading\"><span>Nov\u00e9 n\u00e1bo\u017eenstv\u00ed pro vyko\u0159en\u011bn\u00e9 Evropany?<\/span><\/h2>\n<p><span>D\u016fraz je kladen na\u00a0<\/span><strong><span>hnut\u00ed Murabitun<\/span><\/strong><span>\u00a0, skupinu z\u00e1padn\u00edch konvertit\u016f, kte\u0159\u00ed propaguj\u00ed antiliber\u00e1ln\u00ed isl\u00e1msk\u00fd \u017eivotn\u00ed styl.<\/span><br \/>\n<span>WhIsE m\u00e1 otev\u0159en\u00fd z\u00e1jem\u00a0<\/span><strong><span>prozkoumat toto hnut\u00ed jako model pro nov\u00fd \u201eetick\u00fd z\u00e1klad\u201c pro Evropu<\/span><\/strong><span>\u00a0\u2013 a t\u00edm nep\u0159\u00edmo rozv\u00edjet nov\u00e9, syst\u00e9mov\u011b konformn\u00ed n\u00e1hradn\u00ed n\u00e1bo\u017eenstv\u00ed.<\/span><\/p>\n<p><span>U\u017e nejde o to, aby n\u00e1bo\u017eenstv\u00ed mohla existovat vedle sebe, ale o aktivn\u00ed\u00a0<\/span><strong><span>nahrazov\u00e1n\u00ed star\u00fdch evropsk\u00fdch hodnot novou ideologicky u\u017eite\u010dnou formou v\u00edry<\/span><\/strong><span>\u00a0.<\/span><\/p>\n<ul>\n<li><span>Isl\u00e1m je nejen p\u0159ij\u00edm\u00e1n jako ciz\u00ed n\u00e1bo\u017eenstv\u00ed, ale\u00a0<\/span><strong><span>je tak\u00e9 instrumentalizov\u00e1n<\/span><\/strong><span>\u00a0.<\/span><\/li>\n<li><span>K\u0159es\u0165anstv\u00ed a sekularismus jsou znehodnocov\u00e1ny jako zastaral\u00e9 relikvie.<\/span><\/li>\n<li><span>Zb\u00fdv\u00e1 jen vyko\u0159en\u011bn\u00e9, nov\u011b definovan\u00e9 \u201eevropsk\u00e9 j\u00e1\u201c, slu\u010diteln\u00e9 s pl\u00e1ny glob\u00e1ln\u00edho \u0159\u00e1du.<\/span><\/li>\n<\/ul>\n<h2 class=\"wp-block-heading\"><span>Nebezpe\u010dn\u00e1 trivializace autorit\u00e1\u0159sk\u00fdch koncept\u016f<\/span><\/h2>\n<p><span>Projekt se vyh\u00fdb\u00e1 jak\u00e9mukoli kritick\u00e9mu odstupu od hnut\u00ed Murabitun, kter\u00e9 ve skute\u010dnosti\u00a0<\/span><strong><span>p\u0159edstavuje teokratick\u00e9 a protiz\u00e1padn\u00ed ide\u00e1ly<\/span><\/strong><span>\u00a0.<\/span><br \/>\n<span>Zpochyb\u0148ov\u00e1n\u00ed a anal\u00fdza jejich spis\u016f neslou\u017e\u00ed jako varov\u00e1n\u00ed, ale sp\u00ed\u0161e jako\u00a0<\/span><strong><span>podprahov\u00e1 legitimizace t\u00e9to ideologie<\/span><\/strong><span>\u00a0.<\/span><\/p>\n<p><span>Ti, kdo nekriticky zkoumaj\u00ed n\u00e1bo\u017eensk\u00fd autorit\u00e1\u0159stv\u00ed v nov\u00fdch podob\u00e1ch, v kone\u010dn\u00e9m d\u016fsledku podporuj\u00ed jeho spole\u010densk\u00e9 p\u0159ijet\u00ed.<\/span><\/p>\n<h2 class=\"wp-block-heading\"><span>Cena za budoucnost Evropy<\/span><\/h2>\n<p><span>WhIsE nen\u00ed ne\u0161kodn\u00e1 v\u011bdeck\u00e1 studie.<\/span><br \/>\n<span>Je to sou\u010d\u00e1st mnohem v\u011bt\u0161\u00ed skl\u00e1da\u010dky:<\/span><\/p>\n<ul>\n<li><span>Zaprv\u00e9, spole\u010densk\u00fd \u0159\u00e1d je destabilizov\u00e1n,<\/span><\/li>\n<li><span>pak se vytvo\u0159\u00ed um\u011bl\u00e1 pr\u00e1zdnota,<\/span><\/li>\n<li><span>a nakonec je nab\u00eddnuta nov\u00e1, ovladateln\u00e1 identita.<\/span><\/li>\n<\/ul>\n<p><span>Identita, kter\u00e1 ji\u017e nestav\u00ed na star\u00fdch, kulturn\u011b vyrostl\u00fdch z\u00e1kladech \u2013 ale zcela je nahrazuje, aby vytvo\u0159ila konformn\u00ed, snadno ovladatelnou masu.<\/span><\/p>\n<h2 class=\"wp-block-heading\"><span>Z\u00e1v\u011br:<\/span><\/h2>\n<p><strong><span>\u201eB\u00edl\u00fd isl\u00e1m\u201c symbolizuje gigantick\u00fd projekt soci\u00e1ln\u00ed p\u0159ev\u00fdchovy, kter\u00fd pod praporem tolerance a diverzity naru\u0161uje j\u00e1dro Evropy.<\/span><\/strong><\/p>\n<p><span>Ka\u017ed\u00fd, kdo si st\u00e1le mysl\u00ed, \u017ee se jedn\u00e1 pouze o \u201ev\u00fdzkum\u201c, \u0161patn\u011b odhaduje dynamiku:<\/span><br \/>\n<span>Zde se aktivn\u011b pracuje na vyko\u0159en\u011bn\u00ed, p\u0159ev\u00fdchov\u011b a p\u0159eform\u00e1tov\u00e1n\u00ed Evropy \u2013 financov\u00e1no z pen\u011bz da\u0148ov\u00fdch poplatn\u00edk\u016f.<\/span><\/p>\n<p><span>\u00datok na evropskou identitu u\u017e nen\u00ed skryt\u00fd. Je to u\u017e d\u00e1vno institucionalizov\u00e1no.<\/span><\/p>\n<\/div>\n<\/div>\n<div class=\"elementor-element elementor-element-8c57238 quelle dc-has-condition dc-condition-empty elementor-widget elementor-widget-heading\" data-id=\"8c57238\" data-element_type=\"widget\" data-widget_type=\"heading.default\">\n<div class=\"elementor-widget-container\">\n<h3 class=\"elementor-heading-title elementor-size-default\"><span style=\"font-size: 10pt;\"><a href=\"https:\/\/cordis.europa.eu\/project\/id\/892075\/de\" target=\"_blank\" rel=\"nofollow noopener\">Zdroj<\/a><\/span><\/h3>\n<p>&nbsp;<\/p>\n<\/div>\n<\/div>\n","protected":false},"excerpt":{"rendered":"<p>Kritick\u00fd pohled na projekt \u201eB\u00edl\u00fd isl\u00e1m\u201c (WhIsE) Projekt \u201eB\u00edl\u00fd isl\u00e1m: Nov\u00e9 n\u00e1bo\u017eenstv\u00ed pro Evropany\u201c (WhIsE)&#8230;<\/p>\n","protected":false},"author":2,"featured_media":77688,"comment_status":"closed","ping_status":"closed","sticky":false,"template":"","format":"standard","meta":[],"categories":[7],"tags":[41,91,1253],"_links":{"self":[{"href":"https:\/\/www.infokuryr.cz\/n\/wp-json\/wp\/v2\/posts\/77687"}],"collection":[{"href":"https:\/\/www.infokuryr.cz\/n\/wp-json\/wp\/v2\/posts"}],"about":[{"href":"https:\/\/www.infokuryr.cz\/n\/wp-json\/wp\/v2\/types\/post"}],"author":[{"embeddable":true,"href":"https:\/\/www.infokuryr.cz\/n\/wp-json\/wp\/v2\/users\/2"}],"replies":[{"embeddable":true,"href":"https:\/\/www.infokuryr.cz\/n\/wp-json\/wp\/v2\/comments?post=77687"}],"version-history":[{"count":0,"href":"https:\/\/www.infokuryr.cz\/n\/wp-json\/wp\/v2\/posts\/77687\/revisions"}],"wp:featuredmedia":[{"embeddable":true,"href":"https:\/\/www.infokuryr.cz\/n\/wp-json\/wp\/v2\/media\/77688"}],"wp:attachment":[{"href":"https:\/\/www.infokuryr.cz\/n\/wp-json\/wp\/v2\/media?parent=77687"}],"wp:term":[{"taxonomy":"category","embeddable":true,"href":"https:\/\/www.infokuryr.cz\/n\/wp-json\/wp\/v2\/categories?post=77687"},{"taxonomy":"post_tag","embeddable":true,"href":"https:\/\/www.infokuryr.cz\/n\/wp-json\/wp\/v2\/tags?post=77687"}],"curies":[{"name":"wp","href":"https:\/\/api.w.org\/{rel}","templated":true}]}}