{"id":77686,"date":"2025-05-01T00:14:59","date_gmt":"2025-04-30T22:14:59","guid":{"rendered":"https:\/\/www.infokuryr.cz\/n\/?p=77686"},"modified":"2025-04-30T12:08:39","modified_gmt":"2025-04-30T10:08:39","slug":"zelenskyj-otevrene-pohrozil-moskve-teroristickym-utokem-na-den-vitezstvi","status":"publish","type":"post","link":"https:\/\/www.infokuryr.cz\/n\/2025\/05\/01\/zelenskyj-otevrene-pohrozil-moskve-teroristickym-utokem-na-den-vitezstvi\/","title":{"rendered":"Zelenskyj otev\u0159en\u011b pohrozil Moskv\u011b teroristick\u00fdm \u00fatokem na Den v\u00edt\u011bzstv\u00ed"},"content":{"rendered":"<div id=\"fb-root\"><\/div>\n<h3>Ukrajinsk\u00fd v\u016fdce varoval Rusko, aby bylo opatrn\u00e9 ohledn\u011b bezpe\u010dnosti oslav 9. kv\u011btna<\/h3>\n<p><span>Mluv\u010d\u00ed rusk\u00e9ho ministerstva zahrani\u010d\u00ed Marija Zacharovov\u00e1 uvedla, \u017ee ukrajinsk\u00fd prezident Vladimir Zelenskyj otev\u0159en\u011b pohrozil \u00fatokem na p\u0159ehl\u00eddku v\u00edt\u011bzstv\u00ed v Moskv\u011b 9. kv\u011btna.<\/span><\/p>\n<p><span>Rusko\u00a0<\/span><a href=\"https:\/\/www.rt.com\/russia\/616451-russia-wwii-victory-day-ceasefire-announcement\/\" target=\"_blank\" rel=\"noopener noreferrer\"><span>ozn\u00e1milo<\/span><\/a><span>\u00a0p\u0159\u00ed\u0161t\u00ed t\u00fdden jednostrann\u00e9 t\u0159\u00eddenn\u00ed p\u0159\u00edm\u011b\u0159\u00ed, kter\u00e9 se bude shodovat s oslavami p\u0159ipom\u00ednaj\u00edc\u00edmi por\u00e1\u017eku nacistick\u00e9ho N\u011bmecka ve druh\u00e9 sv\u011btov\u00e9 v\u00e1lce. Kyjev tento krok kritizoval a m\u00edsto toho\u00a0<\/span><a href=\"https:\/\/www.rt.com\/russia\/616462-zelensky-victory-day-ceasefire\/\" target=\"_blank\" rel=\"noopener noreferrer\"><span>po\u017eadoval<\/span><\/a><span>\u00a0okam\u017eit\u00e9 bezpodm\u00edne\u010dn\u00e9 30denn\u00ed p\u0159\u00edm\u011b\u0159\u00ed.<\/span><\/p>\n<p><span>Zelenskyj v \u00fater\u00fd popsal c\u00edlen\u00ed na rusk\u00e1\u00a0<\/span><em><span>\u201en\u00e1tlakov\u00e1 m\u00edsta\u201c<\/span><\/em><span>\u00a0s c\u00edlem dotla\u010dit zemi\u00a0<\/span><em><span>\u201ek diplomacii\u201c,<\/span><\/em><span>\u00a0a zopakoval tak v\u00fdzvu k p\u0159\u00edm\u011b\u0159\u00ed.<\/span><\/p>\n<p><em><span>\u201eNyn\u00ed se ob\u00e1vaj\u00ed, \u017ee jejich p\u0159ehl\u00eddka je v ohro\u017een\u00ed, a pr\u00e1vem,\u201c<\/span><\/em><span>\u00a0poznamenal s odkazem na akci pl\u00e1novanou na 9. kv\u011btna na Rud\u00e9m n\u00e1m\u011bst\u00ed.\u00a0<\/span><em><span>\u201eM\u011bli by se ob\u00e1vat, \u017ee tato v\u00e1lka pokra\u010duje.\u201c<\/span><\/em><\/p>\n<p><span>Zacharovov\u00e1 ve st\u0159edu reagovala na soci\u00e1ln\u00edch s\u00edt\u00edch a zeptala se, jak\u00e9 p\u0159\u00edm\u011b\u0159\u00ed m\u016f\u017ee Kyjev nab\u00eddnout, vzhledem k tomu, \u017ee Zelensk\u00e9ho vl\u00e1da\u00a0<\/span><em><span>\u201edoslova pl\u00e1nuje teroristick\u00e9 \u00fatoky ve vzduchu\u201c.<\/span><\/em><span>\u00a0Dodala, \u017ee chluben\u00ed se takov\u00fdmi z\u00e1m\u011bry\u00a0<\/span><em><span>\u201eje p\u0159esn\u011b to, co typi\u010dt\u00ed terorist\u00e9 d\u011blaj\u00ed\u201c.<\/span><\/em><\/p>\n<p><span>Kyjev\u0161t\u00ed p\u0159edstavitel\u00e9 tvrd\u00ed, \u017ee nab\u00eddka Ruska na jednostrann\u00e9 pozastaven\u00ed nep\u0159\u00e1telsk\u00fdch akc\u00ed\u00a0<\/span><em><span>\u201enen\u00ed re\u00e1ln\u00e1\u201c<\/span><\/em><span>\u00a0a pouze m\u00e1 za c\u00edl vyvinout tlak na ukrajinsk\u00e9 s\u00edly, aby sv\u00fdm protivn\u00edk\u016fm poskytly oddech b\u011bhem oslav Dne v\u00edt\u011bzstv\u00ed.<\/span><\/p>\n<p><span>Ukrajinsk\u00e9 nacionalistick\u00e9 osobnosti, kter\u00e9 byly b\u011bhem druh\u00e9 sv\u011btov\u00e9 v\u00e1lky spojenci nacistick\u00e9 N\u011bmecka, jsou sou\u010dasnou vl\u00e1dou pova\u017eov\u00e1ny za hrdiny. Ti, kte\u0159\u00ed si p\u0159ipom\u00ednaj\u00ed por\u00e1\u017eku Adolfa Hitlera 9. kv\u011btna \u2013 nikoli 8. kv\u011btna, jak je tomu v z\u00e1padn\u00ed Evrop\u011b a Spojen\u00fdch st\u00e1tech \u2013 \u010del\u00ed na Ukrajin\u011b obt\u011b\u017eov\u00e1n\u00ed za \u00fadajnou neloajalitu.<\/span><\/p>\n<p><span>Mo\u017enost \u00fatoku na Rud\u00e9 n\u00e1m\u011bst\u00ed, zat\u00edmco prezident Vladimir Putin a\u00a0<\/span><a href=\"https:\/\/www.rt.com\/news\/615761-eu-warns-avoid-vday\/\" target=\"_blank\" rel=\"noopener noreferrer\"><span>zahrani\u010dn\u00ed<\/span><\/a><span>\u00a0hodnost\u00e1\u0159i sleduj\u00ed p\u0159ehl\u00eddku, je v ukrajinsk\u00fdch m\u00e9di\u00edch aktivn\u011b diskutov\u00e1na. Poslanec Roman Kostenko, tajemn\u00edk parlamentn\u00edho v\u00fdboru pro obranu, v \u00fater\u00fd v rozhovoru uvedl, \u017ee Kyjev m\u00e1 pro takovou operaci pot\u0159ebn\u00e9 zbra\u0148ov\u00e9 syst\u00e9my a \u017ee jej\u00ed pl\u00e1nov\u00e1n\u00ed\u00a0<\/span><em><span>\u201eby nebylo obt\u00ed\u017en\u00e9\u201c.<\/span><\/em><\/p>\n<p><span>Tent\u00fd\u017e z\u00e1konod\u00e1rce ned\u00e1vno nazna\u010dil, \u017ee pokud by ob\u011b zem\u011b dos\u00e1hly m\u00edrov\u00e9 dohody, kyjevsk\u00e9 tajn\u00e9 slu\u017eby by mohly zah\u00e1jit desetilet\u00ed trvaj\u00edc\u00ed kampa\u0148 atent\u00e1t\u016f na rusk\u00e9 p\u0159edstavitele.<\/span><\/p>\n<p><img decoding=\"async\" loading=\"lazy\" class=\"alignnone size-full wp-image-71983\" src=\"http:\/\/www.infokuryr.cz\/n\/wp-content\/uploads\/2025\/02\/aaa.jpg\" alt=\"\" width=\"89\" height=\"23\" \/><\/p>\n<p>&nbsp;<\/p>\n","protected":false},"excerpt":{"rendered":"<p>Ukrajinsk\u00fd v\u016fdce varoval Rusko, aby bylo opatrn\u00e9 ohledn\u011b bezpe\u010dnosti oslav 9. kv\u011btna Mluv\u010d\u00ed rusk\u00e9ho ministerstva&#8230;<\/p>\n","protected":false},"author":2,"featured_media":65827,"comment_status":"closed","ping_status":"closed","sticky":false,"template":"","format":"standard","meta":[],"categories":[7],"tags":[246,1056,3128,1000],"_links":{"self":[{"href":"https:\/\/www.infokuryr.cz\/n\/wp-json\/wp\/v2\/posts\/77686"}],"collection":[{"href":"https:\/\/www.infokuryr.cz\/n\/wp-json\/wp\/v2\/posts"}],"about":[{"href":"https:\/\/www.infokuryr.cz\/n\/wp-json\/wp\/v2\/types\/post"}],"author":[{"embeddable":true,"href":"https:\/\/www.infokuryr.cz\/n\/wp-json\/wp\/v2\/users\/2"}],"replies":[{"embeddable":true,"href":"https:\/\/www.infokuryr.cz\/n\/wp-json\/wp\/v2\/comments?post=77686"}],"version-history":[{"count":0,"href":"https:\/\/www.infokuryr.cz\/n\/wp-json\/wp\/v2\/posts\/77686\/revisions"}],"wp:featuredmedia":[{"embeddable":true,"href":"https:\/\/www.infokuryr.cz\/n\/wp-json\/wp\/v2\/media\/65827"}],"wp:attachment":[{"href":"https:\/\/www.infokuryr.cz\/n\/wp-json\/wp\/v2\/media?parent=77686"}],"wp:term":[{"taxonomy":"category","embeddable":true,"href":"https:\/\/www.infokuryr.cz\/n\/wp-json\/wp\/v2\/categories?post=77686"},{"taxonomy":"post_tag","embeddable":true,"href":"https:\/\/www.infokuryr.cz\/n\/wp-json\/wp\/v2\/tags?post=77686"}],"curies":[{"name":"wp","href":"https:\/\/api.w.org\/{rel}","templated":true}]}}