{"id":77662,"date":"2025-04-30T05:33:48","date_gmt":"2025-04-30T03:33:48","guid":{"rendered":"https:\/\/www.infokuryr.cz\/n\/?p=77662"},"modified":"2025-04-30T05:33:48","modified_gmt":"2025-04-30T03:33:48","slug":"miroslav-petr-bude-dalsi-mrtvy-v-kauze-dozimetr","status":"publish","type":"post","link":"https:\/\/www.infokuryr.cz\/n\/2025\/04\/30\/miroslav-petr-bude-dalsi-mrtvy-v-kauze-dozimetr\/","title":{"rendered":"Miroslav Petr: Bude dal\u0161\u00ed mrtv\u00fd v kauze Dozimetr?"},"content":{"rendered":"<div id=\"fb-root\"><\/div>\n<p><strong>Kone\u010dn\u011b n\u011bkdo na\u0161el odvahu sb\u00edrat fakta o mafi\u00e1nsk\u00fdch praktik\u00e1ch politik\u016f. Policie a soudy nemaj\u00ed odvahu vy\u0161et\u0159ovat a soudit tuto trestnou \u010dinnost. Novin\u00e1\u0159ka M. Dobi\u00e1\u0161ov\u00e1 se zab\u00fdv\u00e1 kauzou\u00a0 Dozimetr, kter\u00e1 vede do nejvy\u0161\u0161\u00edch pater politiky. P\u0159ed autem jej\u00edho kolegy n\u011bkdo zap\u00e1lil poh\u0159ebn\u00ed sv\u00ed\u010dky. Na novin\u00e1\u0159ku se vypt\u00e1vali ciz\u00ed lid\u00e9. U kola jej\u00edho auta n\u011bkdo z\u00e1m\u011brn\u011b povolil \u0161rouby. Opakuj\u00ed se mafi\u00e1nsk\u00e1 devades\u00e1t\u00e1 l\u00e9ta spojen\u00e1 s Orl\u00edkem? V p\u0159\u00edpad\u011b jak\u00e9koli &#8222;nehody&#8220; t\u00e9to novin\u00e1\u0159ky v\u0161echny nashrom\u00e1\u017ed\u011bn\u00e9 informace budou ihned zve\u0159ejn\u011bny. P\u0159ed volbami se m\u00e1me na\u010d t\u011b\u0161it. Bude m\u00edt n\u00e1\u0161 Mafi\u00e1n radost, a\u017e se tento &#8222;d\u00e1rek&#8220; p\u0159ed volbami zve\u0159ejn\u00ed?<\/strong><\/p>\n<p>V prvn\u00edm \u010dtvrtlet\u00ed zaniklo v \u010cR 4 639 firem. Gratuluji soudruhu Nutello!<\/p>\n<div>\n<p>\u010c\u00edna testuje prvn\u00ed nejadern\u00fd thoriov\u00fd reaktor. Thorium je snadno dostupn\u00fd prvek, kter\u00fd lze p\u0159em\u011bnit na uran. Jadern\u00e1 katastrofa je zcela vylou\u010dena. Sn\u00ed\u017eilo by se mno\u017estv\u00ed jadern\u00e9ho odpadu. Dal\u0161\u00ed, v\u011bt\u0161\u00ed reaktor na roztavenou s\u016fl thoria s v\u00fdrobn\u00ed kapacitou 10 MW bude zprovozn\u011bn za p\u011bt let. Je mo\u017en\u00e9, \u017ee tyto reaktory pokryj\u00ed a\u017e 20% celosv\u011btov\u00e9 popt\u00e1vky po elekt\u0159in\u011b. Zat\u00edmco Evropa pokra\u010duje ve v\u00fdstavb\u011b &#8222;pokrokov\u00fdch&#8220; v\u011btrn\u00edk\u016f a sol\u00e1rek&#8230;<\/p>\n<p>Klimati\u010dt\u00ed \u0161\u00edlenci vypou\u0161t\u00ed balony s oxidem si\u0159i\u010dit\u00fdm do horn\u00edch vrstev atmosf\u00e9ry, aby ochladili planetu. Nikdo nev\u00ed, jak\u00e9 nedoz\u00edrn\u00e9 n\u00e1sledky pro celou planetu to bude m\u00edt.<\/p>\n<p>Pfizer a dal\u0161\u00ed o\u010dkovac\u00ed spole\u010dnosti maj\u00ed imunitu ze z\u00e1kona. N\u011bkolik st\u00e1t\u016f USA se sna\u017e\u00ed tuto imunitu zru\u0161it.<\/p>\n<p>M\u011bn\u00ed se volby v Rumunsku, ve Francii, a v Irsku se ru\u0161\u00ed. Jak dopadnou volby u n\u00e1s? Pro\u010d jsem si vzpomn\u011bl na soudruha Chvojku, kter\u00fd zak\u00e1zal anketu Zlat\u00fd slav\u00edk, proto\u017ee m\u011bla zv\u00edt\u011bzit skupina Ortel?<\/p>\n<p>Muslimov\u00e9 v Evrop\u011b postupn\u011b ru\u0161\u00ed v\u0161echny tradi\u010dn\u00ed sv\u00e1tky , kter\u00e9 &#8222;ur\u00e1\u017e\u00ed&#8220; Isl\u00e1m. Zbyte\u010dn\u011b se ne\u0159\u00edk\u00e1- host do domu, \u010dakan do ruky. Nech\u00e1me si vz\u00edt d\u00edky mafi\u00e1nov\u011b podpisu velikonoce a v\u00e1no\u010dn\u00edho Je\u017e\u00ed\u0161ka?<\/p>\n<p>Americk\u00e1 vl\u00e1da vy\u0161et\u0159uje firmu rozpra\u0161uj\u00edc\u00ed chemtrails, aby zast\u00ednila slunce. Dal\u0161\u00ed d\u016fvod rozpra\u0161ov\u00e1n\u00ed chemtrails je, aby planeta nerozt\u00e1la&#8230;<\/p>\n<p>Renault p\u0159ed\u011bl\u00e1v\u00e1 elektroauta zp\u011bt na klasick\u00e1 auta na benz\u00edn.<\/p>\n<p>&#8222;V\u00edte, co se stane kdy\u017e obarv\u00edte vaj\u00ed\u010dka s b\u00edlou sko\u0159\u00e1pkou v cibuli? Stanou se z nich vaj\u00ed\u010dka s hn\u011bdou sko\u0159\u00e1pkou.&#8220; To \u0159ekla Danu\u0161e, kter\u00e1 u\u010dila na Zem\u011bd\u011blsk\u00e9 \u0161kole&#8230;<\/p>\n<p>Rusk\u00fd Volo\u010fa napsal na internet: &#8222;N\u011bmci, u\u017e ned\u00e1te nic. Tak pro\u010d bychom m\u011bli dob\u00fdvat va\u0161i zemi? \u0160koda nafty.&#8220;<\/p>\n<p>Rusko kon\u010d\u00ed s placen\u00edm Ziskovek. Ud\u011bl\u00e1 to i na\u0161e nov\u00e1 vl\u00e1da po volb\u00e1ch?<\/p>\n<p>EU zakazuje p\u0159ipom\u00ednat por\u00e1\u017eku nacistick\u00e9ho N\u011bmecka. Nev\u011bd\u011bl jsem, \u017ee n\u00e1s osvobodili N\u011bmci.<\/p>\n<p>Ti sam\u00ed lid\u00e9, co v\u011b\u0159\u00ed, \u017ee je zem\u011b p\u0159elidn\u011bn\u00e1, \u0159\u00edkaj\u00ed, \u017ee dok\u00e1\u017eou zachr\u00e1nit tv\u016fj \u017eivot. P\u0159em\u00fd\u0161lej&#8230;<\/p>\n<p>V\u00edte, \u017ee pen\u00edze z Motola \u0161ly do Nutellovy kampeli\u010dky? To jsou ale paradoxy, pane Van\u011bk&#8230;<\/p>\n<p>Na Ukrajin\u011b prov\u00e1d\u00ed bojov\u00fd v\u00fdcvik u\u017e i desetilet\u00e9 d\u011bti. Bandera by m\u011bl radost z nov\u00e9ho Hitlerjugend.<\/p>\n<p>Ukrajinci ni\u010d\u00ed v\u0161echny drony, i ty vlastn\u00ed, proto\u017ee je nedok\u00e1\u017eou odli\u0161it od rusk\u00fdch.<\/p>\n<p>Rusko vy\u0159e\u0161\u00ed probl\u00e9m s Ukrajinou rychleji, kdy\u017e Evropa skon\u010d\u00ed s boji na Ukrajin\u011b tak, jak to ud\u011blala USA.<\/p>\n<p>Japonsk\u00e1 v\u011b\u0161tkyn\u011b p\u0159edpov\u011bd\u011bla na \u010dervenec megatsunami v Japonsku. P\u0159esn\u011b p\u0159edpov\u011bd\u011bla smrt Mercuryho, princezny Diany, zem\u011bt\u0159esen\u00ed v roce 2011, Covid&#8230;.<\/p>\n<p>V N\u011bmecku v noci osv\u011btluj\u00ed sol\u00e1rky dieslov\u00fdmi elektrocentr\u00e1lami. Zelen\u00ed tam cht\u011bj\u00ed p\u0159i bezv\u011bt\u0159\u00ed poh\u00e1n\u011bt v\u011btrn\u00e9 turb\u00edny elektricky. Chocholou\u0161ku&#8230;<\/p>\n<p>SPOLU a Pir\u00e1ti schv\u00e1lili z\u00e1kon, kter\u00fd d\u00e1v\u00e1 pr\u00e1vo na bydlen\u00ed migrant\u016fm na stejnou \u00farove\u0148 jako na\u0161im ob\u010dan\u016fm. Skute\u010dn\u011b nejde o poru\u0161en\u00ed nov\u00e9ho z\u00e1kona o spolupr\u00e1ci pro ciz\u00ed zem\u011b?<\/p>\n<p><a href=\"https:\/\/www.czechfreepress.cz\/dalsi-blogy\/bude-dalsi-mrtvy-v-kauze-dozimetr.html\">Miroslav Petr<\/a><\/p>\n<p>&nbsp;<\/p>\n<\/div>\n","protected":false},"excerpt":{"rendered":"<p>Kone\u010dn\u011b n\u011bkdo na\u0161el odvahu sb\u00edrat fakta o mafi\u00e1nsk\u00fdch praktik\u00e1ch politik\u016f. Policie a soudy nemaj\u00ed odvahu&#8230;<\/p>\n","protected":false},"author":2,"featured_media":17994,"comment_status":"closed","ping_status":"closed","sticky":false,"template":"","format":"standard","meta":[],"categories":[6],"tags":[4743,1503,207,424],"_links":{"self":[{"href":"https:\/\/www.infokuryr.cz\/n\/wp-json\/wp\/v2\/posts\/77662"}],"collection":[{"href":"https:\/\/www.infokuryr.cz\/n\/wp-json\/wp\/v2\/posts"}],"about":[{"href":"https:\/\/www.infokuryr.cz\/n\/wp-json\/wp\/v2\/types\/post"}],"author":[{"embeddable":true,"href":"https:\/\/www.infokuryr.cz\/n\/wp-json\/wp\/v2\/users\/2"}],"replies":[{"embeddable":true,"href":"https:\/\/www.infokuryr.cz\/n\/wp-json\/wp\/v2\/comments?post=77662"}],"version-history":[{"count":1,"href":"https:\/\/www.infokuryr.cz\/n\/wp-json\/wp\/v2\/posts\/77662\/revisions"}],"predecessor-version":[{"id":77663,"href":"https:\/\/www.infokuryr.cz\/n\/wp-json\/wp\/v2\/posts\/77662\/revisions\/77663"}],"wp:featuredmedia":[{"embeddable":true,"href":"https:\/\/www.infokuryr.cz\/n\/wp-json\/wp\/v2\/media\/17994"}],"wp:attachment":[{"href":"https:\/\/www.infokuryr.cz\/n\/wp-json\/wp\/v2\/media?parent=77662"}],"wp:term":[{"taxonomy":"category","embeddable":true,"href":"https:\/\/www.infokuryr.cz\/n\/wp-json\/wp\/v2\/categories?post=77662"},{"taxonomy":"post_tag","embeddable":true,"href":"https:\/\/www.infokuryr.cz\/n\/wp-json\/wp\/v2\/tags?post=77662"}],"curies":[{"name":"wp","href":"https:\/\/api.w.org\/{rel}","templated":true}]}}