{"id":77654,"date":"2025-04-30T04:54:24","date_gmt":"2025-04-30T02:54:24","guid":{"rendered":"https:\/\/www.infokuryr.cz\/n\/?p=77654"},"modified":"2025-04-30T04:54:24","modified_gmt":"2025-04-30T02:54:24","slug":"jiz-neni-cesty-navratu-k-dobrym-vztahum-s-evropou-protoze-je-rizena-rusofoby-a-zdegenerovanymi-loutkami","status":"publish","type":"post","link":"https:\/\/www.infokuryr.cz\/n\/2025\/04\/30\/jiz-neni-cesty-navratu-k-dobrym-vztahum-s-evropou-protoze-je-rizena-rusofoby-a-zdegenerovanymi-loutkami\/","title":{"rendered":"Ji\u017e nen\u00ed cesty n\u00e1vratu k dobr\u00fdm vztah\u016fm s Evropou, proto\u017ee je \u0159\u00edzena rusofoby a zdegenerovan\u00fdmi loutkami!"},"content":{"rendered":"<div id=\"fb-root\"><\/div>\n<h4>Ji\u017e nen\u00ed cesty n\u00e1vratu k dobr\u00fdm vztah\u016fm s Evropou, proto\u017ee je \u0159\u00edzena rusofoby a zdegenerovan\u00fdmi loutkami! Proto je t\u0159eba denacifikovat nejen Ukrajinu, ale celou Evropu! USA a Rusko jsou zem\u011b odsouzen\u00e9 ke vz\u00e1jemn\u00e9 spolupr\u00e1ci, proto\u017ee jinak sv\u011bt skon\u010d\u00ed \u0161patn\u011b! Dmitrij Medved\u011bv v projevu k ml\u00e1de\u017en\u00edk\u016fm v Muzeu v\u00edt\u011bzstv\u00ed v Moskv\u011b odhalil novou ruskou doktr\u00ednu pro Evropu!<\/h4>\n<p>V Muzeu v\u00edt\u011bzstv\u00ed v Moskv\u011b za\u010dal feder\u00e1ln\u00ed vzd\u011bl\u00e1vac\u00ed maratonu \u201c<em>Znalosti na prvn\u00edm m\u00edst\u011b<\/em>\u201d a n\u00e1ladu akce na za\u010d\u00e1tku navodil Pjatnick\u00fd sbor, kter\u00fd zazp\u00edval hymnu Ruska. Prvn\u00edm \u0159e\u010dn\u00edkem byl Dmitrij Medved\u011bv, m\u00edstop\u0159edseda Rady bezpe\u010dnosti Rusk\u00e9 federace a p\u0159edseda strany Jednotn\u00e9 Rusko.\u00a0<strong>P\u0159ednesl zlomov\u00fd p\u0159\u00edsp\u011bvek s n\u00e1zvem \u201c<em>N\u00e1\u0161 nebezpe\u010dn\u00fd sv\u011bt: kdo za to m\u016f\u017ee a co d\u011blat?<\/em>\u201c<\/strong>\u00a0a bylo jasn\u00e9, \u017ee tento projev p\u0159i\u0161el na pokyn Kremlu, proto\u017ee v projevu zazn\u011bly do t\u00e9 doby neuv\u011b\u0159iteln\u00e9 a pro Medved\u011bva netypick\u00e9 postojov\u00e9 posuny.<\/p>\n<p>&nbsp;<\/p>\n<div id=\"rumble_v6qjhbj\">\n<div id=\"vid_v6qjhbj\" class=\"rumble_v6qjhbj-Rumble-cls\" tabindex=\"-1\">\n<div class=\"bigPlayUI ctp\"><div class='videoWrapper'>\r\n\t            <iframe src='https:\/\/rumble.com\/embed\/pj.v6qjhbj\/' frameborder='0' allowfullscreen><\/iframe>\r\n\t        <\/div><\/p>\n<div class=\"bigPlayUIInner ctp\"><\/div>\n<\/div>\n<\/div>\n<\/div>\n<p>&nbsp;<\/p>\n<p>Medved\u011bv jako dlouholet\u00fd liber\u00e1l a pro-z\u00e1padn\u00ed k\u00e1dr toti\u017e zl\u00e1mal h\u016fl nad Evropou a prohl\u00e1sil, \u017ee Rusko se mus\u00ed bavit jen s USA, proto\u017ee evropsk\u00e9 zem\u011b jsou ratl\u00edci bez jak\u00e9hokoliv v\u00fdznamu. \u201c<em>Maraton se kon\u00e1 v p\u0159edve\u010der data, kter\u00e9 je pro n\u00e1s posv\u00e1tn\u00e9, 80. v\u00fdro\u010d\u00ed Velk\u00e9ho v\u00edt\u011bzstv\u00ed. Ud\u00e1losti on\u011bch let, bezkonkuren\u010dn\u00ed v\u00fdkon minul\u00fdch rusk\u00fdch generac\u00ed, jsou v na\u0161\u00ed zemi ji\u017e dlouho m\u011b\u0159\u00edtkem pravdy a spravedlnosti, p\u0159\u00edkladem odvahy a nezlomnosti, prav\u00e9ho vlastenectv\u00ed a v\u011brnosti povinnosti<\/em>,\u201d \u0159ekl Dmitrij Medved\u011bv. Zd\u016fraznil, \u017ee v\u00fdznam a slo\u017eitost historick\u00e9 mise, kterou na\u0161e zem\u011b podnikla, nelze p\u0159ece\u0148ovat.<\/p>\n<h3>Rusko po 80 letech mus\u00ed znovu bojovat s d\u011bdicem hitlerovsk\u00e9ho fa\u0161ismu<\/h3>\n<p>\u201c<em><strong>P\u0159ed 80 lety n\u00e1\u0161 n\u00e1rod za cenu obrovsk\u00e9ho \u00fasil\u00ed a ztr\u00e1t porazil hitlerovsk\u00fd fa\u0161ismus, ale dnes mus\u00edme znovu bojovat s jeho odporn\u00fdm d\u011bdicem.<\/strong>\u00a0T\u00edm je kyjevsk\u00fd re\u017eim, kter\u00fd byl \u017eiven a vyzbrojov\u00e1n z\u00e1padn\u00edmi sponzory, patrony re\u017eimu.\u00a0<\/em><em>Kdy\u017e si vzpomenu na sv\u00e9 p\u0159\u00edbuzn\u00e9, \u00fa\u010dastn\u00edky Velk\u00e9 vlasteneck\u00e9 v\u00e1lky, obecn\u011b prost\u011b na lidi, kte\u0159\u00ed pro\u0161li krutou Velkou vlasteneckou v\u00e1lkou.<\/em><\/p>\n<p><em>Kdybyste t\u011bmto \u0161\u0165astn\u00fdm lidem, kte\u0159\u00ed se na n\u00e1s \u010dasto d\u00edvaj\u00ed z fotografie v\u00edt\u011bzn\u00e9ho kv\u011btna 1945, \u0159ekli, \u017ee takhle to bude \u2013 prost\u011b by tomu nev\u011b\u0159ili,<\/em>\u201d \u0159ekl Medved\u011bv. Vysv\u011btlil, \u017ee je \u201c<em>ho\u0159k\u00fdm historick\u00fdm nesmyslem<\/em>\u201c, \u017ee hybridn\u00ed v\u00e1lku proti Rusku nyn\u00ed vedou rukou ukrajinsk\u00e9ho prezidenta b\u00fdval\u00ed spojenci SSSR ve St\u0159edn\u00ed a V\u00fdchodn\u00ed Evrop\u011b, tedy b\u00fdval\u00e9 zem\u011b Var\u0161avsk\u00e9 smlouvy.<\/p>\n<figure id=\"attachment_63418\" class=\"wp-caption aligncenter\" style=\"width: 705px;\"><a href=\"https:\/\/aeronet.news\/wp-content\/uploads\/MedvedevZnaniePervoePobeda.jpg\"><img decoding=\"async\" loading=\"lazy\" class=\"wp-image-63418 \" src=\"https:\/\/aeronet.news\/wp-content\/uploads\/MedvedevZnaniePervoePobeda-1024x576.jpg\" sizes=\"(max-width: 700px) 100vw, 700px\" srcset=\"https:\/\/aeronet.news\/wp-content\/uploads\/MedvedevZnaniePervoePobeda-1024x576.jpg 1024w, https:\/\/aeronet.news\/wp-content\/uploads\/MedvedevZnaniePervoePobeda-300x169.jpg 300w, https:\/\/aeronet.news\/wp-content\/uploads\/MedvedevZnaniePervoePobeda-768x432.jpg 768w, https:\/\/aeronet.news\/wp-content\/uploads\/MedvedevZnaniePervoePobeda-700x394.jpg 700w, https:\/\/aeronet.news\/wp-content\/uploads\/MedvedevZnaniePervoePobeda-635x357.jpg 635w, https:\/\/aeronet.news\/wp-content\/uploads\/MedvedevZnaniePervoePobeda-859x483.jpg 859w, https:\/\/aeronet.news\/wp-content\/uploads\/MedvedevZnaniePervoePobeda.jpg 1280w\" alt=\"\" width=\"705\" height=\"397\" \/><\/a><figcaption class=\"wp-caption-text\">Dmitrij Medved\u011bv b\u011bhem projevu v Muzeu v\u00edt\u011bzstv\u00ed<\/figcaption><\/figure>\n<p>\u201c<em>Mus\u00edme si p\u0159iznat, \u017ee doba se nezm\u011bnila k lep\u0161\u00edmu. N\u00e1\u0161 sv\u011bt s v\u00e1mi se stal op\u011bt velmi nebezpe\u010dn\u00fdm. B\u011bhem sv\u00e9 tis\u00edcilet\u00e9 historie pro\u0161lo Rusko t\u011bmi nejt\u011b\u017e\u0161\u00edmi zkou\u0161kami a obst\u00e1lo v nich se ct\u00ed. \u010c\u00edm d\u00e1le, t\u00edm siln\u011bj\u0161\u00ed je spole\u010dn\u00e1 touha zajistit na\u0161\u00ed zemi a milion\u016fm jej\u00edch obyvatel bezpe\u010dnou budoucnost. Abychom toho dos\u00e1hli, mus\u00edme se pou\u010dit z chyb, kter\u00fdch jsme se dopustili, a zd\u016fraz\u0148uji, z iluz\u00ed, o kter\u00e9 jsme p\u0159i\u0161li. Naj\u00edt opravdov\u00e9 spojence a nenalet\u011bt na pokryteck\u00e9 triky vlk\u016f v rou\u0161e ber\u00e1n\u010d\u00edm, nebo, jak \u0159\u00edk\u00e1 P\u00edsmo, odd\u011blit ber\u00e1nky od kozl\u016f,<\/em>\u201d \u0159ekl Dmitrij Medved\u011bv. N\u00ed\u017ee je v\u00fdtah kl\u00ed\u010dov\u00fdch \u010d\u00e1st\u00ed z jeho projevu publikovan\u00fdch\u00a0<strong>[<a href=\"https:\/\/href.li\/?https:\/\/er.ru\/activity\/news\" target=\"_blank\" rel=\"nofollow noopener\">1<\/a>]<\/strong>\u00a0na webu Jednotn\u00e9ho Ruska:<\/p>\n<h3>Z\u00e1sadn\u00ed v\u00fdroky Dmitrije Medved\u011bva v Muzeu v\u00edt\u011bzstv\u00ed<\/h3>\n<p>Nen\u00ed jasn\u00e9, jak dlouho budou zbytky Ukrajiny fungovat, kdo je bude pot\u0159ebovat v pragmatick\u00e9m z\u00e1padn\u00edm sv\u011bt\u011b bez energetick\u00fdch zdroj\u016f a pr\u016fmyslu, bez perspektiv a potenci\u00e1lu, \u0159ekl m\u00edstop\u0159edseda rusk\u00e9 bezpe\u010dnostn\u00ed rady a p\u0159edseda Jednotn\u00e9ho Ruska Je vylou\u010deno, \u017ee by zbytky t\u00e9to um\u00edraj\u00edc\u00ed, rozpadaj\u00edc\u00ed se mocnosti mohly n\u011bkdy, by\u0165 po velmi dlouh\u00e9 dob\u011b, vstoupit do NATO nebo jin\u00e9 vojensk\u00e9 aliance, kter\u00e1 by byla naklon\u011bna bezalternativn\u00edmu uspo\u0159\u00e1d\u00e1n\u00ed sv\u011bta, \u0159ekl Dmitrij Medved\u011bv na maratonu spole\u010dnosti \u201c<em>Znanie<\/em>\u201c. \u201c<em>M\u011bli bychom ud\u011blat v\u0161e pro to, aby se to nestalo<\/em>,\u201d zd\u016fraznil.<\/p>\n<p>Podle n\u011bj jsou hrozbou pro bezpe\u010dnost Ruska tak\u00e9 bilater\u00e1ln\u00ed smlouvy, kter\u00e9 Ukrajina podepisuje s jednotliv\u00fdmi evropsk\u00fdmi st\u00e1ty \u2013 a to mimo jakoukoli pochybnost. \u201cV\u017edy\u0165 ve sv\u00e9 r\u00e9torice \u010dasto pou\u017e\u00edvaj\u00ed tato slova: pot\u0159ebujeme obdobu \u010dl\u00e1nku 5 Washingtonsk\u00e9 smlouvy. Ka\u017ed\u00fd v\u00ed, co je tento \u010dl\u00e1nek: kolektivn\u00ed sebeobrana st\u00e1t\u016f NATO. Ale na\u0161i protivn\u00edci mus\u00ed pochopit: pokud to ohro\u017euje na\u0161i bezpe\u010dnost, je to pro n\u00e1s nep\u0159ijateln\u00e9,\u201d \u0159ekl. Z\u00e1rove\u0148 je nepravd\u011bpodobn\u00e9, \u017ee by se Evropa sama v bl\u00edzk\u00e9 budoucnosti stala nez\u00e1visl\u00fdm akt\u00e9rem na sv\u011btov\u00e9 sc\u00e9n\u011b, dodal Medved\u011bv.<\/p>\n<p>\u201c<em>Pokud se Amerika, Spojen\u00e9 st\u00e1ty, jako velk\u00e1 a sob\u011bsta\u010dn\u00e1 mocnost udr\u017e\u00ed nad vodou i v t\u011bch nejv\u00e1\u017en\u011bj\u0161\u00edch ot\u0159esech, pak tato uboh\u00e1 struktura zvan\u00e1 Evropsk\u00e1 unie, je dost pravd\u011bpodobn\u00e9, \u017ee ne.\u00a0<strong>Te\u010f \u0159eknu takovou drsnou v\u011bc, ale p\u0159esto vzhledem k tomu, jak se cel\u00e1 ta l\u00e9ta chovali, budeme degradaci Evropsk\u00e9 unie sledovat bez l\u00edtosti.<\/strong>\u00a0Proto na\u0161e zem\u011b nyn\u00ed spolupracuje se Spojen\u00fdmi st\u00e1ty spolu s dal\u0161\u00edmi na\u0161imi hlavn\u00edmi partnery. Mus\u00edme spolupracovat s nimi, a ne s ustra\u0161en\u00fdmi satelity, kte\u0159\u00ed v glob\u00e1ln\u00edm m\u011b\u0159\u00edtku nic ne\u0159e\u0161\u00ed, ale nafukuj\u00ed tv\u00e1\u0159e a d\u011blaj\u00ed r\u016fzn\u00e9 nep\u011bkn\u00e9 v\u011bci,<\/em>\u201d \u0159ekl.<\/p>\n<p><strong>\u201c<em>Dv\u011b nejv\u011bt\u0161\u00ed jadern\u00e9 zem\u011b, jako jsou Rusk\u00e1 federace a Spojen\u00e9 st\u00e1ty, jsou odsouzeny ke spolupr\u00e1ci, jinak se sv\u011bt bude c\u00edtit zcela nestabiln\u00ed<\/em>,\u201d<\/strong>\u00a0\u0159ekl Medved\u011bv. Cesta ke sjednocen\u00ed po rozd\u011blen\u00ed je norm\u00e1ln\u00ed historick\u00fd proces. Na sv\u011bt\u011b neexistuje cel\u00fd n\u00e1rod, kter\u00fd by n\u00e1s dva, Rusko, pova\u017eoval za zap\u0159is\u00e1hl\u00e9 nep\u0159\u00e1tele. A po\u0159\u00e1d mluv\u00edme jen o jednotliv\u00fdch dareb\u00e1c\u00edch, n\u011bjak\u00fdch zkorumpovan\u00fdch skupin\u00e1ch, elit\u00e1ch. Ale ani ta nejaktivn\u011bj\u0161\u00ed rusofobn\u00ed propaganda nem\u016f\u017ee oklamat v\u0161echny. To plat\u00ed jak pro Ukrajince, tak pro obyvatele mnoha evropsk\u00fdch zem\u00ed.<\/p>\n<p>Nikdy se jim nepoda\u0159ilo zcela se od na\u0161\u00ed zem\u011b odd\u011blit, i kdy\u017e se o to sna\u017eili. T\u00edm sp\u00ed\u0161e, \u017ee v\u0161ichni tito vykrmen\u00ed hrdlo\u0159ezov\u00e9 nev\u00e1haj\u00ed pou\u017e\u00edvat civilisty vlastn\u00ed zem\u011b jako potravu pro d\u011bla, kdy\u017e \u00fato\u010d\u00ed na r\u016fzn\u00e1 za\u0159\u00edzen\u00ed, dokonce i jadern\u00e1, nebo odm\u00edtaj\u00ed p\u0159ijmout zjevn\u00e9 skute\u010dnosti. Ostatn\u011b velikono\u010dn\u00ed p\u0159\u00edm\u011b\u0159\u00ed, kter\u00e9 vyhl\u00e1sil n\u00e1\u0161 prezident Vladimir Putin, kyjev\u0161t\u00ed p\u0159edstavitel\u00e9 poru\u0161ili t\u00e9m\u011b\u0159 okam\u017eit\u011b. To mimochodem vyvolalo hn\u011bv i u t\u011bch, kte\u0159\u00ed si o Kyjev\u011b d\u011blali jist\u00e9 iluze. Uvid\u00edme, co se stane 9. kv\u011btna, shrnul p\u0159edseda Jednotn\u00e9ho Ruska.<\/p>\n<p>Je to re\u017eim, nikoliv st\u00e1t, jeho\u017e osud je ot\u00e1zkou budoucnosti, zd\u016fraznil m\u00edstop\u0159edseda rusk\u00e9 bezpe\u010dnostn\u00ed rady a p\u0159edseda Jednotn\u00e9ho Ruska Je t\u0159eba p\u0159ijmout ve\u0161ker\u00e1 opat\u0159en\u00ed, aby k obnoven\u00ed takov\u00fdch re\u017eim\u016f v \u017e\u00e1dn\u00e9 jin\u00e9 zemi nikdy nedo\u0161lo, \u0159ekl Dmitrij Medved\u011bv na maratonu spole\u010dnosti \u201c<em>Znanie<\/em>\u201c. \u201c<em>Cena je p\u0159\u00edli\u0161 vysok\u00e1. A vzhledem k negativn\u00edm zku\u0161enostem ze \u010dty\u0159ic\u00e1t\u00fdch let, kter\u00e9 jsem nyn\u00ed podrobn\u011b rozebral, pot\u0159ebujeme skute\u010dnou denacifikaci.\u00a0<strong>Nacismus mus\u00ed b\u00fdt vym\u00fdcen nejen na Ukrajin\u011b, ale v cel\u00e9 Evrop\u011b. Jako ideologie mus\u00ed b\u00fdt tato pr\u00e1ce prov\u00e1d\u011bna rozhodn\u011b, spole\u010dn\u00fdm postupem r\u016fzn\u00fdch st\u00e1t\u016f.<\/strong>\u00a0A kdo to nechce ud\u011blat, m\u011bl by b\u00fdt ozna\u010den za spoluvin\u00edka nacismu. To plat\u00ed pro v\u0161echny zem\u011b v Evrop\u011b i ve sv\u011bt\u011b<\/em>,\u201d \u0159ekl. Tyto zem\u011b by si m\u011bly uv\u011bdomit, \u017ee jsou pro n\u00e1s spoluvin\u00edky neonacismu, zd\u016fraznil m\u00edstop\u0159edseda rusk\u00e9 bezpe\u010dnostn\u00ed rady.<\/p>\n<p>\u201c<em><strong>Dokud pokra\u010duje speci\u00e1ln\u00ed vojensk\u00e1 operace, jsou legitimn\u00edm c\u00edlem na\u0161ich ozbrojen\u00fdch sil nejen voj\u00e1ci, ale tak\u00e9 v\u0161ichni \u017eold\u00e1ci ze z\u00e1padn\u00edch zem\u00ed, kte\u0159\u00ed bojuj\u00ed na stran\u011b na\u0161ich nep\u0159\u00e1tel.<\/strong>\u00a0Garantujeme jejich \u017eivoty, pokud se dobrovoln\u011b vzdaj\u00ed. To je v\u0161ak nezbavuje odpov\u011bdnosti za zlo\u010diny proti lidskosti. Pro vrahy m\u00edrumilovn\u00fdch lid\u00ed, extremisty a teroristy neexistuje a nem\u016f\u017ee existovat \u017e\u00e1dn\u00e9 slitov\u00e1n\u00ed. Mus\u00ed je \u010dekat tvrd\u00e1 odplata,<\/em>\u201d \u0159ekl Medved\u011bv. Nejde v\u0161ak jen o zahrani\u010dn\u00ed \u017eold\u00e1ky, dodal p\u0159edseda Jednotn\u00e9ho Ruska. \u201c<em>Jak\u00e9koli zahrani\u010dn\u00ed kontingenty, o kter\u00fdch se r\u00e1do spekuluje, kter\u00e9 jsou domn\u011ble navrhov\u00e1ny k um\u00edst\u011bn\u00ed na Ukrajin\u011b, je t\u0159eba \u0159\u00edci na rovinu, jsou to nep\u0159\u00e1tel\u00e9. Bojovn\u00edci ciz\u00ed arm\u00e1dy a n\u00e1\u0161 legitimn\u00ed c\u00edl. Ti, kdo p\u0159edkl\u00e1daj\u00ed takov\u00e9 hloup\u00e9 n\u00e1pady pod rou\u0161kou urovn\u00e1n\u00ed, by to m\u011bli odsunout na druhou kolej, aby se vyhnuli velk\u00fdm probl\u00e9m\u016fm,<\/em>\u201d \u0159ekl.<\/p>\n<p><strong>Po ukon\u010den\u00ed boj\u016f na Ukrajin\u011b a vytvo\u0159en\u00ed podm\u00ednek pro dlouhodob\u00fd m\u00edr je t\u0159eba vytvo\u0159it mezin\u00e1rodn\u00ed tribun\u00e1l, jak\u00fdsi Norimberk 2.0<\/strong>, v n\u011bm\u017e bude pr\u00e1vn\u011b posouzeno jedn\u00e1n\u00ed v\u0161ech, kdo se pod\u00edleli na kyjevsk\u00e9m re\u017eimu \u2013 v\u010detn\u011b v\u0161ech sponzor\u016f, ideolog\u016f, z\u00e1kazn\u00edk\u016f, je p\u0159esv\u011bd\u010den Medved\u011bv. Je zcela z\u0159ejm\u00e9, \u017ee Mezin\u00e1rodn\u00ed trestn\u00ed soud tuto roli nezvl\u00e1dne. Tato podivn\u00e1, ve skute\u010dnosti degeneruj\u00edc\u00ed mezin\u00e1rodn\u00ed struktura se v posledn\u00edch letech nakonec vybarvila jako neobjektivn\u00ed a dokonce impotentn\u00ed. Mezin\u00e1rodn\u00ed spole\u010denstv\u00ed mus\u00ed vytvo\u0159it novou strukturu, alternativu k haagsk\u00e9mu soudu. Jeho jurisdikce by m\u011bla b\u00fdt roz\u0161\u00ed\u0159ena na zlo\u010diny genocidy, v\u00e1le\u010dn\u00e9 zlo\u010diny, zlo\u010diny proti lidskosti a teroristick\u00e9 \u010diny.<\/p>\n<p>Mezin\u00e1rodn\u00ed spolupr\u00e1ce v r\u00e1mci tohoto org\u00e1nu umo\u017en\u00ed t\u011bmto zlo\u010din\u016fm p\u0159edch\u00e1zet. A pokud na\u0161i p\u0159\u00edpadn\u00ed partne\u0159i v tomto dialogu necht\u011bj\u00ed tuto pr\u00e1ci vykon\u00e1vat, jsou pro tento \u00fa\u010del vhodn\u00e9 i na\u0161e vnitrost\u00e1tn\u00ed soudy. Tak tomu bylo po Velk\u00e9 vlasteneck\u00e9 v\u00e1lce. V\u00edce ne\u017e dv\u011b des\u00edtky ve\u0159ejn\u00fdch soudn\u00edch proces\u016f v letech 1943, 1944 a\u017e 1949 odhalily skute\u010dnosti o krut\u00fdch zlo\u010dinech nacist\u016f a vynesly nad vin\u00edky tvrd\u00e9 tresty. I to je t\u0159eba m\u00edt na pam\u011bti. Podobn\u00e1 soudn\u00ed jedn\u00e1n\u00ed se u n\u00e1s konala v mnoha velk\u00fdch m\u011bstech Sov\u011btsk\u00e9ho svazu, kter\u00e1 nejv\u00edce trp\u011bla zv\u011brstvy nacist\u016f: Smolensk, Brjansk, Velik\u00e9 Luky, Minsk, Riga, Kyjev, Nikolajev, Leningrad,\u201d p\u0159ipomn\u011bl m\u00edstop\u0159edseda Rady bezpe\u010dnosti.<\/p>\n<p>\u2013<em>Dmitrij Medved\u011bv<\/em>\u2013<\/p>\n<h3>Rusko chce vytvo\u0159it nov\u00fd pov\u00e1le\u010dn\u00fd tribun\u00e1l ve smyslu Norimberk v2.0<\/h3>\n<p>Z t\u011bchto slov doslova mraz\u00ed, ale zcela jasn\u011b potvrzuj\u00ed, \u017ee Kreml chce pro v\u0161echny sponzory nov\u00fd Norimbersk\u00fd tribun\u00e1l, pro v\u0161echny ty \u0161tv\u00e1\u010de, organiz\u00e1tory sb\u00edrek na plastick\u00e9 trhaviny, drony shazuj\u00edc\u00ed gran\u00e1ty na rusk\u00e9 tr\u017enice v pohrani\u010d\u00ed a mnoh\u00e9 dal\u0161\u00ed.<\/p>\n<p>Prost\u011b\u00a0<strong>Kreml spustil novou doktr\u00ednu p\u0159esn\u011b podle propozic, o kter\u00fdch jsem tady v p\u0159edstihu psal ve druh\u00e9 polovin\u011b lo\u0148sk\u00e9ho roku<\/strong>, \u017ee Rusov\u00e9 po nav\u00e1zan\u00ed dobr\u00fdch vztah\u016f s Trumpem budou cht\u00edt dostat za ka\u017edou cenu do sv\u00fdch rukou v\u0161echny politiky, herce, neziskov\u010d\u00edky a dal\u0161\u00ed organiz\u00e1tory, kte\u0159\u00ed se pod\u00edleli na vyzbrojov\u00e1n\u00ed \u010di financov\u00e1n\u00ed ukrobanderovsk\u00fdch odd\u00edl\u016f, kte\u0159\u00ed tou z\u00e1padn\u00ed v\u00fdzbroj\u00ed a munic\u00ed zab\u00edjeli rusk\u00e9 civilisty v pohrani\u010d\u00ed.<\/p>\n<figure id=\"attachment_58946\" class=\"wp-caption aligncenter\" style=\"width: 741px;\"><a href=\"https:\/\/aeronet.news\/wp-content\/uploads\/MartinDrone.jpg\"><img decoding=\"async\" loading=\"lazy\" class=\"wp-image-58946 \" src=\"https:\/\/aeronet.news\/wp-content\/uploads\/MartinDrone.jpg\" sizes=\"(max-width: 1280px) 100vw, 1280px\" srcset=\"https:\/\/aeronet.news\/wp-content\/uploads\/MartinDrone.jpg 1280w, https:\/\/aeronet.news\/wp-content\/uploads\/MartinDrone-300x225.jpg 300w, https:\/\/aeronet.news\/wp-content\/uploads\/MartinDrone-768x576.jpg 768w, https:\/\/aeronet.news\/wp-content\/uploads\/MartinDrone-1024x768.jpg 1024w, https:\/\/aeronet.news\/wp-content\/uploads\/MartinDrone-700x525.jpg 700w, https:\/\/aeronet.news\/wp-content\/uploads\/MartinDrone-476x357.jpg 476w, https:\/\/aeronet.news\/wp-content\/uploads\/MartinDrone-644x483.jpg 644w\" alt=\"\" width=\"741\" height=\"555\" \/><\/a><figcaption class=\"wp-caption-text\">P\u0159edm\u011btem vy\u0161et\u0159ov\u00e1n\u00ed rusk\u00e9 prokuratury jsou i dod\u00e1vky dron\u016f z \u010cR<\/figcaption><\/figure>\n<p>Medved\u011bv \u00fa\u010dastn\u00edk\u016fm maratonu p\u0159edstavil historick\u00fd exkurz do ud\u00e1lost\u00ed p\u0159ed 80 lety a vypr\u00e1v\u011bl, jak USA a Evropa po skon\u010den\u00ed druh\u00e9 sv\u011btov\u00e9 v\u00e1lky vyvol\u00e1valy vojensk\u00e9 st\u0159ety, politick\u00e9 krize a zmen\u0161ovaly z\u00e1sluhy SSSR na v\u00edt\u011bzstv\u00ed nad fa\u0161ismem a nacismem, co\u017e dnes vrchol\u00ed pr\u00e1v\u011b v EU. Dmitrij Medved\u011bv dodal, \u017ee sv\u011bt nyn\u00ed stoj\u00ed p\u0159ed \u00fakolem uv\u011bdomit si z\u00e1kladn\u00ed p\u0159\u00ed\u010diny mnoha ne\u0161t\u011bst\u00ed a ud\u011blat v\u0161e pro to, aby se takov\u00e9 v\u011bci u\u017e nikdy neopakovaly.<\/p>\n<p>Na webu Jednotn\u00e9ho Ruska byly publikov\u00e1ny n\u011bkter\u00e9 \u00faseky z jeho projevu, kterou jsou kl\u00ed\u010dov\u00e9 a je t\u0159eba si jich dob\u0159e v\u0161imnout. Medved\u011bv toti\u017e po str\u00e1nce stranick\u00e9 linie zatroubil ke spolupr\u00e1ci s USA na jedn\u00e9 stran\u011b, a k odvr\u017een\u00ed Evropy a EU na stran\u011b druh\u00e9. T\u00edm promlouval p\u0159edev\u0161\u00edm k ml\u00e1de\u017ei v Rusku, a to skrze ml\u00e1de\u017enick\u00e9 deleg\u00e1ty v s\u00e1le. Rusk\u00e1 ml\u00e1de\u017e pro\u0161la od n\u00e1stupu Putina k moci v roce 1999 obrovskou\u00a0<em>westernizac\u00ed<\/em>, a nen\u00ed mo\u017en\u00e9 tyto Rusy, dnes u\u017e rovn\u011b\u017e dosp\u011bl\u00e9 a s rodinami, prost\u011b od westerniza\u010dn\u00edho zp\u016fsobu \u017eivota odtrhnout.<\/p>\n<h3>Medved\u011bv v podstat\u011b ujistil, \u017ee westernizace Ruska nekon\u010d\u00ed, jenom ale \u201cpartnerem\u201d ji\u017e nebude Evropa, ale USA<\/h3>\n<p>Pr\u00e1v\u011b proto Vladimir Putin jedn\u00edm z prvn\u00edch dekret\u016f po odchodu z\u00e1padn\u00edch korporac\u00ed z Ruska po zah\u00e1jen\u00ed SVO na\u0159\u00eddil zachovat v provozu \u0159et\u011bzce rychl\u00e9ho ob\u010derstven\u00ed, i kdy\u017e pod nov\u00fdmi n\u00e1zvy, rovn\u011b\u017e do\u0161lo k legalizaci tzv. neautorizovan\u00e9ho a \u0161ed\u00e9ho dovozu ze t\u0159et\u00edch zem\u00ed do Ruska, a to v\u0161echno s c\u00edlem zachovat v Rusku westernizovan\u00fd styl \u017eivota.<\/p>\n<p><strong>Mnoho pozorovatel\u016f si v\u0161imlo, \u017ee Medved\u011bv \u010detl sv\u016fj projev z tabletu, co\u017e nen\u00ed u Medved\u011bva moc obvykl\u00e9, ale jednalo se o \u00fa\u010del a vzkaz, \u017ee Medved\u011bv jede na vln\u011b\u00a0<em>westernizace<\/em><\/strong>, tedy tablet\u016f a modern\u00edch technologi\u00ed. Jednalo se o podprahov\u00fd symbol a vzkaz rusk\u00e9 ml\u00e1de\u017ei, \u017ee Medved\u011bv se nez\u0159\u00edk\u00e1 westernizace, pouze se Kreml rozch\u00e1z\u00ed s Evropskou uni\u00ed. A tu westernizaci bude Rusko nad\u00e1le rozv\u00edjet ve svazku s USA. T\u00edm je to cel\u00e9 vy\u0159e\u0161en\u00e9 a mlad\u00ed Rusov\u00e9 jsou spokojen\u00ed a uklidn\u011bn\u00ed.<\/p>\n<figure id=\"attachment_63419\" class=\"wp-caption aligncenter\" style=\"width: 692px;\"><a href=\"https:\/\/aeronet.news\/wp-content\/uploads\/VkusnoItochka.jpg\"><img decoding=\"async\" loading=\"lazy\" class=\"wp-image-63419 \" src=\"https:\/\/aeronet.news\/wp-content\/uploads\/VkusnoItochka-1024x681.jpg\" sizes=\"(max-width: 700px) 100vw, 700px\" srcset=\"https:\/\/aeronet.news\/wp-content\/uploads\/VkusnoItochka-1024x681.jpg 1024w, https:\/\/aeronet.news\/wp-content\/uploads\/VkusnoItochka-300x199.jpg 300w, https:\/\/aeronet.news\/wp-content\/uploads\/VkusnoItochka-768x511.jpg 768w, https:\/\/aeronet.news\/wp-content\/uploads\/VkusnoItochka-700x465.jpg 700w, https:\/\/aeronet.news\/wp-content\/uploads\/VkusnoItochka-537x357.jpg 537w, https:\/\/aeronet.news\/wp-content\/uploads\/VkusnoItochka-726x483.jpg 726w, https:\/\/aeronet.news\/wp-content\/uploads\/VkusnoItochka.jpg 1280w\" alt=\"\" width=\"692\" height=\"461\" \/><\/a><figcaption class=\"wp-caption-text\">Provozovny McDonlad\u2019s se v Rusku p\u0159ejmenovaly na \u201cVkusno i To\u010dka \u2013 Chutn\u011b a te\u010dka!\u201d Nab\u00eddka hamburger\u016f a ani n\u00e1poj\u016f se krom\u011b p\u0159ejmenov\u00e1n\u00ed nijak nezm\u011bnila. Fast foody v Rusku jsou pil\u00ed\u0159em westernizace<\/figcaption><\/figure>\n<p>Ka\u017edop\u00e1dn\u011b Medved\u011bv z\u00e1sadn\u011b prohl\u00e1sil, \u017ee k n\u00e1vratu k dobr\u00fdm vztah\u016fm s Evropou ji\u017e nen\u00ed cesty zp\u011bt, proto\u017ee Evropa nem\u00e1 v\u016fdce, pouze degener\u00e1ty a rusofobn\u00ed loutky. A proto jsou pr\u00fd Rusko a USA jako zem\u011b odsouzeny spolupracovat mezi sebou, nebo\u0165 jde o dv\u011b nejv\u011bt\u0161\u00ed jadern\u00e9 mocnosti, a pokud nebudou spolupracovat, cel\u00fd sv\u011bt skon\u010d\u00ed \u0161patn\u011b a nebude se m\u00edt dob\u0159e. K t\u00e9to spolupr\u00e1ci ani Rusko a ani USA nepot\u0159ebuj\u00ed Evropu.<\/p>\n<p>To jsou pouze ratl\u00edci. A pokud jde o Ukrajinu, tak ta mus\u00ed z\u016fstat zachov\u00e1na, ale mus\u00ed doj\u00edt k likvidaci kyjevsk\u00e9ho re\u017eimu. A pokud jde o denacifikaci, ta mus\u00ed prob\u011bhnout nejen na Ukrajin\u011b, ale v cel\u00e9 Evrop\u011b, a to za spolupr\u00e1ce ostatn\u00edch zem\u00ed sv\u011bta. Medved\u011bv nekonkretizoval zem\u011b, ale z\u0159ejm\u011b t\u00edm myslel krom\u011b partner\u016f v BRICS pr\u00e1v\u011b USA pod Trumpov\u00fdm veden\u00edm.<\/p>\n<h3>Rusko tu denacifikaci Evropy mysl\u00ed opravdu v\u00e1\u017en\u011b, a pom\u016f\u017ee mu v tom Trumpova vl\u00e1da<\/h3>\n<p>Znovu se tak potvrzuje predikce Aeronetu, \u017ee\u00a0<strong>Rusko v r\u00e1mci denacifikace Evropy m\u016f\u017ee opravdu po\u017eadovat po USA spolupr\u00e1ci ve v\u011bci vyd\u00e1n\u00ed n\u011bkter\u00fdch euronacist\u016f do rukou rusk\u00e9 prokuratury<\/strong>, p\u0159edev\u0161\u00edm t\u011bch, kte\u0159\u00ed vyz\u00fdvali k zab\u00edjen\u00ed Rus\u016f, kte\u0159\u00ed po\u0159\u00e1dali a organizovali sb\u00edrky na rakety a drony, kter\u00e9 potom zab\u00edjely rusk\u00e9 civilisty na Donbasu a v rusk\u00e9m pohrani\u010d\u00ed. Rusov\u00e9 jsou jako medv\u011bdi \u2013 nejsou dvakr\u00e1t rychl\u00ed v pohybu, ale nikdy nezapom\u00ednaj\u00ed. Pamatuj\u00ed si v\u0161echny svi\u0148\u00e1rny evropsk\u00fdch euronacist\u016f nap\u00e1chan\u00fdch na rusk\u00e9m civiln\u00edm obyvatelstvu, a to nejen od po\u010d\u00e1tku SVO, ale od roku 2014.<\/p>\n<figure id=\"attachment_54340\" class=\"wp-caption aligncenter\" style=\"width: 697px;\"><a href=\"https:\/\/aeronet.news\/wp-content\/uploads\/PetrFialaTank.jpg\"><img decoding=\"async\" loading=\"lazy\" class=\"wp-image-54340 \" src=\"https:\/\/aeronet.news\/wp-content\/uploads\/PetrFialaTank-1024x682.jpg\" sizes=\"(max-width: 700px) 100vw, 700px\" srcset=\"https:\/\/aeronet.news\/wp-content\/uploads\/PetrFialaTank-1024x682.jpg 1024w, https:\/\/aeronet.news\/wp-content\/uploads\/PetrFialaTank-300x200.jpg 300w, https:\/\/aeronet.news\/wp-content\/uploads\/PetrFialaTank-768x512.jpg 768w, https:\/\/aeronet.news\/wp-content\/uploads\/PetrFialaTank-700x466.jpg 700w, https:\/\/aeronet.news\/wp-content\/uploads\/PetrFialaTank-536x357.jpg 536w, https:\/\/aeronet.news\/wp-content\/uploads\/PetrFialaTank-725x483.jpg 725w, https:\/\/aeronet.news\/wp-content\/uploads\/PetrFialaTank.jpg 1280w\" alt=\"\" width=\"697\" height=\"464\" \/><\/a><figcaption class=\"wp-caption-text\">\u017dehn\u00e1n\u00ed zbran\u00edm Ukro-SS z \u010desk\u00e9 produkce<\/figcaption><\/figure>\n<p>Medved\u011bvovo vystoupen\u00ed bylo z\u00e1sadn\u00ed, proto\u017ee odhalilo novou doktr\u00ednu Kremlu. Rusko spole\u010dn\u011b s USA bude spolupracovat na tom, aby nevypukla III. sv. v\u00e1lka. A tato doktr\u00edna je jednoduch\u00e1, snadno pochopiteln\u00e1, kl\u00ed\u010dov\u00e1, ale sou\u010dasn\u011b vymezuje nov\u00e9ho nep\u0159\u00edtele \u2013 u\u017e to nejsou USA, ale Eurosojuz a praktick\u00fd cel\u00e1 Evropa, a\u017e na v\u00fdjimky dvou nebo t\u0159\u00ed st\u00e1t\u016f a jejich st\u00e1tn\u00edk\u016f (<em>Fico, Orb\u00e1n, Vu\u010di\u010d<\/em>).<\/p>\n<p>Rusko tak zachov\u00e1 a dokonce z\u0159ejm\u011b prohloub\u00ed westernizaci, ale tu americkou, zat\u00edmco ta evropsk\u00e1 bude postupn\u011b na procesech \u0159\u00edzen\u00ed v Rusku potla\u010dov\u00e1na a odstra\u0148ov\u00e1na. T\u00edm se potvrzuje predikce Aeronetu, \u017ee Rusko a USA sm\u011b\u0159uj\u00ed nevyhnuteln\u011b a vlastn\u011b z donucen\u00ed k opravdu t\u011bsn\u00e9mu a dedikovan\u00e9mu separ\u00e1tn\u00edmu m\u00edru, kter\u00fd vykope o to hlub\u0161\u00ed p\u0159\u00edkop mezi Ruskem a EU. S t\u00edm je t\u0159eba od t\u00e9to chv\u00edle po\u010d\u00edtat.<\/p>\n<p><a href=\"https:\/\/aeronet.news\/jiz-neni-cesty-navratu-k-dobrym-vztahum-s-evropou-protoze-je-rizena-rusofoby-a-zdegenerovanymi-loutkami-proto-je-treba-denacifikovat-nejen-ukrajinu-ale-celou-evropu\/\">-VK-<\/a><\/p>\n","protected":false},"excerpt":{"rendered":"<p>Ji\u017e nen\u00ed cesty n\u00e1vratu k dobr\u00fdm vztah\u016fm s Evropou, proto\u017ee je \u0159\u00edzena rusofoby a zdegenerovan\u00fdmi&#8230;<\/p>\n","protected":false},"author":2,"featured_media":77655,"comment_status":"closed","ping_status":"closed","sticky":false,"template":"","format":"standard","meta":[],"categories":[6],"tags":[1042,41,214,710,1437],"_links":{"self":[{"href":"https:\/\/www.infokuryr.cz\/n\/wp-json\/wp\/v2\/posts\/77654"}],"collection":[{"href":"https:\/\/www.infokuryr.cz\/n\/wp-json\/wp\/v2\/posts"}],"about":[{"href":"https:\/\/www.infokuryr.cz\/n\/wp-json\/wp\/v2\/types\/post"}],"author":[{"embeddable":true,"href":"https:\/\/www.infokuryr.cz\/n\/wp-json\/wp\/v2\/users\/2"}],"replies":[{"embeddable":true,"href":"https:\/\/www.infokuryr.cz\/n\/wp-json\/wp\/v2\/comments?post=77654"}],"version-history":[{"count":0,"href":"https:\/\/www.infokuryr.cz\/n\/wp-json\/wp\/v2\/posts\/77654\/revisions"}],"wp:featuredmedia":[{"embeddable":true,"href":"https:\/\/www.infokuryr.cz\/n\/wp-json\/wp\/v2\/media\/77655"}],"wp:attachment":[{"href":"https:\/\/www.infokuryr.cz\/n\/wp-json\/wp\/v2\/media?parent=77654"}],"wp:term":[{"taxonomy":"category","embeddable":true,"href":"https:\/\/www.infokuryr.cz\/n\/wp-json\/wp\/v2\/categories?post=77654"},{"taxonomy":"post_tag","embeddable":true,"href":"https:\/\/www.infokuryr.cz\/n\/wp-json\/wp\/v2\/tags?post=77654"}],"curies":[{"name":"wp","href":"https:\/\/api.w.org\/{rel}","templated":true}]}}