{"id":77552,"date":"2025-04-29T00:29:59","date_gmt":"2025-04-28T22:29:59","guid":{"rendered":"https:\/\/www.infokuryr.cz\/n\/?p=77552"},"modified":"2025-04-28T19:36:37","modified_gmt":"2025-04-28T17:36:37","slug":"cisty-a-zeleny-proc-jsou-vetrne-turbiny-hrozbou-pro-zivotni-prostredi","status":"publish","type":"post","link":"https:\/\/www.infokuryr.cz\/n\/2025\/04\/29\/cisty-a-zeleny-proc-jsou-vetrne-turbiny-hrozbou-pro-zivotni-prostredi\/","title":{"rendered":"\u201e\u010cist\u00fd a zelen\u00fd\u201c? Pro\u010d jsou v\u011btrn\u00e9 turb\u00edny hrozbou pro \u017eivotn\u00ed prost\u0159ed\u00ed"},"content":{"rendered":"<div id=\"fb-root\"><\/div>\n<p><strong><span>Mnoho lid\u00ed je pro v\u011btrnou energii. Nen\u00ed divu, proto\u017ee jej m\u00e9dia po l\u00e9ta oslavovala jako \u201e\u010dist\u00e9 a zelen\u00e9\u201c. Nyn\u00ed doch\u00e1z\u00ed k p\u0159ehodnocen\u00ed, proto\u017ee tato monstra vysok\u00e1 a\u017e 285 metr\u016f maj\u00ed dopad na \u017eivotn\u00ed prost\u0159ed\u00ed a ekosyst\u00e9my. Zd\u00e1 se jako vtip, \u017ee lid\u00e9, kte\u0159\u00ed jsou pro nedot\u010den\u00e9 \u017eivotn\u00ed prost\u0159ed\u00ed, st\u00e1le podporuj\u00ed v\u011btrn\u00fd pr\u016fmysl. Kdo nem\u00e1 ty o\u0161kliv\u00e9 obry viditeln\u00e9 a hmatateln\u00e9 p\u0159ed nosem, toho se to t\u00e9m\u011b\u0159 net\u00fdk\u00e1. Ale drah\u00e1, ekologicky po\u0161kozuj\u00edc\u00ed forma energie, v\u011btrn\u00e9 turb\u00edny, m\u00e1 sv\u00e9 datum spot\u0159eby. St\u00e1le v\u00edce fakt\u016f o nev\u00fdhod\u00e1ch vych\u00e1z\u00ed najevo.<\/span><\/strong><\/p>\n<p><span>Sly\u0161eli jste n\u011bkdy o mikroplastech a toxick\u00fdch vl\u00e1knech, kter\u00e9 v\u011btrn\u00e1 turb\u00edna ztr\u00e1c\u00ed ot\u011brem lopatek rotoru? Eroze mikro\u010d\u00e1stic \u0161kod\u00ed lidem, ale i zv\u00ed\u0159at\u016fm a p\u016fd\u011b. Vyskytuje se hlavn\u011b na vyboulen\u00edch list\u016f p\u0159edn\u00edho rotoru v d\u016fsledku jev\u016f souvisej\u00edc\u00edch s po\u010das\u00edm, jako je d\u00e9\u0161\u0165, zv\u011btr\u00e1v\u00e1n\u00ed a v\u00edtr.\u00a0<\/span><strong><span>\u017divotnost v\u011btrn\u00e9 turb\u00edny je 20 a\u017e 25 let. Problematick\u00e1 je rostouc\u00ed kontaminace p\u016fdy, povrchov\u00fdch a podzemn\u00edch vod. Mezi abrazivn\u00ed materi\u00e1ly by tak\u00e9 mohl pat\u0159it uhl\u00edk (GFRP\/CFRP),<\/span><\/strong><span>\u00a0kter\u00fd\u00a0<\/span><span>m\u00e1 toxick\u00e9 vlastnosti, a bisfenol A, kter\u00fd je klasifikov\u00e1n jako \u017eivot ohro\u017euj\u00edc\u00ed. To vede k potenci\u00e1ln\u00edm zdravotn\u00edm rizik\u016fm pro obyvatele \u017eij\u00edc\u00ed v bl\u00edzkosti v\u011btrn\u00fdch elektr\u00e1ren. Tato mikrovl\u00e1kna mohou dokonce zp\u016fsobit rakovinu.<\/span><\/p>\n<h3 id=\"h-windrader-als-giftschleudern\" class=\"wp-block-heading\"><span>V\u011btrn\u00e9 turb\u00edny jako jedovat\u00e9 praky<\/span><\/h3>\n<p><span>Abrazivn\u00ed \u010d\u00e1stice rotor\u016f rotuj\u00edc\u00edch rychlost\u00ed 340 kilometr\u016f za hodinu uvol\u0148uj\u00ed mikro- a nanoplasty, co\u017e zp\u016fsobuje v\u00e1\u017en\u00e9 ekologick\u00e9 probl\u00e9my. Na rotory p\u016fsob\u00ed odst\u0159ediv\u00e9 s\u00edly se zrychlen\u00edmi, kter\u00e1 odpov\u00eddaj\u00ed 18n\u00e1sobku zrychlen\u00ed vlivem gravitace. Abrazivn\u00ed \u010d\u00e1stice m\u011b\u0159\u00ed m\u00e9n\u011b ne\u017e 2 milimetry. Mohou p\u0159ekro\u010dit hematoencefalickou bari\u00e9ru a dostat se do mozku. Tam se hromad\u00ed v nervov\u00fdch bu\u0148k\u00e1ch, ovliv\u0148uj\u00ed imunitn\u00ed syst\u00e9m a vedou k z\u00e1n\u011btu. Lid\u00e9 \u017eij\u00edc\u00ed v bl\u00edzkosti v\u011btrn\u00fdch elektr\u00e1ren jsou t\u00e9to potenci\u00e1ln\u011b nebezpe\u010dn\u00e9 emisi vystaveni roky. O tom ale nejste informov\u00e1ni. Ano, \u00fa\u0159ady ani nepo\u017eaduj\u00ed vy\u0161et\u0159ov\u00e1n\u00ed, kdy\u017e se m\u00e1 stav\u011bt za\u0159\u00edzen\u00ed p\u00e1r set metr\u016f od obytn\u00fdch komplex\u016f!<\/span><\/p>\n<p><span>Nav\u00edc na pol\u00edch, kde se nach\u00e1zej\u00ed v\u011btrn\u00e9 turb\u00edny, se v bezprost\u0159edn\u00ed bl\u00edzkosti p\u011bstuj\u00ed potraviny jako obil\u00ed, kuku\u0159ice, \u0159epa a dal\u0161\u00ed plodiny, kter\u00e9 jsou kontaminov\u00e1ny toxick\u00fdm od\u011brem a n\u00e1sledn\u011b kon\u010d\u00ed v na\u0161ich potravin\u00e1ch. Prach z v\u011btrn\u00fdch elektr\u00e1ren nyn\u00ed i v poledn\u00edch menu a biopotravin\u00e1ch? Je to chutn\u00e9. Na to mus\u00ed myslet ka\u017ed\u00fd farm\u00e1\u0159. K \u010demu jsou pen\u00edze z pron\u00e1jmu, kdy\u017e jsou jeho pole kontaminovan\u00e1? Zpr\u00e1va\u00a0<\/span><a href=\"https:\/\/www.landtag.nrw.de\/portal\/WWW\/dokumentenarchiv\/Dokument\/MMST18-292.pdf\" target=\"_blank\" rel=\"noreferrer noopener\"><span>z b\u0159ezna 2023<\/span><\/a><span>\u00a0, kter\u00e1 byla p\u0159edlo\u017eena zemsk\u00e9mu parlamentu Severn\u00edho Por\u00fdn\u00ed-Vestf\u00e1lska, je v\u00fdbu\u0161n\u00e1. Autorem t\u00e9to zpr\u00e1vy je pr\u00e1vn\u00edk Dr. Thomas Mock. V tomto videu velmi jasn\u011b vysv\u011btluje, o \u010dem je abraze:<\/span><\/p>\n<p><iframe loading=\"lazy\" title=\"Od\u011br lopatek rotoru \u010din\u00ed obd\u011blan\u00e9 plochy nav\u017edy nepou\u017eiteln\u00fdmi\" src=\"https:\/\/www.youtube.com\/embed\/8TitXusNXCc?feature=oembed\" width=\"640\" height=\"480\" frameborder=\"0\" allowfullscreen=\"allowfullscreen\" data-mce-fragment=\"1\"><\/iframe><\/p>\n<p><span>Celou zpr\u00e1vu Dr. Mocka naleznete zde:\u00a0<\/span><a href=\"https:\/\/www.landtag.nrw.de\/portal\/WWW\/dokumentenarchiv\/Dokument\/MMST18-292.pdf\"><span>https:\/\/www.landtag.nrw.de\/portal\/WWW\/dokumentenarchiv\/Dokument\/MMST18-292.pdf<\/span><\/a><\/p>\n<h3 id=\"h-windrader-als-olverbraucher\" class=\"wp-block-heading\"><span>V\u011btrn\u00e9 turb\u00edny jako spot\u0159ebitel\u00e9 ropy<\/span><\/h3>\n<p><span>Ka\u017ed\u00e1 v\u011btrn\u00e1 turb\u00edna vy\u017eaduje mazac\u00ed olej, kter\u00fd je nutn\u00e9 pravideln\u011b m\u011bnit. V\u00fdrobci i provozovatel\u00e9 v\u011btrn\u00fdch elektr\u00e1ren ale o v\u011bci rad\u011bji ml\u010d\u00ed. Mezin\u00e1rodn\u00ed agentura odhaduje pr\u016fm\u011brnou spot\u0159ebu oleje v\u011btrn\u00e9 turb\u00edny na 350 litr\u016f.<\/span><\/p>\n<p><span>Jedn\u00e1 se o 350 litr\u016f fosiln\u00edch uhlovod\u00edk\u016f, kter\u00e9 jsou produkov\u00e1ny periodicky mezi \u010dty\u0159mi a sedmi lety na jednu v\u011btrnou turb\u00ednu, v z\u00e1vislosti na kvalit\u011b ropy. V\u011btrn\u00e1 turb\u00edna nem\u016f\u017ee fungovat bez fosiln\u00edch paliv. Na rozd\u00edl od tvrzen\u00ed v\u00fdrobc\u016f v\u011btrn\u00fdch turb\u00edn je p\u0159evodov\u00fd olej skute\u010dn\u011b ho\u0159lav\u00fd. Ho\u0159\u00edc\u00ed olej se \u0161\u00ed\u0159\u00ed po zemi a m\u016f\u017ee zap\u00e1lit lesn\u00ed a poln\u00ed po\u017e\u00e1ry. Po\u017e\u00e1rn\u00ed katastrofy jsou \u010dasto podce\u0148ov\u00e1ny. V\u011btrn\u00e9 turb\u00edny dok\u00e1\u017eou jasn\u011b ho\u0159et a lze potvrdit, \u017ee m\u00edstn\u00ed hasi\u010di jsou v p\u0159\u00edpad\u011b po\u017e\u00e1ru v takov\u00e9 v\u00fd\u0161ce zcela bezmocn\u00ed. Takov\u00e9 po\u017e\u00e1ry se vyskytuj\u00ed \u010dast\u011bji, ale ne v\u017edy jsou ve zpr\u00e1v\u00e1ch zm\u00edn\u011bny. <\/span>Co se stane, kdy\u017e gondola vzplane, m\u016f\u017eete vid\u011bt na tomto videu:<\/p>\n<p><a href=\"https:\/\/www.youtube.com\/watch?v=jTA7DcDxpbA\">https:\/\/www.youtube.com\/watch?v=jTA7DcDxpbA<\/a><\/p>\n<h3 id=\"h-windrader-als-bodenversiegler\" class=\"wp-block-heading\"><span>V\u011btrn\u00e9 turb\u00edny jako ut\u011bs\u0148ova\u010de p\u016fdy<\/span><\/h3>\n<p><span>V\u011btrn\u00e9 turb\u00edny ut\u011bs\u0148uj\u00ed zem. V\u011btrn\u00e1 turb\u00edna s v\u00fd\u0161kou n\u00e1boje 133 metr\u016f (to jsou ty men\u0161\u00ed) ut\u011bsn\u00ed asi 4800 metr\u016f krychlov\u00fdch zeminy. To odpov\u00edd\u00e1 53 podsklepen\u00fdm rodinn\u00fdm dom\u016fm s pr\u016fm\u011brn\u00fdm p\u016fdorysem. V\u011btrn\u00e9 turb\u00edny, kter\u00e9 se nyn\u00ed stav\u00ed, jsou mnohem vy\u0161\u0161\u00ed, s v\u00fd\u0161kou n\u00e1boje 199 metr\u016f. Vy\u017eaduj\u00ed podstatn\u011b v\u011bt\u0161\u00ed \u017eelezobetonov\u00fd z\u00e1klad.<\/span><\/p>\n<p><span>D\u00e1le jsou zde p\u0159\u00edjezdov\u00e9 komunikace a elektroinstalace. To \u010din\u00ed celkovou plochu asi 10 000 metr\u016f \u010dtvere\u010dn\u00edch, tedy jeden hektar p\u016fdy. K ut\u011bsn\u011bn\u00ed p\u016fdy p\u0159isp\u00edv\u00e1 nejen z\u00e1klad sto\u017e\u00e1ru z betonu a oceli, ale tak\u00e9 nezbytn\u00e1 energetick\u00e1 infrastruktura. \u017delezobetonov\u00e9 z\u00e1klady z\u016fst\u00e1vaj\u00ed poh\u0159beny v poln\u00ed a lesn\u00ed p\u016fd\u011b.<\/span><\/p>\n<p><span>Pokud se v\u011btrn\u00e9 elektr\u00e1rny postav\u00ed v lese, budou nutn\u00e9 i rozs\u00e1hl\u00e9 k\u00e1cen\u00ed a m\u00fdcen\u00ed les\u016f. D\u0159\u00edve vy\u010di\u0161t\u011bn\u00e1 a n\u00e1sledn\u011b ut\u011bsn\u011bn\u00e1 p\u016fda funguje jako tepeln\u00fd ostrov. Teplota toti\u017e v\u00fdrazn\u011b stoup\u00e1, kdy\u017e sv\u00edt\u00ed slunce, zejm\u00e9na v l\u00e9t\u011b. Slune\u010dn\u00ed z\u00e1\u0159en\u00ed v lese oh\u0159\u00edv\u00e1 odlesn\u011bnou p\u016fdu, co\u017e poh\u00e1n\u00ed v\u00fdpar p\u016fdy. Toto zv\u00fd\u0161en\u00e9 vypa\u0159ov\u00e1n\u00ed p\u016fdy zp\u016fsobuje \u201e\u00fanik vody\u201c, kter\u00fd podporuje od\u010derp\u00e1v\u00e1n\u00ed podzemn\u00ed vody ze zast\u00edn\u011bn\u00e9 lesn\u00ed oblasti jako s\u00e1n\u00ed. To zp\u016fsobuje, \u017ee les za\u017e\u00edv\u00e1 stres ze sucha.<\/span><\/p>\n<p><span>P\u0159i m\u011b\u0159en\u00ed na odlesn\u011bn\u00e9 p\u016fd\u011b a v p\u0159ilehl\u00e9 lesn\u00ed oblasti jsou patrn\u00e9 v\u00fdrazn\u00e9 teplotn\u00ed rozd\u00edly. Teploty odlesn\u011bn\u00e9, oslun\u011bn\u00e9 p\u016fdy jsou v l\u00e9t\u011b minim\u00e1ln\u011b o 4\u00b0C vy\u0161\u0161\u00ed ne\u017e teploty neporu\u0161en\u00e9 lesn\u00ed plochy. Les zni\u010den\u00fd v\u011btrn\u00fdmi turb\u00ednami u\u017e nen\u00ed ekosyst\u00e9m!<\/span><\/p>\n<h3 id=\"h-windrad-als-landschafts-und-lichtverschmutzer\" class=\"wp-block-heading\"><span>V\u011btrn\u00e9 turb\u00edny jako zne\u010di\u0161\u0165ovatel\u00e9 krajiny a sv\u011btla<\/span><\/h3>\n<p><span>Po desetilet\u00ed byly rozs\u00e1hl\u00e9 oblasti krajiny znetvo\u0159eny takzvan\u00fdmi \u201ev\u011btrn\u00fdmi elektr\u00e1rnami\u201c, zejm\u00e9na ve v\u00fdchodn\u00edm Rakousku, v Burgenlandu, Doln\u00edm Rakousku a \u0160t\u00fdrsku. A to i p\u0159esto, \u017ee o n\u011bco v\u00edce ne\u017e 1300 v\u011btrn\u00fdch turb\u00edn dohromady pokr\u00fdv\u00e1 pouh\u00e1 dv\u011b procenta celkov\u00e9 spot\u0159eby energie Rakouska. V\u011btrn\u00e9 turb\u00edny nyn\u00ed dos\u00e1hly v\u00fd\u0161ky kolem 250 metr\u016f a v\u00edce. Kdy\u017e porovn\u00e1te katedr\u00e1lu sv. \u0160t\u011bp\u00e1na ve V\u00eddni s jej\u00edmi 152 metry, uvid\u00edte rozm\u011bry \u201ep\u0159\u00ed\u0161er\u201c. V\u011btrn\u00e9 turb\u00edny lze spat\u0159it pouh\u00fdm okem ze vzd\u00e1lenosti a\u017e 30 kilometr\u016f, m\u00edsty i 50 kilometr\u016f.<\/span><\/p>\n<p><span>\u010cerven\u00e1 blikaj\u00edc\u00ed v\u00fdstra\u017en\u00e1 sv\u011btla pro bezpe\u010dnost letectv\u00ed zp\u016fsobuj\u00ed sv\u011bteln\u00e9 zne\u010di\u0161t\u011bn\u00ed i v noci, tak\u017ee Weinviertel v Doln\u00edm Rakousku, kde se nach\u00e1z\u00ed v\u011bt\u0161ina st\u00e1tn\u00edch v\u011btrn\u00fdch turb\u00edn, je nyn\u00ed hanliv\u011b naz\u00fdv\u00e1n \u201e\u010dtvr\u0165 \u010derven\u00fdch sv\u011btel\u201c. Obyvatel\u00e9 Weinviertelu za to mohou d\u011bkovat \u0161patn\u00e9 energetick\u00e9 politice zem\u011b. Ale tak\u00e9 na Parndorfer Platte v Burgenlandu a kolem V\u00eddn\u011b zp\u016fsobuj\u00ed nebezpe\u010dn\u00e9 po\u017e\u00e1ry stovek v\u011btrn\u00fdch turb\u00edn obrovsk\u00e9 sv\u011bteln\u00e9 zne\u010di\u0161t\u011bn\u00ed.<\/span><\/p>\n<h3 id=\"h-conclusio\" class=\"wp-block-heading\"><span>Z\u00e1v\u011br<\/span><\/h3>\n<p><span>Kdo je\u0161t\u011b neza\u010d\u00edn\u00e1 pochybovat o v\u011btrn\u00e9m pr\u016fmyslu jako milovn\u00edk p\u0159\u00edrody a ochr\u00e1nce p\u0159\u00edrody, nelze pomoci. Tak\u00e9 stoj\u00ed za to zafilozofovat o tom, co d\u011blaj\u00ed stroje b\u00edl\u00e9 energie v krajin\u011b s na\u0161\u00ed du\u0161\u00ed: jsou to v\u0161eobj\u00edmaj\u00edc\u00ed vrcholy technick\u00e9 ideologie, kter\u00e1 dob\u00fdv\u00e1 krajiny o\u0161kliv\u00fdm zp\u016fsobem a ni\u010d\u00ed p\u0159itom \u017eivoty. Z d\u00e1lky viditeln\u00e1 \u010derven\u00e1 sv\u011btla na no\u010dn\u00ed obloze blikaj\u00ed a br\u00e1n\u00ed n\u00e1m vid\u011bt hv\u011bzdy a nebeskou klenbu. Chcete chr\u00e1nit p\u0159\u00edrodu, sv\u00e9 \u017eivotn\u00ed prost\u0159ed\u00ed a v\u011bnujete se klimatu? Dobr\u00fd. Ale pak pros\u00edm nezav\u00edrejte o\u010di p\u0159ed argumenty proti v\u011btrn\u00e9mu pr\u016fmyslu. Uv\u011bdom\u011bn\u00ed a p\u0159ehodnocen\u00ed je\u0161t\u011b nikdy nikomu neubl\u00ed\u017eilo.<\/span><\/p>\n<p><em>Koment\u00e1\u0159 Angeliky Starkl<\/em><\/p>\n<p>&nbsp;<\/p>\n","protected":false},"excerpt":{"rendered":"<p>Mnoho lid\u00ed je pro v\u011btrnou energii. Nen\u00ed divu, proto\u017ee jej m\u00e9dia po l\u00e9ta oslavovala jako&#8230;<\/p>\n","protected":false},"author":2,"featured_media":44120,"comment_status":"closed","ping_status":"closed","sticky":false,"template":"","format":"standard","meta":[],"categories":[7],"tags":[67,2625,889],"_links":{"self":[{"href":"https:\/\/www.infokuryr.cz\/n\/wp-json\/wp\/v2\/posts\/77552"}],"collection":[{"href":"https:\/\/www.infokuryr.cz\/n\/wp-json\/wp\/v2\/posts"}],"about":[{"href":"https:\/\/www.infokuryr.cz\/n\/wp-json\/wp\/v2\/types\/post"}],"author":[{"embeddable":true,"href":"https:\/\/www.infokuryr.cz\/n\/wp-json\/wp\/v2\/users\/2"}],"replies":[{"embeddable":true,"href":"https:\/\/www.infokuryr.cz\/n\/wp-json\/wp\/v2\/comments?post=77552"}],"version-history":[{"count":0,"href":"https:\/\/www.infokuryr.cz\/n\/wp-json\/wp\/v2\/posts\/77552\/revisions"}],"wp:featuredmedia":[{"embeddable":true,"href":"https:\/\/www.infokuryr.cz\/n\/wp-json\/wp\/v2\/media\/44120"}],"wp:attachment":[{"href":"https:\/\/www.infokuryr.cz\/n\/wp-json\/wp\/v2\/media?parent=77552"}],"wp:term":[{"taxonomy":"category","embeddable":true,"href":"https:\/\/www.infokuryr.cz\/n\/wp-json\/wp\/v2\/categories?post=77552"},{"taxonomy":"post_tag","embeddable":true,"href":"https:\/\/www.infokuryr.cz\/n\/wp-json\/wp\/v2\/tags?post=77552"}],"curies":[{"name":"wp","href":"https:\/\/api.w.org\/{rel}","templated":true}]}}