{"id":7751,"date":"2022-01-24T03:09:12","date_gmt":"2022-01-24T02:09:12","guid":{"rendered":"http:\/\/www.infokuryr.cz\/n\/?p=7751"},"modified":"2022-01-24T03:09:12","modified_gmt":"2022-01-24T02:09:12","slug":"prumerny-cech-mezi-lety-2014-a-2020-bohatl-225krat-rychleji-nez-prumerny-slovak","status":"publish","type":"post","link":"https:\/\/www.infokuryr.cz\/n\/2022\/01\/24\/prumerny-cech-mezi-lety-2014-a-2020-bohatl-225krat-rychleji-nez-prumerny-slovak\/","title":{"rendered":"Pr\u016fm\u011brn\u00fd \u010cech mezi lety 2014 a 2020 bohatl 2,25kr\u00e1t rychleji ne\u017e pr\u016fm\u011brn\u00fd Slov\u00e1k"},"content":{"rendered":"<div id=\"fb-root\"><\/div>\n<p>V\u0161ichni politici z TOP 09, STAN, ODS, \u010cSSD \u010di KDU-\u010cSL a Pir\u00e1t\u016f, kte\u0159\u00ed podporuj\u00ed p\u0159ijet\u00ed eura, by m\u011bli v\u011bd\u011bt, \u017ee pr\u016fm\u011brn\u00fd \u010cech mezi lety 2014 a 2020 bohatl 2,25kr\u00e1t rychleji ne\u017e pr\u016fm\u011brn\u00fd Slov\u00e1k. Zbohatl dokonce o v\u00edc, ne\u017e kolik letos \u010din\u00ed \u010dist\u00e9 celo\u017eivotn\u00ed bohatstv\u00ed pr\u016fm\u011brn\u00e9ho Slov\u00e1ka.<\/p>\n<p>Souhlas\u00edm s ekonomkou \u0160ichta\u0159ovou, \u017ee Slov\u00e1ci za svou relativn\u00ed chudobu ve srovn\u00e1n\u00ed s \u010cechy mohou pod\u011bkovat tomu, \u017ee p\u0159ijali euro. A to byl tehdy pane\u010dku humbuk a to bylo sl\u00e1vy! D\u00edky Bohu, \u017ee nem\u00e1me euro!<\/p>\n<div class=\"-wm-cxmmr5t8 -wm-oygrvhab -wm-hcukyx3x -wm-c1et5uql -wm-o9v6fnle -wm-ii04i59q\">\n<div dir=\"auto\">Ekonom Luk\u00e1\u0161 Kovanda upozornil, \u017ee \u010dist\u00e9 bohatstv\u00ed pr\u016fm\u011brn\u00e9ho \u010cecha vzrostlo mezi lety 2014 a 2020 z 9487 eur na 17 497 eur, tedy o 84,4 procenta v nomin\u00e1ln\u00edm vyj\u00e1d\u0159en\u00ed (bez zahrnut\u00ed infla\u010dn\u00edho v\u00fdvoje). Za stejnou dobu vzrostlo \u010dist\u00e9 bohatstv\u00ed pr\u016fm\u011brn\u00e9ho Slov\u00e1ka v nomin\u00e1ln\u00edm vyj\u00e1d\u0159en\u00ed pouze o 37,5 procenta, a to z 4930 na 6778 eur.<\/div>\n<div><\/div>\n<\/div>\n<div class=\"-wm-cxmmr5t8 -wm-oygrvhab -wm-hcukyx3x -wm-c1et5uql -wm-o9v6fnle -wm-ii04i59q\">\n<div dir=\"auto\">\u010cist\u00e9 bohatstv\u00ed pr\u016fm\u011brn\u00e9ho \u010cecha tedy v letech 2014 a\u017e 2020 stoupalo 2,25kr\u00e1t rychleji ne\u017e \u010dist\u00e9 bohatstv\u00ed pr\u016fm\u011brn\u00e9ho Slov\u00e1ka. Vypl\u00fdv\u00e1 to ze srovn\u00e1n\u00ed zpr\u00e1v Allianz Wealth Report za p\u0159\u00edslu\u0161n\u00e9 roky.<\/div>\n<\/div>\n<div class=\"-wm-cxmmr5t8 -wm-oygrvhab -wm-hcukyx3x -wm-c1et5uql -wm-o9v6fnle -wm-ii04i59q\">\n<div><\/div>\n<div dir=\"auto\">V p\u0159\u00edpad\u011b p\u0159ijet\u00ed eura by Evropsk\u00e1 unie d\u00edky tomu, \u017ee Babi\u0161ova vl\u00e1da prosadila schv\u00e1len\u00ed fisk\u00e1ln\u00edho paktu, mohla p\u0159evz\u00edt kontrolu nad rozpo\u010dtem na\u0161\u00ed zem\u011b. D\u00e1le bychom museli v r\u00e1mci bankovn\u00ed unie platit ze sv\u00e9ho krachuj\u00edc\u00ed evropsk\u00e9 banky a v r\u00e1mci evropsk\u00e9ho z\u00e1chrann\u00e9ho mechanismu s n\u00e1zvem ESM bychom museli d\u00e1t \u010d\u00e1stku zhruba 350 miliard korun na krachuj\u00edc\u00ed st\u00e1ty euroz\u00f3ny.<\/div>\n<div><\/div>\n<div dir=\"auto\">D\u00edky Bohu, \u017ee euro nem\u00e1me a hnut\u00ed SPD ud\u011bl\u00e1 v\u0161e pro to, abychom ho nem\u011bli.<\/p>\n<\/div>\n<\/div>\n<div class=\"-wm-cxmmr5t8 -wm-oygrvhab -wm-hcukyx3x -wm-c1et5uql -wm-o9v6fnle -wm-ii04i59q\">\n<div dir=\"auto\">I kdyby st\u00e1ty ji\u017en\u00edho k\u0159\u00eddla euroz\u00f3ny sv\u00e9 dluhy splatily, museli bychom ru\u010dit pro jak\u00fdkoli p\u0159\u00edpad i do budoucnosti. Kdyby vznikl centr\u00e1ln\u00ed rozpo\u010det EU, na\u0161e zem\u011b, n\u00e1\u0161 parlament a vl\u00e1da by u\u017e nerozhodovaly fakticky ji\u017e o ni\u010dem a p\u0159i\u0161li bychom o zbyte\u010dky suverenity.<\/p>\n<\/div>\n<\/div>\n<div dir=\"auto\">Tomio Okamura &#8211; SPD<\/div>\n<div dir=\"auto\"><\/div>\n<div dir=\"auto\"><\/div>\n","protected":false},"excerpt":{"rendered":"<p>V\u0161ichni politici z TOP 09, STAN, ODS, \u010cSSD \u010di KDU-\u010cSL a Pir\u00e1t\u016f, kte\u0159\u00ed podporuj\u00ed p\u0159ijet\u00ed&#8230;<\/p>\n","protected":false},"author":2,"featured_media":1304,"comment_status":"closed","ping_status":"closed","sticky":false,"template":"","format":"standard","meta":[],"categories":[6],"tags":[506,59,763],"_links":{"self":[{"href":"https:\/\/www.infokuryr.cz\/n\/wp-json\/wp\/v2\/posts\/7751"}],"collection":[{"href":"https:\/\/www.infokuryr.cz\/n\/wp-json\/wp\/v2\/posts"}],"about":[{"href":"https:\/\/www.infokuryr.cz\/n\/wp-json\/wp\/v2\/types\/post"}],"author":[{"embeddable":true,"href":"https:\/\/www.infokuryr.cz\/n\/wp-json\/wp\/v2\/users\/2"}],"replies":[{"embeddable":true,"href":"https:\/\/www.infokuryr.cz\/n\/wp-json\/wp\/v2\/comments?post=7751"}],"version-history":[{"count":0,"href":"https:\/\/www.infokuryr.cz\/n\/wp-json\/wp\/v2\/posts\/7751\/revisions"}],"wp:featuredmedia":[{"embeddable":true,"href":"https:\/\/www.infokuryr.cz\/n\/wp-json\/wp\/v2\/media\/1304"}],"wp:attachment":[{"href":"https:\/\/www.infokuryr.cz\/n\/wp-json\/wp\/v2\/media?parent=7751"}],"wp:term":[{"taxonomy":"category","embeddable":true,"href":"https:\/\/www.infokuryr.cz\/n\/wp-json\/wp\/v2\/categories?post=7751"},{"taxonomy":"post_tag","embeddable":true,"href":"https:\/\/www.infokuryr.cz\/n\/wp-json\/wp\/v2\/tags?post=7751"}],"curies":[{"name":"wp","href":"https:\/\/api.w.org\/{rel}","templated":true}]}}