{"id":7749,"date":"2022-01-24T03:06:57","date_gmt":"2022-01-24T02:06:57","guid":{"rendered":"http:\/\/www.infokuryr.cz\/n\/?p=7749"},"modified":"2022-01-24T03:06:57","modified_gmt":"2022-01-24T02:06:57","slug":"david-vorovka-kazdy-je-zodpovedny-sam-za-sebe","status":"publish","type":"post","link":"https:\/\/www.infokuryr.cz\/n\/2022\/01\/24\/david-vorovka-kazdy-je-zodpovedny-sam-za-sebe\/","title":{"rendered":"David Vorovka: Ka\u017ed\u00fd je zodpov\u011bdn\u00fd s\u00e1m za sebe"},"content":{"rendered":"<div id=\"fb-root\"><\/div>\n<p><strong>\u0160moula Bourla (\u0161\u00e9f Pfizeru) fantaz\u00edruje o tom, \u017ee odp\u016frci o\u010dkov\u00e1n\u00ed m\u016f\u017eou za miliony mrtv\u00fdch, proto\u017ee \u0161\u00ed\u0159\u00ed dezinformace o tom, \u017ee je vakc\u00edna nebezpe\u010dn\u00e1.<\/strong><\/p>\n<p>Mil\u00fd dobrodin\u010de, ka\u017ed\u00fd je zodpov\u011bdn\u00fd s\u00e1m za sebe. Mn\u011b je jedno, co kdo \u0159\u00edk\u00e1 o vakc\u00edn\u00e1ch. I kdyby se sv\u011bt skl\u00e1dal jen ze sam\u00fdch zombie, co nad\u0161en\u011b tleskaj\u00ed ka\u017ed\u00e9mu v\u00fdplodu v CNN, BBC nebo \u010cT a i kdybych v\u011b\u0159il, \u017ee vakc\u00edna nenese rizika \u017e\u00e1dn\u00e1, stejn\u011b bych se nenechal nao\u010dkovat.<\/p>\n<p>J\u00e1 ten produkt prost\u011b nepot\u0159ebuju. Stejn\u011b jako neb\u011b\u017e\u00edm pro antibiotika p\u0159i prvn\u00edm zachrchl\u00e1n\u00ed, nebo pro ch\u0159ipkovou vakc\u00ednu, nepot\u0159ebuju ani tohle. Ta &#8222;pandemie&#8220; je mi ukraden\u00e1 a i kdyby m\u011b n\u00e1hodou postihla, to, jak zem\u0159u, je v\u011bc m\u00e9 volby.<\/p>\n<p>V t\u00e9hle zdegenerovan\u00e9 civilizaci u\u017e si asi m\u00e1lokdo um\u00ed p\u0159ipustit, \u017ee ka\u017ed\u00fd \u017eivot vede k tomu, co se tu naz\u00fdv\u00e1 &#8222;smrt&#8220;.<\/p>\n<p>Kdo se z toho b\u011bhem \u017eivota posere, tak ne\u017eije. Smrt je smrt\u00ed pro materialisty. Materialista v\u011b\u0159\u00ed ve smrt, proto se stal objektem n\u00e1hra\u017eek a bl\u00e1hov\u011b douf\u00e1, \u017ee ho p\u0159ed sebou sam\u00fdm zachr\u00e1n\u00ed ti, co mu hrajou na city.<\/p>\n<p><strong>David Vorovka<\/strong><\/p>\n<p>&nbsp;<\/p>\n","protected":false},"excerpt":{"rendered":"<p>\u0160moula Bourla (\u0161\u00e9f Pfizeru) fantaz\u00edruje o tom, \u017ee odp\u016frci o\u010dkov\u00e1n\u00ed m\u016f\u017eou za miliony mrtv\u00fdch, proto\u017ee&#8230;<\/p>\n","protected":false},"author":2,"featured_media":7750,"comment_status":"closed","ping_status":"closed","sticky":false,"template":"","format":"standard","meta":[],"categories":[6],"tags":[474,651,21],"_links":{"self":[{"href":"https:\/\/www.infokuryr.cz\/n\/wp-json\/wp\/v2\/posts\/7749"}],"collection":[{"href":"https:\/\/www.infokuryr.cz\/n\/wp-json\/wp\/v2\/posts"}],"about":[{"href":"https:\/\/www.infokuryr.cz\/n\/wp-json\/wp\/v2\/types\/post"}],"author":[{"embeddable":true,"href":"https:\/\/www.infokuryr.cz\/n\/wp-json\/wp\/v2\/users\/2"}],"replies":[{"embeddable":true,"href":"https:\/\/www.infokuryr.cz\/n\/wp-json\/wp\/v2\/comments?post=7749"}],"version-history":[{"count":0,"href":"https:\/\/www.infokuryr.cz\/n\/wp-json\/wp\/v2\/posts\/7749\/revisions"}],"wp:featuredmedia":[{"embeddable":true,"href":"https:\/\/www.infokuryr.cz\/n\/wp-json\/wp\/v2\/media\/7750"}],"wp:attachment":[{"href":"https:\/\/www.infokuryr.cz\/n\/wp-json\/wp\/v2\/media?parent=7749"}],"wp:term":[{"taxonomy":"category","embeddable":true,"href":"https:\/\/www.infokuryr.cz\/n\/wp-json\/wp\/v2\/categories?post=7749"},{"taxonomy":"post_tag","embeddable":true,"href":"https:\/\/www.infokuryr.cz\/n\/wp-json\/wp\/v2\/tags?post=7749"}],"curies":[{"name":"wp","href":"https:\/\/api.w.org\/{rel}","templated":true}]}}