{"id":7748,"date":"2022-01-24T03:03:32","date_gmt":"2022-01-24T02:03:32","guid":{"rendered":"http:\/\/www.infokuryr.cz\/n\/?p=7748"},"modified":"2022-01-24T03:03:32","modified_gmt":"2022-01-24T02:03:32","slug":"muslimove-vydali-dalsi-zpravu-o-islamofobii-v-ceske-republice-jim-vadi-eurabia-cz-a-tito-lide","status":"publish","type":"post","link":"https:\/\/www.infokuryr.cz\/n\/2022\/01\/24\/muslimove-vydali-dalsi-zpravu-o-islamofobii-v-ceske-republice-jim-vadi-eurabia-cz-a-tito-lide\/","title":{"rendered":"Muslimov\u00e9 vydali dal\u0161\u00ed zpr\u00e1vu o islamofobi\u00ed! V \u010cesk\u00e9 republice jim vad\u00ed EUrabia.cz a tito lid\u00e9 &#8230;"},"content":{"rendered":"<div id=\"fb-root\"><\/div>\n<p><strong>Tak n\u00e1m rakou\u0161t\u00ed muslimov\u00e9 (propojen\u00ed s tureck\u00fdmi islamisty a financov\u00e1n\u00ed z pen\u011bz Evropsk\u00e9 unie) vydali dal\u0161\u00ed zpr\u00e1vu o islamofobi\u00ed v Evrop\u011b &#8211;\u00a0<\/strong><a href=\"https:\/\/islamophobiareport.com\/\"><strong>European Islamophobia Report<\/strong><\/a><strong>. maj\u00ed v n\u00ed p\u011bkn\u011b zpracovan\u00e9 jednotliv\u00e9 st\u00e1ty a vyu\u017eili k tomu spolupr\u00e1ci s evropsk\u00fdmi akademiky a arabisty. Maj\u00ed tak p\u0159ehled o tom, kdo je p\u0159ek\u00e1\u017ekou pro \u0161\u00ed\u0159en\u00ed isl\u00e1mu a politick\u00e9ho vlivu muslim\u016f v Evrop\u011b nejv\u011bt\u0161\u00ed p\u0159ek\u00e1\u017ekou. V kategori\u00ed o \u010cesk\u00e9 republice maj\u00ed jednak zm\u00edn\u011bn\u00fd n\u00e1\u0161 web Eurabia.cz, ale uvedli i t\u0159i nejv\u011bt\u0161\u00ed probl\u00e9mov\u00e9 osoby pro \u0161\u00ed\u0159en\u00ed jejich vlivu a isl\u00e1mu. Jsou to &#8230;\u00a0<\/strong><\/p>\n<p><span style=\"color: #ff0000;\"><strong>Milo\u0161 Zeman, Tomio Okamura a Luk\u00e1\u0161 Lho\u0165an,\u00a0<\/strong><strong>tito t\u0159i lid\u00e9 jsou pro islamisty nejv\u011bt\u0161\u00ed protivn\u00edky v \u010cesk\u00e9 republice &#8230;<\/strong><\/span><\/p>\n<p><strong>Uk\u00e1zka z reportu o islamofobi\u00ed v \u010cR<\/strong><\/p>\n<p><img decoding=\"async\" title=\"Uk\u00e1zka z reportu o islamofobi\u00ed v \u010cR\" src=\"https:\/\/www.eurabia.cz\/UserFiles\/image\/islaofobie.jpg\" alt=\"Uk\u00e1zka z reportu o islamofobi\u00ed v \u010cR\" \/><\/p>\n<p>V kapitol\u00e1ch o projevech islamofobie v politice a medi\u00edch d\u00e1le maj\u00ed uvedeny i dal\u0161\u00ed ve\u0159ejn\u011b aktivn\u00ed kritiky isl\u00e1mu (Hampl, Kobza, Kuras a dal\u0161\u00ed) a v kapitole Central Figures in the Islamophobia Network maj\u00ed zd\u016frazn\u011bno, \u017ee Lho\u0165an vyd\u00e1v\u00e1 politicky nekorektn\u00ed knihy a knihy kritick\u00e9 k isl\u00e1mu. Zd\u00e1 se, \u017ee islamist\u016fm tohle v\u0161echno hodn\u011b vad\u00ed. Ale samoz\u0159ejm\u011b byli islamist\u00e9 tak chyt\u0159\u00ed, \u017ee si celou zpr\u00e1vu (886 stran) nechali vypracovat od evropsk\u00fdch akademik\u016f a arabist\u016f, tak\u017ee se mohou tv\u00e1\u0159it, \u017ee jde o odbornou publikaci.<\/p>\n<p><strong>Mimochodem 29. dubna 2021\u00a0<a href=\"https:\/\/www.europarl.europa.eu\/doceo\/document\/TA-9-2021-0164_EN.html#title1\">Evropsk\u00fd parlament p\u0159ijal usnesen\u00ed odsuzuj\u00edc\u00ed<\/a>\u00a0financov\u00e1n\u00ed projektu European Islamophobia Report Evropskou komis\u00ed:<\/strong>\u00a0<em>\u201eLitujeme skute\u010dnosti, \u017ee rakousk\u00fd politolog Farid Hafez opakovan\u011b dost\u00e1val finan\u010dn\u00ed prost\u0159edky z rozpo\u010dtu EU, a to i p\u0159es sv\u00e9 \u00fazk\u00e9 vazby na Muslimsk\u00e9 bratrstvo a tureckou vl\u00e1du, kter\u00e1 m\u011bla v \u00famyslu uml\u010det nez\u00e1visl\u00e9 novin\u00e1\u0159e a svobodu m\u00e9di\u00ed pod z\u00e1minkou islamofobie; Komise se vyz\u00fdv\u00e1, aby zm\u011bnila krit\u00e9ria zp\u016fsobilosti v programech pro pr\u00e1va, rovnost a ob\u010danstv\u00ed v r\u00e1mci rozpo\u010dtu EU, aby zabr\u00e1nila jednotlivc\u016fm a organizac\u00edm s tak znepokojiv\u00fdmi n\u00e1zory v z\u00edsk\u00e1v\u00e1n\u00ed finan\u010dn\u00edch prost\u0159edk\u016f EU.\u201c<\/em><\/p>\n<p><a href=\"https:\/\/www.eurabia.cz\/Articles\/66249-muslimove-vydali-dalsi-zpravu-o-islamofobii-v-ceske-republice-jim-vadi-eurabia-cz-a-tito-lide-.aspx\">EURABIA<\/a><\/p>\n<p>&nbsp;<\/p>\n","protected":false},"excerpt":{"rendered":"<p>Tak n\u00e1m rakou\u0161t\u00ed muslimov\u00e9 (propojen\u00ed s tureck\u00fdmi islamisty a financov\u00e1n\u00ed z pen\u011bz Evropsk\u00e9 unie) vydali&#8230;<\/p>\n","protected":false},"author":2,"featured_media":4552,"comment_status":"closed","ping_status":"closed","sticky":false,"template":"","format":"standard","meta":[],"categories":[6],"tags":[506,41,91,1764,44],"_links":{"self":[{"href":"https:\/\/www.infokuryr.cz\/n\/wp-json\/wp\/v2\/posts\/7748"}],"collection":[{"href":"https:\/\/www.infokuryr.cz\/n\/wp-json\/wp\/v2\/posts"}],"about":[{"href":"https:\/\/www.infokuryr.cz\/n\/wp-json\/wp\/v2\/types\/post"}],"author":[{"embeddable":true,"href":"https:\/\/www.infokuryr.cz\/n\/wp-json\/wp\/v2\/users\/2"}],"replies":[{"embeddable":true,"href":"https:\/\/www.infokuryr.cz\/n\/wp-json\/wp\/v2\/comments?post=7748"}],"version-history":[{"count":0,"href":"https:\/\/www.infokuryr.cz\/n\/wp-json\/wp\/v2\/posts\/7748\/revisions"}],"wp:featuredmedia":[{"embeddable":true,"href":"https:\/\/www.infokuryr.cz\/n\/wp-json\/wp\/v2\/media\/4552"}],"wp:attachment":[{"href":"https:\/\/www.infokuryr.cz\/n\/wp-json\/wp\/v2\/media?parent=7748"}],"wp:term":[{"taxonomy":"category","embeddable":true,"href":"https:\/\/www.infokuryr.cz\/n\/wp-json\/wp\/v2\/categories?post=7748"},{"taxonomy":"post_tag","embeddable":true,"href":"https:\/\/www.infokuryr.cz\/n\/wp-json\/wp\/v2\/tags?post=7748"}],"curies":[{"name":"wp","href":"https:\/\/api.w.org\/{rel}","templated":true}]}}