{"id":7747,"date":"2022-01-24T03:00:02","date_gmt":"2022-01-24T02:00:02","guid":{"rendered":"http:\/\/www.infokuryr.cz\/n\/?p=7747"},"modified":"2022-01-24T03:00:02","modified_gmt":"2022-01-24T02:00:02","slug":"narust-poctu-zadrzenych-migrantu-skutecne-nepredstavuje-pro-cr-zadna-bezpecnostni-rizika","status":"publish","type":"post","link":"https:\/\/www.infokuryr.cz\/n\/2022\/01\/24\/narust-poctu-zadrzenych-migrantu-skutecne-nepredstavuje-pro-cr-zadna-bezpecnostni-rizika\/","title":{"rendered":"N\u00e1r\u016fst po\u010dtu zadr\u017een\u00fdch migrant\u016f skute\u010dn\u011b nep\u0159edstavuje pro \u010cR \u017e\u00e1dn\u00e1 bezpe\u010dnostn\u00ed rizika?"},"content":{"rendered":"<div id=\"fb-root\"><\/div>\n<div><strong>Nen\u00ed to ani t\u00fdden, co m\u00e9dii prob\u011bhla informace o 11170 ileg\u00e1ln\u00edch migrantech, zadr\u017een\u00fdch v roce 2021 na \u00fazem\u00ed \u010cR. Policie tak\u00e9 zadr\u017eela 1330 migrant\u016f, sm\u011b\u0159uj\u00edc\u00edch p\u0159es \u010cR do N\u011bmecka a dal\u0161\u00edch zem\u00ed z\u00e1padn\u00ed Evropy. V\u011bt\u0161inou Afgh\u00e1nce a Sy\u0159any. Jedn\u00e1 se o nejvy\u0161\u0161\u00ed po\u010det od roku 2008, kdy za\u010dala migra\u010dn\u00ed krize nab\u00edrat obr\u00e1tky.<\/strong><\/div>\n<div><\/div>\n<div>Od vysok\u00fdch p\u0159edstavitel\u016f policie jsme se p\u0159i t\u00e9to p\u0159\u00edle\u017eitosti dozv\u011bd\u011bli, \u017ee v souvislosti s migrac\u00ed se vlastn\u011b nic ned\u011bje. Nejsou tu \u017e\u00e1dn\u00e1 rizika a nen\u00ed se \u010deho b\u00e1t. \u017de sice raketov\u011b roste, ale to je v po\u0159\u00e1dku, na zlo\u010dinnosti se to nijak neprojevuje a n\u00e1m nic nehroz\u00ed, proto\u017ee k n\u00e1m stejn\u011b nikdo nechce.<\/div>\n<div><\/div>\n<div>P\u0159izn\u00e1m se, \u017ee m\u011b to p\u0159ekvapilo a tak trochu i vyd\u011bsilo. N\u00e1r\u016fst po\u010dtu zadr\u017een\u00fdch migrant\u016f skute\u010dn\u011b nep\u0159edstavuje pro \u010cR \u017e\u00e1dn\u00e1 bezpe\u010dnostn\u00ed rizika? A \u017ee nezaznamenali \u017e\u00e1dn\u00fd n\u00e1r\u016fst trestn\u00e9 \u010dinnosti?! V\u017edy\u0165 p\u0159ece samotn\u00fd fakt ileg\u00e1ln\u00edho vstupu na \u00fazem\u00ed \u010cR je minim\u00e1ln\u011b p\u0159estupkem, ne-li trestn\u00fdm \u010dinem! Jedn\u00e1 se tedy o 11 170 plus dal\u0161\u00edch 1330 p\u0159estupk\u016f a trestn\u00fdch \u010din\u016f, kter\u00e9 zat\u011b\u017euj\u00ed st\u00e1tn\u00ed org\u00e1ny a jejich\u017e \u0159e\u0161en\u00ed stoj\u00ed n\u00e1s, da\u0148ov\u00e9 poplatn\u00edky, t\u011b\u017ek\u00e9 pen\u00edze! Nemluv\u011b o trestn\u00fdch \u010dinech p\u0159evad\u011b\u010dstv\u00ed, nebo pad\u011bl\u00e1n\u00ed \u00fa\u0159edn\u00edch listin, kter\u00e9 s ileg\u00e1ln\u00ed migrac\u00ed \u00fazce souvis\u00ed. Tak\u00e9 je u\u017e evidov\u00e1no n\u011bkolik v\u00e1\u017en\u00fdch dopravn\u00edch nehod, k nim\u017e do\u0161lo v souvislosti s pron\u00e1sledov\u00e1n\u00edm podez\u0159el\u00fdch vozidel, pa\u0161uj\u00edc\u00edch ileg\u00e1ln\u00ed migranty. R\u016fst migrace se, bez ohledu na chl\u00e1cholen\u00ed z nejvy\u0161\u0161\u00edch policejn\u00edch kruh\u016f, v \u010cR st\u00e1le v\u00edce prom\u00edt\u00e1 i do obecn\u00e9 kriminality, v\u010detn\u011b trestn\u00fdch \u010din\u016f zn\u00e1siln\u011bn\u00ed a dealerstv\u00ed drog.<\/div>\n<div><\/div>\n<div>Toto bran\u00ed migrace \u201ena lehkou v\u00e1hu\u201c se n\u00e1m m\u016f\u017ee velmi brzy tvrd\u011b vymst\u00edt, p\u0159esto\u017ee (aspo\u0148 podle dostupn\u00fdch informac\u00ed) zat\u00edm v souvislosti s migrac\u00ed nezahynul \u017e\u00e1dn\u00fd \u010desk\u00fd ob\u010dan. Zat\u00edm. \u017dena, kterou se na Silvestra pokusil pobl\u00ed\u017e Karlov\u00fdch Var\u016f chladnokrevn\u011b a c\u00edlen\u011b zavra\u017edit afgh\u00e1nsk\u00fd imigrant, se \u0161t\u011bst\u00edm p\u0159e\u017eila. Jen\u017ee, jak se zd\u00e1, za\u010d\u00ednaj\u00ed p\u0159evad\u011b\u010dsk\u00e9 struktury \u201ep\u0159itvrzovat\u201c. Dne\u0161n\u00ed ud\u00e1lost z ma\u010farsko-rakousk\u00e9 hranice, p\u0159i n\u00ed\u017e zah\u00e1jil p\u0159evad\u011b\u010d po odhalen\u00ed palbu na rakousk\u00e9 voj\u00e1ky, pom\u00e1haj\u00edc\u00ed s ostrahou hranice, ukazuje na jejich rostouc\u00ed drzost a sebev\u011bdom\u00ed. Ostatn\u011b nen\u00ed se \u010demu divit. Benevolentn\u00ed p\u0159\u00edstup veden\u00ed EU k proud\u016fm migrant\u016f, hrnouc\u00edm se ze v\u0161ech stran do Evropy, ani k ni\u010demu jin\u00e9mu v\u00e9st nemohl.<\/div>\n<div><\/div>\n<div>Nav\u00edc se st\u00e1le z\u0159eteln\u011bji ukazuje, \u017ee jak veden\u00ed policie, tak zpravodajsk\u00e9 slu\u017eby maj\u00ed jen mlhavou p\u0159edstavu o tom, kolik ileg\u00e1ln\u00edch migrant\u016f vlastn\u011b p\u0159es na\u0161i republiku skute\u010dn\u011b p\u0159ech\u00e1z\u00ed. Nikde se nedozv\u00edte, kolik \u00fasp\u011b\u0161n\u00fdch p\u0159echod\u016f p\u0159ipad\u00e1 na jednoho zadr\u017een\u00e9ho, ani zda n\u011bkte\u0159\u00ed z migruj\u00edc\u00edch na na\u0161em \u00fazem\u00ed z\u016fst\u00e1vaj\u00ed. Nikde se tak\u00e9 nedozv\u00edte, jestli byli mezi zadr\u017een\u00fdmi i radik\u00e1ln\u00ed muslimov\u00e9 nebo bojovn\u00edci isl\u00e1msk\u00e9ho st\u00e1tu a zda u n\u00e1s p\u016fsob\u00ed radik\u00e1ln\u00ed im\u00e1mov\u00e9. Z\u00e1zem\u00ed tu maj\u00ed. Muslimsk\u00e1 komunita (a absolutn\u00ed v\u011bt\u0161ina \u201eproch\u00e1zej\u00edc\u00edch\u201c ileg\u00e1ln\u00edch migrant\u016f jsou muslimov\u00e9), ochotn\u00e1 p\u0159ijmout bratry ve v\u00ed\u0159e, je v \u010cR pom\u011brn\u011b siln\u00e1 a je nav\u00edc dob\u0159e organizovan\u00e1.<\/div>\n<div><\/div>\n<div>Jak je ze zve\u0159ejn\u011bn\u00fdch \u010d\u00edsel patrn\u00e9, ileg\u00e1ln\u00ed migrace p\u0159es (a pravd\u011bpodobn\u011b i do) \u010cR neust\u00e1le roste a d\u00edky n\u00ed se zhor\u0161uje i bezpe\u010dnostn\u00ed situace v na\u0161\u00ed zemi. Bohu\u017eel, vypad\u00e1 to, \u017ee kompetentn\u00ed \u00fa\u0159ady to nijak nezneklid\u0148uje a \u010desk\u00e9 bezpe\u010dnostn\u00ed slo\u017eky se aktivn\u011b nep\u0159ipravuj\u00ed na hrozby, kter\u00e9 p\u0159ed n\u00e1mi re\u00e1ln\u011b stoj\u00ed. V\u010detn\u011b hrozby teroristick\u00fdch \u00fatok\u016f, daleko tvrd\u0161\u00edch, ne\u017e byl ten v Karlov\u00fdch Varech.<\/div>\n<div><\/div>\n<div>Jako ob\u010dan \u010cR proto chci od politick\u00fdch p\u0159edstavitel\u016f bezpe\u010dnostn\u00edch resort\u016f a nejvy\u0161\u0161\u00edch funkcion\u00e1\u0159\u016f jejich v\u00fdkonn\u00fdch slo\u017eek (arm\u00e1dy, policie a dal\u0161\u00edch) sly\u0161et jasn\u011b a jednozna\u010dn\u011b, \u010demu budeme v bl\u00edzk\u00e9 budoucnosti (nejen) v souvislosti s migra\u010dn\u00ed kriz\u00ed nuceni \u010delit. Tak\u00e9 nehodl\u00e1m b\u00fdt jen pasivn\u00edm subjektem \u201eochrany\u201c. Chci se na ni aktivn\u011b p\u0159ipravovat a v p\u0159\u00edpad\u011b pot\u0159eby i pod\u00edlet. \u0160anci p\u0159e\u017e\u00edt maj\u00ed jen siln\u00ed a p\u0159ipraven\u00ed. A to ani jako st\u00e1t, ani jako ob\u010dan\u00e9 zat\u00edm rozhodn\u011b nejsme. P\u0159esto\u017ee se n\u00e1m politici i odpov\u011bdn\u00ed p\u0159edstavitel\u00e9 bezpe\u010dnostn\u00edch resort\u016f neust\u00e1le sna\u017e\u00ed namluvit opak.<\/div>\n<div><\/div>\n<div>Jaroslav \u0160tefec<\/div>\n<div><\/div>\n<div><img decoding=\"async\" loading=\"lazy\" class=\"alignnone size-medium wp-image-509\" src=\"http:\/\/www.infokuryr.cz\/n\/wp-content\/uploads\/2021\/04\/jaroslav-stefec-300x200.jpeg\" alt=\"\" width=\"300\" height=\"200\" srcset=\"https:\/\/www.infokuryr.cz\/n\/wp-content\/uploads\/2021\/04\/jaroslav-stefec-300x200.jpeg 300w, https:\/\/www.infokuryr.cz\/n\/wp-content\/uploads\/2021\/04\/jaroslav-stefec-1024x683.jpeg 1024w, https:\/\/www.infokuryr.cz\/n\/wp-content\/uploads\/2021\/04\/jaroslav-stefec-768x512.jpeg 768w, https:\/\/www.infokuryr.cz\/n\/wp-content\/uploads\/2021\/04\/jaroslav-stefec.jpeg 1200w\" sizes=\"(max-width: 300px) 100vw, 300px\" \/><\/div>\n<div><\/div>\n<div><\/div>\n<div><\/div>\n","protected":false},"excerpt":{"rendered":"<p>Nen\u00ed to ani t\u00fdden, co m\u00e9dii prob\u011bhla informace o 11170 ileg\u00e1ln\u00edch migrantech, zadr\u017een\u00fdch v roce&#8230;<\/p>\n","protected":false},"author":2,"featured_media":3477,"comment_status":"closed","ping_status":"closed","sticky":false,"template":"","format":"standard","meta":[],"categories":[6],"tags":[76,41,119],"_links":{"self":[{"href":"https:\/\/www.infokuryr.cz\/n\/wp-json\/wp\/v2\/posts\/7747"}],"collection":[{"href":"https:\/\/www.infokuryr.cz\/n\/wp-json\/wp\/v2\/posts"}],"about":[{"href":"https:\/\/www.infokuryr.cz\/n\/wp-json\/wp\/v2\/types\/post"}],"author":[{"embeddable":true,"href":"https:\/\/www.infokuryr.cz\/n\/wp-json\/wp\/v2\/users\/2"}],"replies":[{"embeddable":true,"href":"https:\/\/www.infokuryr.cz\/n\/wp-json\/wp\/v2\/comments?post=7747"}],"version-history":[{"count":0,"href":"https:\/\/www.infokuryr.cz\/n\/wp-json\/wp\/v2\/posts\/7747\/revisions"}],"wp:featuredmedia":[{"embeddable":true,"href":"https:\/\/www.infokuryr.cz\/n\/wp-json\/wp\/v2\/media\/3477"}],"wp:attachment":[{"href":"https:\/\/www.infokuryr.cz\/n\/wp-json\/wp\/v2\/media?parent=7747"}],"wp:term":[{"taxonomy":"category","embeddable":true,"href":"https:\/\/www.infokuryr.cz\/n\/wp-json\/wp\/v2\/categories?post=7747"},{"taxonomy":"post_tag","embeddable":true,"href":"https:\/\/www.infokuryr.cz\/n\/wp-json\/wp\/v2\/tags?post=7747"}],"curies":[{"name":"wp","href":"https:\/\/api.w.org\/{rel}","templated":true}]}}