{"id":7746,"date":"2022-01-24T02:57:43","date_gmt":"2022-01-24T01:57:43","guid":{"rendered":"http:\/\/www.infokuryr.cz\/n\/?p=7746"},"modified":"2022-01-24T02:57:43","modified_gmt":"2022-01-24T01:57:43","slug":"proc-zapad-potrebuje-konflikt-s-ruskem-australske-uhli-se-ted-prodava-za-220-usd-a-uhli-z-donbasu-za-50-usd","status":"publish","type":"post","link":"https:\/\/www.infokuryr.cz\/n\/2022\/01\/24\/proc-zapad-potrebuje-konflikt-s-ruskem-australske-uhli-se-ted-prodava-za-220-usd-a-uhli-z-donbasu-za-50-usd\/","title":{"rendered":"Pro\u010d Z\u00e1pad pot\u0159ebuje konflikt s Ruskem? Australsk\u00e9 uhl\u00ed se te\u010f prod\u00e1v\u00e1 za 220 USD a uhl\u00ed z Donbasu za 50 USD &#8230;"},"content":{"rendered":"<div id=\"fb-root\"><\/div>\n<div><strong>Tro\u0161ku se p\u0159ehrab\u00e1v\u00e1m ve zpr\u00e1v\u00e1ch o energetice.\u00a0\u00a0Bylo by to k sm\u00edchu, kdyby to nebylo k pl\u00e1\u010di\u00a01) Po Labi poprv\u00e9 p\u0159iplulo do \u010ceska uhl\u00ed z Austr\u00e1lie. Voz\u00ed se velkolod\u00ed do holandsk\u00e9ho Rotterdamu, tam se p\u0159elo\u017e\u00ed na \u0159\u00ed\u010dn\u00ed malolo\u010f do D\u011b\u010d\u00edna a pak na vlak, kter\u00fdm odfr\u010d\u00ed do Ostravy. vzd\u00e1lenost p\u0159es 25 tis\u00edc kilometr\u016f.<\/strong><\/div>\n<div><\/div>\n<div>2) Uhl\u00ed z Donbasu se po \u017eeleznici p\u0159epravuje do rusk\u00e9ho Murmansku (za pol\u00e1rn\u00edm kruhem), tam se nakl\u00e1d\u00e1 na lod\u011b a po Severn\u00ed mo\u0159sk\u00e9 cest\u011b se s doprovodem ledoborc\u016f voz\u00ed do \u010c\u00edny. Vzd\u00e1lenost p\u0159es 16 tis\u00edc kilometr\u016f.<\/div>\n<div><\/div>\n<div>Z Donbasu do Ostravy je 1800 km. Z Austr\u00e1lie do \u010c\u00edny je 7 tis\u00edc kilometr\u016f.\u00a0Australsk\u00e9 uhl\u00ed se te\u010f prod\u00e1v\u00e1 za 220 USD za tunu. Donbask\u00e9 koksovateln\u00e9 uhl\u00ed se do Ruska prod\u00e1v\u00e1 za ca 50 USD za tunu. A kdy\u017e ho koupil pro Ukrajinu prezident Poro\u0161enko, tak je ob\u017ealovan\u00fd za vlastizradu.<\/div>\n<div><\/div>\n<div>Politika zkr\u00e1tka mu\u0161\u00ed bejt. Nep\u0159\u00edtel nesp\u00ed.<\/div>\n<div><\/div>\n<div><strong>Marie Divi\u0161ov\u00e1<\/strong><\/div>\n<div><\/div>\n<div><\/div>\n","protected":false},"excerpt":{"rendered":"<p>Tro\u0161ku se p\u0159ehrab\u00e1v\u00e1m ve zpr\u00e1v\u00e1ch o energetice.\u00a0\u00a0Bylo by to k sm\u00edchu, kdyby to nebylo k&#8230;<\/p>\n","protected":false},"author":2,"featured_media":4981,"comment_status":"closed","ping_status":"closed","sticky":false,"template":"","format":"standard","meta":[],"categories":[6],"tags":[434,64,1247],"_links":{"self":[{"href":"https:\/\/www.infokuryr.cz\/n\/wp-json\/wp\/v2\/posts\/7746"}],"collection":[{"href":"https:\/\/www.infokuryr.cz\/n\/wp-json\/wp\/v2\/posts"}],"about":[{"href":"https:\/\/www.infokuryr.cz\/n\/wp-json\/wp\/v2\/types\/post"}],"author":[{"embeddable":true,"href":"https:\/\/www.infokuryr.cz\/n\/wp-json\/wp\/v2\/users\/2"}],"replies":[{"embeddable":true,"href":"https:\/\/www.infokuryr.cz\/n\/wp-json\/wp\/v2\/comments?post=7746"}],"version-history":[{"count":0,"href":"https:\/\/www.infokuryr.cz\/n\/wp-json\/wp\/v2\/posts\/7746\/revisions"}],"wp:featuredmedia":[{"embeddable":true,"href":"https:\/\/www.infokuryr.cz\/n\/wp-json\/wp\/v2\/media\/4981"}],"wp:attachment":[{"href":"https:\/\/www.infokuryr.cz\/n\/wp-json\/wp\/v2\/media?parent=7746"}],"wp:term":[{"taxonomy":"category","embeddable":true,"href":"https:\/\/www.infokuryr.cz\/n\/wp-json\/wp\/v2\/categories?post=7746"},{"taxonomy":"post_tag","embeddable":true,"href":"https:\/\/www.infokuryr.cz\/n\/wp-json\/wp\/v2\/tags?post=7746"}],"curies":[{"name":"wp","href":"https:\/\/api.w.org\/{rel}","templated":true}]}}