{"id":77383,"date":"2025-04-27T00:17:39","date_gmt":"2025-04-26T22:17:39","guid":{"rendered":"https:\/\/www.infokuryr.cz\/n\/?p=77383"},"modified":"2025-04-26T11:24:51","modified_gmt":"2025-04-26T09:24:51","slug":"nova-stinova-cenzura-utoci-denne-a-vetsina-lidi-si-to-neuvedomuje","status":"publish","type":"post","link":"https:\/\/www.infokuryr.cz\/n\/2025\/04\/27\/nova-stinova-cenzura-utoci-denne-a-vetsina-lidi-si-to-neuvedomuje\/","title":{"rendered":"Nov\u00e1 st\u00ednov\u00e1 cenzura \u00fato\u010d\u00ed denn\u011b a v\u011bt\u0161ina lid\u00ed si to neuv\u011bdomuje"},"content":{"rendered":"<div id=\"fb-root\"><\/div>\n<p><span>To, \u010demu se d\u0159\u00edve \u0159\u00edkalo cenzura, se nyn\u00ed naz\u00fdv\u00e1 \u201emoderov\u00e1n\u00ed obsahu\u201c. A to, co se kdysi stalo s raz\u00edtky a cenzory, se nyn\u00ed d\u011bje neviditeln\u011b \u2013 \u0159\u00edzeno algoritmy, um\u011blou inteligenc\u00ed a politick\u00fdm tlakem. V\u00fdsledek: St\u00e1le kriti\u010dt\u011bj\u0161\u00ed webov\u00e9 str\u00e1nky, alternativn\u00ed novin\u00e1\u0159i a bezplatn\u00e9 kan\u00e1ly na X, Facebooku, Telegramu nebo YouTube n\u00e1hle ztr\u00e1cej\u00ed dosah, viditelnost \u2013 a hlas.<\/span><\/p>\n<p><span>Digit\u00e1ln\u00ed diskurzn\u00ed prostor, kter\u00fd byl kdysi pova\u017eov\u00e1n za m\u00edsto rozmanitosti, se postupn\u011b standardizuje. A to v\u0161e pod rou\u0161kou boje proti dezinformac\u00edm.<\/span><\/p>\n<h2 class=\"wp-block-heading\"><span>Neviditeln\u00e1 cenzura: Algoritmus rozhoduje o tom, co je vid\u011bt<\/span><\/h2>\n<p><span>Obsah na platform\u00e1ch jako X (d\u0159\u00edve Twitter), Facebook nebo YouTube ji\u017e nen\u00ed \u0159azen chronologicky ani tematicky, ale filtrov\u00e1n nepr\u016fhledn\u00fdmi algoritmy. A p\u0159esn\u011b tady je probl\u00e9m:<\/span><\/p>\n<ul>\n<li><span>Nikdo p\u0159esn\u011b nev\u00ed, co se cenzuruje nebo sni\u017euje \u2013 a pro\u010d.<\/span><\/li>\n<li><span>P\u0159\u00edsp\u011bvky, kter\u00e9 dos\u00e1hly v\u010dera, dnes ze zdroj\u016f zmiz\u00ed.<\/span><\/li>\n<li><span>Ti, kter\u00fdch se to t\u00fdk\u00e1, nedost\u00e1vaj\u00ed \u017e\u00e1dn\u00e9 ospravedln\u011bn\u00ed, \u017e\u00e1dn\u00fd n\u00e1hled \u2013 \u017e\u00e1dn\u00e9 pr\u00e1vo na n\u00e1mitku.<\/span><\/li>\n<\/ul>\n<p><span>Tato praxe se t\u00fdk\u00e1 zejm\u00e9na politicky nepohodln\u00e9ho obsahu, alternativn\u00edch zdravotn\u00edch informac\u00ed, kritick\u00e9ho zpravodajstv\u00ed v\u016f\u010di vl\u00e1d\u011b, investigativn\u00edho v\u00fdzkumu \u2013 zkr\u00e1tka v\u0161eho, co nezapad\u00e1 do r\u00e1mce po\u017eadovan\u00e9ho vypr\u00e1v\u011bn\u00ed.<\/span><\/p>\n<h2 class=\"wp-block-heading\"><span>Um\u011bl\u00e1 inteligence jako zesilova\u010d cenzury<\/span><\/h2>\n<p><span>To, co bylo d\u0159\u00edve zalo\u017eeno na kl\u00ed\u010dov\u00fdch slovech a ru\u010dn\u00edm ovl\u00e1d\u00e1n\u00ed, nyn\u00ed zaji\u0161\u0165uj\u00ed syst\u00e9my um\u011bl\u00e9 inteligence, jako jsou takzvan\u00e9 \u201eklasifik\u00e1tory obsahu\u201c nebo \u201emotory d\u016fv\u011bry a bezpe\u010dnosti\u201c. Nez\u00e1visle se u\u010d\u00ed, co je pova\u017eov\u00e1no za \u201eprobl\u00e9mov\u00e9\u201c \u2013 na z\u00e1klad\u011b \u0161kolic\u00edch \u00fadaj\u016f, kter\u00e9 \u010dasto poskytuj\u00ed provl\u00e1dn\u00ed nevl\u00e1dn\u00ed organizace, transatlantick\u00e9 nadace nebo ov\u011b\u0159ovatel\u00e9 fakt\u016f, kte\u0159\u00ed jsou \u00fa\u010dinn\u011b spojeni s vl\u00e1dou.<\/span><\/p>\n<p><span>S ka\u017edou novou verz\u00ed se tato forma cenzury st\u00e1v\u00e1 jemn\u011bj\u0161\u00ed, p\u0159esn\u011bj\u0161\u00ed \u2013 a je obt\u00ed\u017en\u011bj\u0161\u00ed ji odhalit.<\/span><\/p>\n<p><span>Dnes platformy nejen\u017ee rozpozn\u00e1vaj\u00ed pojmy jako \u201ekritika vakc\u00edn\u201c, \u201eukrajinsk\u00e1 v\u00e1lka\u201c nebo \u201edigit\u00e1ln\u00ed ID\u201c, ale tak\u00e9 t\u00f3n, metafory, ironie nebo kritick\u00e9 konotace \u2013 a algoritmicky omezuj\u00ed obsah, ne\u017e dos\u00e1hne n\u011bjak\u00e9ho v\u00fdznamn\u00e9ho dosahu.<\/span><\/p>\n<h2 class=\"wp-block-heading\"><span>Koho se to t\u00fdk\u00e1?<\/span><\/h2>\n<p><span>Seznam posti\u017een\u00fdch se ka\u017ed\u00fdm dnem rozr\u016fst\u00e1 \u2013 a s n\u00edm i odpor ve\u0159ejnosti:<\/span><\/p>\n<ul>\n<li><strong><span>Nez\u00e1visl\u00e9 \u010dasopisy<\/span><\/strong><span>\u00a0jako\u00a0<\/span><em><span>Multipolar<\/span><\/em><span>\u00a0,\u00a0<\/span><em><span>Transition News<\/span><\/em><span>\u00a0,\u00a0<\/span><em><span>Manova<\/span><\/em><span>\u00a0,\u00a0<\/span><em><span>Achgut<\/span><\/em><span>\u00a0a tak\u00e9 na\u0161e platformy a mnoho dal\u0161\u00edch,<\/span><\/li>\n<li><strong><span>X-\u00fa\u010dty l\u00e9ka\u0159\u016f, analytik\u016f, pr\u00e1vn\u00edk\u016f, investigativn\u00edch novin\u00e1\u0159\u016f<\/span><\/strong><span>\u00a0\u2013 \u010dasto s des\u00edtkami tis\u00edc odb\u011bratel\u016f<\/span><\/li>\n<li><strong><span>Telegramov\u00e9 kan\u00e1ly<\/span><\/strong><span>\u00a0s p\u011bti a\u017e \u0161estim\u00edstn\u00fdm dosahem ztr\u00e1cej\u00ed p\u0159edplatitele<\/span><\/li>\n<li><strong><span>Kan\u00e1ly YouTube<\/span><\/strong><span>\u00a0s miliony div\u00e1k\u016f \u2013 zru\u0161en\u00e9, smazan\u00e9, blokovan\u00e9 nebo \u201eomezen\u00e9\u201c<\/span><\/li>\n<li><strong><span>Jednotliv\u00ed ob\u010dan\u00e9<\/span><\/strong><span>\u00a0, kte\u0159\u00ed si st\u011b\u017euj\u00ed na n\u00e1hle ztracen\u00e9 odb\u011bratele, zmizel\u00e9 p\u0159\u00edsp\u011bvky nebo st\u00ednov\u00e9 z\u00e1kazy \u2013 ani\u017e by kdy poru\u0161ili ofici\u00e1ln\u00ed pokyny.<\/span><\/li>\n<\/ul>\n<p><span>A:\u00a0<\/span><strong><span>St\u00e1le v\u00edce posti\u017een\u00fdch lid\u00ed s t\u00edm p\u0159ich\u00e1z\u00ed na ve\u0159ejnost.<\/span><\/strong><\/p>\n<h3 class=\"wp-block-heading\"><span>Nejnov\u011bj\u0161\u00ed p\u0159\u00edklad: P\u0159\u00edpad \u201eVigilant Fox\u201c.<\/span><\/h3>\n<p dir=\"ltr\" lang=\"en\"><em>Toto je tv\u00e1\u0159 mu\u017ee, kter\u00fd ni\u010d\u00ed\u00a0<a href=\"https:\/\/twitter.com\/CommunityNotes?ref_src=twsrc%5Etfw\">@CommunityNotes<\/a>\u00a0pro v\u0161echny.<\/em><\/p>\n<p><em>Nen\u00ed to nikdo jin\u00fd ne\u017e s\u00e1m vedouc\u00ed t\u00fdmu \u2014\u00a0<a href=\"https:\/\/twitter.com\/_jaybaxter_?ref_src=twsrc%5Etfw\">@_jaybaxter_<\/a>\u00a0.<\/em><\/p>\n<p><em>U\u017e v\u00edce ne\u017e rok kryje masivn\u00ed skand\u00e1l uvnit\u0159 Community Notes.<\/em><\/p>\n<p><em>A jakmile o tom usly\u0161\u00edte, bude se v\u00e1m z toho va\u0159it krev.<\/em><\/p>\n<p><em>\ud83e\uddf5THREAD\u00a0<a href=\"https:\/\/t.co\/px13KRbTo3\">pic.twitter.com\/px13KRbTo3<\/a><\/em><\/p>\n<p><em>\u2014 The Vigilant Fox\u00a0\ud83e\udd8a(@VigilantFox)\u00a0<a href=\"https:\/\/twitter.com\/VigilantFox\/status\/1915314179973505275?ref_src=twsrc%5Etfw\">24. dubna 2025<\/a><\/em><\/p>\n<p><span>Dne 25. dubna zve\u0159ejnil zn\u00e1m\u00fd analytik @VigilantFox kontroverzn\u00ed ob\u017ealobu na X proti vedouc\u00edmu zam\u011bstnanci programu \u201eCommunity Notes\u201c \u2013 mechanismu p\u016fvodn\u011b ur\u010den\u00e9ho k oprav\u011b zav\u00e1d\u011bj\u00edc\u00edho obsahu. Podle Foxu tento zam\u011bstnanec ji\u017e v\u00edce ne\u017e rok aktivn\u011b potla\u010duje p\u0159\u00edsp\u011bvky o o\u010dkov\u00e1n\u00ed, zneu\u017e\u00edv\u00e1n\u00ed d\u011bt\u00ed a kritick\u00fdch vl\u00e1dn\u00edch ot\u00e1zk\u00e1ch \u2013 s pomoc\u00ed s\u00edt\u011b politicky kontrolovan\u00fdch ov\u011b\u0159ovatel\u016f fakt\u016f.<\/span><\/p>\n<p><em>N\u011bkolik hodin po zve\u0159ejn\u011bn\u00ed vl\u00e1kna jednotliv\u00e9 p\u0159\u00edsp\u011bvky zmizely z viditelnosti \u2013 a p\u016fvodn\u00ed p\u0159\u00edsp\u011bvek byl algoritmicky sn\u00ed\u017een.<\/em><\/p>\n<p><span>Takov\u00e9 incidenty jsou st\u00e1le \u010dast\u011bj\u0161\u00ed. U\u017eivatel\u00e9 st\u00e1le \u010dast\u011bji hl\u00e1s\u00ed, \u017ee cel\u00e9 kan\u00e1ly \u201en\u00e1hle zmiz\u00ed\u201c, jako by nikdy neexistovaly. \u017d\u00e1dn\u00e9 poru\u0161en\u00ed, \u017e\u00e1dn\u00e9 varov\u00e1n\u00ed, \u017e\u00e1dn\u00e9 vysv\u011btlen\u00ed \u2013 jen pr\u00e1zdnota.<\/span><\/p>\n<h2 class=\"wp-block-heading\"><span>Politick\u00e1 kontrola \u2013 s glob\u00e1ln\u00edm vlivem<\/span><\/h2>\n<p><span>Z\u00e1kon EU\u00a0<\/span><strong><span>o digit\u00e1ln\u00edch slu\u017eb\u00e1ch (DSA)<\/span><\/strong><span>\u00a0, iniciativy na ochranu demokracie a mezin\u00e1rodn\u00ed dohody o dezinformac\u00edch vyv\u00edjej\u00ed obrovsk\u00fd tlak na platformy, aby filtrovaly kritick\u00fd obsah \u2013 i kdy\u017e je to leg\u00e1ln\u00ed.<\/span><\/p>\n<p><span>V USA, N\u011bmecku, Kanad\u011b, Velk\u00e9 Brit\u00e1nii a Francii vl\u00e1dy aktivn\u011b zasahuj\u00ed do politiky platforem. P\u0159\u00edli\u0161 kriti\u010dt\u00ed riskuj\u00ed smaz\u00e1n\u00ed \u2013 ti, kte\u0159\u00ed jsou p\u0159\u00edli\u0161 konformn\u00ed, jsou pov\u00fd\u0161eni. Rozd\u00edl mezi st\u00e1tem, korporac\u00ed a kontrolou obsahu se st\u00e1le v\u00edce st\u00edr\u00e1.<\/span><\/p>\n<p><span>Intern\u00ed \u00faniky a zpr\u00e1vy whistleblower\u016f, jako jsou ty z\u00a0<\/span><strong><span>Twitter Files<\/span><\/strong><span>\u00a0, ukazuj\u00ed velmi jasn\u011b:<\/span><br \/>\n<span>Tajn\u00e9 slu\u017eby, vl\u00e1dn\u00ed agentury a think-tanky si zajistily p\u0159\u00edm\u00fd vliv na obsah, kter\u00fd lze od ve\u0159ejnosti o\u010dek\u00e1vat \u2013 pod z\u00e1minkou ochrany demokracie.<\/span><\/p>\n<h2 class=\"wp-block-heading\"><span>Z\u00e1v\u011br: Ve\u0159ejn\u00e1 sf\u00e9ra je algoritmicky restrukturalizov\u00e1na<\/span><\/h2>\n<p><span>Dnes u\u017e cenzura neznamen\u00e1 \u201ez\u00e1kaz\u201c, ale sp\u00ed\u0161e\u00a0<\/span><strong><span>zneviditeln\u011bn\u00ed<\/span><\/strong><span>\u00a0. Kdo dnes ovl\u00e1d\u00e1 algoritmy, ovl\u00e1d\u00e1 debatu. A kdo ovl\u00e1d\u00e1 debatu, utv\u00e1\u0159\u00ed realitu.<\/span><\/p>\n<p><span>Pro mnoho kritick\u00fdch hlas\u016f to znamen\u00e1:<\/span><\/p>\n<p><em>Miz\u00ed \u2013\u00a0<strong>ne proto, \u017ee by se m\u00fdlili<\/strong>\u00a0, ale proto, \u017ee jsou znepokojuj\u00edc\u00ed.<\/em><\/p>\n<p><span>Z\u016fst\u00e1v\u00e1 digit\u00e1ln\u011b dezinfikovan\u00fd prostor: hladk\u00fd, p\u0159edv\u00eddateln\u00fd, v souladu se st\u00e1tn\u00edmi p\u0159edpisy.<\/span><\/p>\n<p><strong><span>V\u00edtejte v \u00e9\u0159e algoritmick\u00e9 s\u00edly. Neviditeln\u00fd. Efektivn\u00ed. Politicky \u017e\u00e1douc\u00ed. A denn\u011b rostouc\u00ed odpor \u2013 zdola.<\/span><\/strong><\/p>\n<p><img decoding=\"async\" loading=\"lazy\" class=\"alignnone size-full wp-image-71983\" src=\"http:\/\/www.infokuryr.cz\/n\/wp-content\/uploads\/2025\/02\/aaa.jpg\" alt=\"\" width=\"89\" height=\"23\" \/><\/p>\n<p>&nbsp;<\/p>\n","protected":false},"excerpt":{"rendered":"<p>To, \u010demu se d\u0159\u00edve \u0159\u00edkalo cenzura, se nyn\u00ed naz\u00fdv\u00e1 \u201emoderov\u00e1n\u00ed obsahu\u201c. A to, co se&#8230;<\/p>\n","protected":false},"author":2,"featured_media":62027,"comment_status":"closed","ping_status":"closed","sticky":false,"template":"","format":"standard","meta":[],"categories":[7],"tags":[8996,63,48,2194],"_links":{"self":[{"href":"https:\/\/www.infokuryr.cz\/n\/wp-json\/wp\/v2\/posts\/77383"}],"collection":[{"href":"https:\/\/www.infokuryr.cz\/n\/wp-json\/wp\/v2\/posts"}],"about":[{"href":"https:\/\/www.infokuryr.cz\/n\/wp-json\/wp\/v2\/types\/post"}],"author":[{"embeddable":true,"href":"https:\/\/www.infokuryr.cz\/n\/wp-json\/wp\/v2\/users\/2"}],"replies":[{"embeddable":true,"href":"https:\/\/www.infokuryr.cz\/n\/wp-json\/wp\/v2\/comments?post=77383"}],"version-history":[{"count":0,"href":"https:\/\/www.infokuryr.cz\/n\/wp-json\/wp\/v2\/posts\/77383\/revisions"}],"wp:featuredmedia":[{"embeddable":true,"href":"https:\/\/www.infokuryr.cz\/n\/wp-json\/wp\/v2\/media\/62027"}],"wp:attachment":[{"href":"https:\/\/www.infokuryr.cz\/n\/wp-json\/wp\/v2\/media?parent=77383"}],"wp:term":[{"taxonomy":"category","embeddable":true,"href":"https:\/\/www.infokuryr.cz\/n\/wp-json\/wp\/v2\/categories?post=77383"},{"taxonomy":"post_tag","embeddable":true,"href":"https:\/\/www.infokuryr.cz\/n\/wp-json\/wp\/v2\/tags?post=77383"}],"curies":[{"name":"wp","href":"https:\/\/api.w.org\/{rel}","templated":true}]}}