{"id":77373,"date":"2025-04-27T00:12:24","date_gmt":"2025-04-26T22:12:24","guid":{"rendered":"https:\/\/www.infokuryr.cz\/n\/?p=77373"},"modified":"2025-04-26T11:08:04","modified_gmt":"2025-04-26T09:08:04","slug":"svycarska-petice-vyzyva-k-zavedeni-socialnich-siti-pouze-pro-osoby-starsi-16-let","status":"publish","type":"post","link":"https:\/\/www.infokuryr.cz\/n\/2025\/04\/27\/svycarska-petice-vyzyva-k-zavedeni-socialnich-siti-pouze-pro-osoby-starsi-16-let\/","title":{"rendered":"\u0160v\u00fdcarsk\u00e1 petice vyz\u00fdv\u00e1 k zaveden\u00ed soci\u00e1ln\u00edch s\u00edt\u00ed pouze pro osoby star\u0161\u00ed 16 let &#8230;"},"content":{"rendered":"<div id=\"fb-root\"><\/div>\n<h2 class=\"elementor-heading-title elementor-size-default\"><span>&#8230; ochrana d\u011bt\u00ed jako z\u00e1minka pro povinn\u00fd pr\u016fkaz toto\u017enosti na internetu?<\/span><\/h2>\n<p><span>\u0160v\u00fdcarsk\u00e1 petice po\u017eaduje p\u0159\u00edstup k soci\u00e1ln\u00edm m\u00e9di\u00edm pouze od 16 let \u2013 a potenci\u00e1ln\u011b tak p\u0159ipravuje cestu k digit\u00e1ln\u011b monitorovan\u00e9 s\u00edti<\/span><\/p>\n<p><span>Na platform\u011b kampan\u011b\u00a0<\/span><em><span>Campax<\/span><\/em><span>\u00a0aktu\u00e1ln\u011b b\u011b\u017e\u00ed petice s n\u00e1zvem<\/span><br \/>\n<strong><span>\u201eChra\u0148te na\u0161e d\u011bti \u2013 lajky nejsou pr\u00e1vem d\u00edt\u011bte. Soci\u00e1ln\u00ed m\u00e9dia pouze pro v\u011bk 16 let a v\u00edce\u201c<\/span><\/strong><span>\u00a0.<\/span><\/p>\n<p><span>Po\u017eadavek: D\u011bti a mlad\u00ed lid\u00e9 by m\u011bli\u00a0<\/span><strong><span>b\u00fdt ze z\u00e1kona vylou\u010deni z p\u0159\u00edstupu k soci\u00e1ln\u00edm m\u00e9di\u00edm,<\/span><\/strong><span>\u00a0pokud je\u0161t\u011b nedos\u00e1hli v\u011bku 16 let. D\u016fvodem je ochrana du\u0161evn\u00edho zdrav\u00ed, prevence z\u00e1vislost\u00ed a soci\u00e1ln\u00ed rozvoj. Petici ve\u0159ejn\u011b podpo\u0159ila\u00a0<\/span><a href=\"https:\/\/en.wikipedia.org\/wiki\/Nina_Fehr_D%C3%BCsel\" target=\"_blank\" rel=\"noreferrer noopener\" data-type=\"link\" data-id=\"https:\/\/en.wikipedia.org\/wiki\/Nina_Fehr_D%C3%BCsel\"><strong><span>Nina Fehr D\u00fcsel<\/span><\/strong><span>\u00a0,<\/span><\/a><span>\u00a0n\u00e1rodn\u00ed rada SVP\u00a0<\/span><strong><span>,<\/span><\/strong><span>\u00a0kter\u00e1 tuto zpr\u00e1vu\u00a0ned\u00e1vno\u00a0<a href=\"https:\/\/archive.is\/JA3cV\" target=\"_blank\" rel=\"noreferrer noopener\" data-type=\"link\" data-id=\"https:\/\/archive.is\/JA3cV\">roz\u0161\u00ed\u0159ila na\u00a0<\/a><\/span><a href=\"https:\/\/archive.is\/JA3cV\" target=\"_blank\" rel=\"noreferrer noopener\" data-type=\"link\" data-id=\"https:\/\/archive.is\/JA3cV\"><strong><span>X.<\/span><\/strong><\/a><\/p>\n<div class=\"twitter-tweet twitter-tweet-rendered\"><iframe id=\"twitter-widget-0\" class=\"\" title=\"X Post\" src=\"https:\/\/platform.twitter.com\/embed\/Tweet.html?dnt=false&amp;embedId=twitter-widget-0&amp;features=eyJ0ZndfdGltZWxpbmVfbGlzdCI6eyJidWNrZXQiOltdLCJ2ZXJzaW9uIjpudWxsfSwidGZ3X2ZvbGxvd2VyX2NvdW50X3N1bnNldCI6eyJidWNrZXQiOnRydWUsInZlcnNpb24iOm51bGx9LCJ0ZndfdHdlZXRfZWRpdF9iYWNrZW5kIjp7ImJ1Y2tldCI6Im9uIiwidmVyc2lvbiI6bnVsbH0sInRmd19yZWZzcmNfc2Vzc2lvbiI6eyJidWNrZXQiOiJvbiIsInZlcnNpb24iOm51bGx9LCJ0ZndfZm9zbnJfc29mdF9pbnRlcnZlbnRpb25zX2VuYWJsZWQiOnsiYnVja2V0Ijoib24iLCJ2ZXJzaW9uIjpudWxsfSwidGZ3X21peGVkX21lZGlhXzE1ODk3Ijp7ImJ1Y2tldCI6InRyZWF0bWVudCIsInZlcnNpb24iOm51bGx9LCJ0ZndfZXhwZXJpbWVudHNfY29va2llX2V4cGlyYXRpb24iOnsiYnVja2V0IjoxMjA5NjAwLCJ2ZXJzaW9uIjpudWxsfSwidGZ3X3Nob3dfYmlyZHdhdGNoX3Bpdm90c19lbmFibGVkIjp7ImJ1Y2tldCI6Im9uIiwidmVyc2lvbiI6bnVsbH0sInRmd19kdXBsaWNhdGVfc2NyaWJlc190b19zZXR0aW5ncyI6eyJidWNrZXQiOiJvbiIsInZlcnNpb24iOm51bGx9LCJ0ZndfdXNlX3Byb2ZpbGVfaW1hZ2Vfc2hhcGVfZW5hYmxlZCI6eyJidWNrZXQiOiJvbiIsInZlcnNpb24iOm51bGx9LCJ0ZndfdmlkZW9faGxzX2R5bmFtaWNfbWFuaWZlc3RzXzE1MDgyIjp7ImJ1Y2tldCI6InRydWVfYml0cmF0ZSIsInZlcnNpb24iOm51bGx9LCJ0ZndfbGVnYWN5X3RpbWVsaW5lX3N1bnNldCI6eyJidWNrZXQiOnRydWUsInZlcnNpb24iOm51bGx9LCJ0ZndfdHdlZXRfZWRpdF9mcm9udGVuZCI6eyJidWNrZXQiOiJvbiIsInZlcnNpb24iOm51bGx9fQ%3D%3D&amp;frame=false&amp;hideCard=false&amp;hideThread=false&amp;id=1915372906063802520&amp;lang=cs&amp;origin=https%3A%2F%2Funcutnews.ch%2Fschweizer-petition-fordert-social-media-erst-ab-16-kinderschutz-als-vorwand-fuer-die-ausweispflicht-im-internet%2F&amp;sessionId=6b0f6d3dc189b088c72b1a0e5ea4a4b7267a3cdb&amp;theme=light&amp;widgetsVersion=2615f7e52b7e0%3A1702314776716&amp;width=550px\" frameborder=\"0\" scrolling=\"no\" allowfullscreen=\"allowfullscreen\" data-tweet-id=\"1915372906063802520\" data-mce-fragment=\"1\"><\/iframe><\/div>\n<p><span>To, co na prvn\u00ed pohled zn\u00ed jako obava o ochranu nezletil\u00fdch, se po bli\u017e\u0161\u00edm prozkoum\u00e1n\u00ed uk\u00e1\u017ee jako\u00a0<\/span><strong><span>br\u00e1na k hlubok\u00e9 struktur\u00e1ln\u00ed zm\u011bn\u011b svobodn\u00e9ho internetu<\/span><\/strong><span>\u00a0\u2013 s potenci\u00e1ln\u011b autorit\u00e1\u0159sk\u00fdmi d\u016fsledky.<\/span><\/p>\n<h3 class=\"wp-block-heading\"><span>Z\u00e1kladn\u00ed popt\u00e1vka<\/span><\/h3>\n<p><span>Petice po\u017eaduje:<\/span><\/p>\n<ul>\n<li><strong><span>Z\u00e1konn\u011b zakotven\u00e1 v\u011bkov\u00e1 hranice 16 let<\/span><\/strong><span>\u00a0pro\u00a0soci\u00e1ln\u00ed s\u00edt\u011b jako Instagram, TikTok, YouTube nebo Snapchat<\/span><\/li>\n<li><strong><span>Povinn\u00e9 ov\u011b\u0159en\u00ed v\u011bku<\/span><\/strong><span>\u00a0na v\u0161ech platform\u00e1ch prost\u0159ednictv\u00edm vl\u00e1dou definovan\u00fdch standard\u016f<\/span><\/li>\n<li><span>N\u00e1rodn\u00ed\u00a0<\/span><strong><span>strategie pro medi\u00e1ln\u00ed v\u00fdchovu a prevenci<\/span><\/strong><\/li>\n<\/ul>\n<h3 class=\"wp-block-heading\"><span>Kritika: Co to znamen\u00e1 v praxi?<\/span><\/h3>\n<h4 class=\"wp-block-heading\"><span>1.\u00a0<\/span><strong><span>Ka\u017ed\u00fd u\u017eivatel by se musel zaregistrovat \u2013 s ID<\/span><\/strong><\/h4>\n<p><span>Technicky ov\u011b\u0159en\u00ed v\u011bku funguje pouze prost\u0159ednictv\u00edm:<\/span><\/p>\n<ul>\n<li><span>Nahran\u00e9 identifika\u010dn\u00ed dokumenty<\/span><\/li>\n<li><span>syst\u00e9my e-ID<\/span><\/li>\n<li><span>biometrick\u00e9 postupy nebo algoritmy kontroly obli\u010deje<\/span><\/li>\n<\/ul>\n<p><strong><span>V\u00fdsledek:<\/span><\/strong><br \/>\n<span>Internet\u00a0<\/span><strong><span>ji\u017e nebude voln\u011b p\u0159\u00edstupn\u00fd<\/span><\/strong><span>\u00a0, ale\u00a0<\/span><strong><span>stane se dispe\u010dinkem s povinnou identifikac\u00ed<\/span><\/strong><span>\u00a0. Ka\u017ed\u00fd, kdo nen\u00ed p\u0159ipraven se identifikovat, je vylou\u010den \u2013 dokonce i dosp\u011bl\u00ed.<\/span><\/p>\n<h4 class=\"wp-block-heading\"><span>2.\u00a0<\/span><strong><span>Vzd\u011bl\u00e1v\u00e1n\u00ed je delegov\u00e1no \u2013 z domova rodi\u010d\u016f na st\u00e1t<\/span><\/strong><\/h4>\n<p><span>S z\u00e1konem p\u0159edepsanou v\u011bkovou hranic\u00ed domov rodi\u010d\u016f fakticky ztr\u00e1c\u00ed pedagogickou suverenitu:<\/span><\/p>\n<ul>\n<li><span>Dohled p\u0159eb\u00edr\u00e1 st\u00e1t (nebo korporace).<\/span><\/li>\n<li><span>Rodi\u010de ji\u017e nesm\u011bj\u00ed rozhodovat o tom, kdy jejich d\u00edt\u011b sleduje video nebo chatuje<\/span><\/li>\n<li><span>Masivn\u00ed z\u00e1sah do svobody vzd\u011bl\u00e1v\u00e1n\u00ed \u2013 pod rou\u0161kou ochrany<\/span><\/li>\n<\/ul>\n<h4 class=\"wp-block-heading\"><span>3.\u00a0<\/span><strong><span>Otv\u00edra\u010d dve\u0159\u00ed pro po\u017eadavky na digit\u00e1ln\u00ed identitu v cel\u00e9 s\u00edti<\/span><\/strong><\/h4>\n<p><span>Po zaveden\u00ed lze tuto infrastrukturu snadno\u00a0<\/span><strong><span>roz\u0161\u00ed\u0159it<\/span><\/strong><span>\u00a0:<\/span><\/p>\n<ul>\n<li><span>Sloupce koment\u00e1\u0159\u016f, f\u00f3ra, online obchody, hry \u2013 v\u0161e je mo\u017en\u00e9 pouze s ID<\/span><\/li>\n<li><span>U\u017e \u017e\u00e1dn\u00e9 anonymn\u00ed b\u00e1d\u00e1n\u00ed, zve\u0159ej\u0148ov\u00e1n\u00ed nebo protesty<\/span><\/li>\n<li><span>Ochrana dat, svoboda projevu a ochrana novin\u00e1\u0159sk\u00fdch zdroj\u016f se dost\u00e1vaj\u00ed pod tlak<\/span><\/li>\n<\/ul>\n<h4 class=\"wp-block-heading\"><span>4.\u00a0<\/span><strong><span>Symbolick\u00e1 politika m\u00edsto medi\u00e1ln\u00ed gramotnosti<\/span><\/strong><\/h4>\n<p><span>P\u0159edpoklad, \u017ee d\u011bti jsou automaticky bezpe\u010dn\u011bj\u0161\u00ed jen proto, \u017ee nemaj\u00ed p\u0159\u00edstup k TikTok, je\u00a0<\/span><strong><span>iluzorn\u00ed<\/span><\/strong><span>\u00a0:<\/span><\/p>\n<ul>\n<li><span>Mnoho technick\u00fdch \u0159e\u0161en\u00ed (VPN, rodi\u010dovsk\u00e9 nebo sourozeneck\u00e9 \u00fa\u010dty)<\/span><\/li>\n<li><span>\u017d\u00e1dn\u00e1 n\u00e1hrada za\u00a0<\/span><strong><span>skute\u010dnou medi\u00e1ln\u00ed v\u00fdchovu<\/span><\/strong><span>\u00a0, kritick\u00e9 my\u0161len\u00ed a veden\u00ed rodi\u010d\u016f<\/span><\/li>\n<li><span>Nam\u00edsto prosazov\u00e1n\u00ed odpov\u011bdnosti je to outsourcov\u00e1no<\/span><\/li>\n<\/ul>\n<h3 class=\"wp-block-heading\"><span>Politick\u00fd sign\u00e1l: dob\u0159e m\u00edn\u011bn\u00e1 ochrana nebo autorit\u00e1\u0159sk\u00e9 poku\u0161en\u00ed?<\/span><\/h3>\n<p><span>Skute\u010dnost, \u017ee\u00a0<\/span><strong><span>politik SVP jako Fehr D\u00fcselein<\/span><\/strong><span>\u00a0tuto iniciativu ve\u0159ejn\u011b podporuje, ukazuje, \u017ee\u00a0<\/span><strong><span>r\u00e9torika na ochranu d\u011bt\u00ed je st\u00e1le v\u00edce instrumentalizov\u00e1na pro po\u017eadavky na kontrolu<\/span><\/strong><span>\u00a0\u2013 dokonce i v bur\u017eoazn\u011b-konzervativn\u00edm t\u00e1bo\u0159e.<\/span><\/p>\n<p><span>To, co dnes za\u010d\u00edn\u00e1 slovy \u201eTo se mi l\u00edb\u00ed, nen\u00ed pr\u00e1vo d\u00edt\u011bte\u201c, m\u016f\u017ee b\u00fdt z\u00edtra pou\u017eito\u00a0k legitimizaci\u00a0<\/span><strong><span>cenzurn\u00edch mechanism\u016f<\/span><\/strong><span>\u00a0,\u00a0<\/span><strong><span>kontrole m\u00edn\u011bn\u00ed<\/span><\/strong><span>\u00a0a\u00a0<\/span><strong><span>vylou\u010den\u00ed politicky ne\u017e\u00e1douc\u00edch hlas\u016f .<\/span><\/strong><\/p>\n<h3 class=\"wp-block-heading\"><span>Z\u00e1v\u011br: Ochrana jako z\u00e1minka pro struktur\u00e1ln\u00ed naru\u0161en\u00ed?<\/span><\/h3>\n<p><span>Nikdo nezpochyb\u0148uje skute\u010dn\u00e1 nebezpe\u010d\u00ed digit\u00e1ln\u00edch platforem pro d\u011bti. Ale navrhovan\u00e9 \u0159e\u0161en\u00ed vytv\u00e1\u0159\u00ed\u00a0<\/span><strong><span>v\u00edce probl\u00e9m\u016f, ne\u017e \u0159e\u0161\u00ed<\/span><\/strong><span>\u00a0:<\/span><\/p>\n<ul>\n<li><span>Buduje\u00a0\u0159\u00eddic\u00ed\u00a0<\/span><strong><span>infrastrukturu \u0159\u00edzenou st\u00e1tem<\/span><\/strong><\/li>\n<li><span>Podkop\u00e1v\u00e1\u00a0<\/span><strong><span>svobodu vzd\u011bl\u00e1v\u00e1n\u00ed a digit\u00e1ln\u00ed sebeur\u010den\u00ed<\/span><\/strong><\/li>\n<li><span>Prom\u011b\u0148uje\u00a0<\/span><strong><span>bezplatn\u00fd otev\u0159en\u00fd internet<\/span><\/strong><span>\u00a0v licen\u010dn\u00ed syst\u00e9m<\/span><\/li>\n<\/ul>\n<p><span>Pokud chcete chr\u00e1nit d\u011bti, mus\u00edte zmocnit rodi\u010de, ne je oslabit. A ka\u017ed\u00fd, kdo chce chr\u00e1nit spole\u010dnost, mus\u00ed br\u00e1nit svobodu \u2013 nikoli ji systematicky podr\u00fdvat.<\/span><\/p>\n<p><img decoding=\"async\" loading=\"lazy\" class=\"alignnone size-full wp-image-71983\" src=\"http:\/\/www.infokuryr.cz\/n\/wp-content\/uploads\/2025\/02\/aaa.jpg\" alt=\"\" width=\"89\" height=\"23\" \/><\/p>\n<p>&nbsp;<\/p>\n","protected":false},"excerpt":{"rendered":"<p>&#8230; ochrana d\u011bt\u00ed jako z\u00e1minka pro povinn\u00fd pr\u016fkaz toto\u017enosti na internetu? \u0160v\u00fdcarsk\u00e1 petice po\u017eaduje p\u0159\u00edstup&#8230;<\/p>\n","protected":false},"author":2,"featured_media":77374,"comment_status":"closed","ping_status":"closed","sticky":false,"template":"","format":"standard","meta":[],"categories":[7],"tags":[245,3722,467,48],"_links":{"self":[{"href":"https:\/\/www.infokuryr.cz\/n\/wp-json\/wp\/v2\/posts\/77373"}],"collection":[{"href":"https:\/\/www.infokuryr.cz\/n\/wp-json\/wp\/v2\/posts"}],"about":[{"href":"https:\/\/www.infokuryr.cz\/n\/wp-json\/wp\/v2\/types\/post"}],"author":[{"embeddable":true,"href":"https:\/\/www.infokuryr.cz\/n\/wp-json\/wp\/v2\/users\/2"}],"replies":[{"embeddable":true,"href":"https:\/\/www.infokuryr.cz\/n\/wp-json\/wp\/v2\/comments?post=77373"}],"version-history":[{"count":0,"href":"https:\/\/www.infokuryr.cz\/n\/wp-json\/wp\/v2\/posts\/77373\/revisions"}],"wp:featuredmedia":[{"embeddable":true,"href":"https:\/\/www.infokuryr.cz\/n\/wp-json\/wp\/v2\/media\/77374"}],"wp:attachment":[{"href":"https:\/\/www.infokuryr.cz\/n\/wp-json\/wp\/v2\/media?parent=77373"}],"wp:term":[{"taxonomy":"category","embeddable":true,"href":"https:\/\/www.infokuryr.cz\/n\/wp-json\/wp\/v2\/categories?post=77373"},{"taxonomy":"post_tag","embeddable":true,"href":"https:\/\/www.infokuryr.cz\/n\/wp-json\/wp\/v2\/tags?post=77373"}],"curies":[{"name":"wp","href":"https:\/\/api.w.org\/{rel}","templated":true}]}}