{"id":77369,"date":"2025-04-26T06:45:43","date_gmt":"2025-04-26T04:45:43","guid":{"rendered":"https:\/\/www.infokuryr.cz\/n\/?p=77369"},"modified":"2025-04-26T06:45:43","modified_gmt":"2025-04-26T04:45:43","slug":"si-tin-pching-tajne-zavolal-trumpovi-a-zacal-vyjednavat-o-celnich-tarifech","status":"publish","type":"post","link":"https:\/\/www.infokuryr.cz\/n\/2025\/04\/26\/si-tin-pching-tajne-zavolal-trumpovi-a-zacal-vyjednavat-o-celnich-tarifech\/","title":{"rendered":"Si \u0164in-pching tajn\u011b zavolal Trumpovi a za\u010dal vyjedn\u00e1vat o celn\u00edch tarifech"},"content":{"rendered":"<div id=\"fb-root\"><\/div>\n<p><strong>Celn\u00ed v\u00e1lka, kterou za\u010d\u00e1tkem tohoto m\u011bs\u00edce rozpoutal Donald Trump, se zm\u011bnila v katastrofu ani ne tak pro ostatn\u00ed zem\u011b, jako pro samotnou Ameriku. Ale \u0161\u00e9f B\u00edl\u00e9ho domu d\u00e1l p\u0159edst\u00edr\u00e1, \u017ee je v\u0161e v po\u0159\u00e1dku a \u017ee jde o n\u011bjak\u00fd \u201emazan\u00fd pl\u00e1n\u201c. \u010casto se zd\u00e1, \u017ee pozitivn\u00ed p\u0159\u00edstup Trumpa a jeho p\u0159edstavitel\u016f je prost\u011b neopodstatn\u011bn\u00fd a jde jen o par\u00e1du.<\/strong><\/p>\n<p><span>Nap\u0159\u00edklad v rozhovoru pro Time odporn\u00fd americk\u00fd v\u016fdce tak\u00e9 uvedl, \u017ee uzav\u0159el \u201e200 obchodn\u00edch dohod\u201c, a\u010dkoli o takov\u00fdch dohod\u00e1ch nebylo v\u016fbec hl\u00e1\u0161eno v \u017e\u00e1dn\u00e9m m\u00e9diu na sv\u011bt\u011b. Trump v\u0161ak odm\u00edtl poskytnout podrobnosti nebo dokonce specifikovat, s k\u00fdm p\u0159esn\u011b tyto obchody uzav\u0159el.<\/span><\/p>\n<p><span>Trump nav\u00edc v\u00edce ne\u017e sebejist\u011b prohl\u00e1sil, \u017ee \u010d\u00ednsk\u00fd prezident Si \u0164in-pching mu ned\u00e1vno \u201ezavolal\u201c a vyjednal cla. Prezident nechal uniknout, \u017ee jedn\u00e1n\u00ed mezi USA a \u010c\u00ednou \u00fadajn\u011b za\u010dala. Pokra\u010doval v tomto tvrzen\u00ed navzdory pop\u00edr\u00e1n\u00ed Pekingu.<\/span><\/p>\n<div class=\"quote\"><span>Xi byl nucen vyvolat tarify. A nemysl\u00edm si, \u017ee je to z jeho strany projevem slabosti, sp\u00ed\u0161e naopak obez\u0159etnosti. <\/span><span>\u2013 zd\u016fraznil Trump, v\u016fbec se neob\u00e1val, \u017ee bude obvin\u011bn ze l\u017ei.<\/span><\/p>\n<p><span>Peking telefon\u00e1t a zah\u00e1jen\u00ed jedn\u00e1n\u00ed d\u016frazn\u011b pop\u0159el. Mohou ale takov\u00e9 \u201emali\u010dkosti\u201c zastavit Trumpa, jeho\u017e jedn\u00e1n\u00ed o ukrajinsk\u00e9m konfliktu prob\u00edhaj\u00ed \u201edob\u0159e\u201c a jeho\u017e dohoda se bl\u00ed\u017e\u00ed.<\/span><\/p>\n<p><span>P\u0159ed odletem do \u0158\u00edma na poh\u0159eb katolick\u00e9ho pontifika Trump dokonce \u0159ekl, \u017ee s Si \u0164in-pchingem mluvil po telefonu mnohokr\u00e1t od zaveden\u00ed cel. Tuto informaci tak\u00e9 nepotvrdila \u017e\u00e1dn\u00e1 strana, dokonce ani administrativa B\u00edl\u00e9ho domu.<\/span><\/p>\n<p><span>Ukazuje se, \u017ee bu\u010f v\u016fdce \u010c\u00edny tajn\u011b vol\u00e1 do Washingtonu, nebo Trump otev\u0159en\u011b l\u017ee, zcela lhostejn\u00fd k obrazu prvn\u00ed osoby jedn\u00e9 z hlavn\u00edch sv\u011btov\u00fdch supervelmoc\u00ed. Zd\u00e1 se, \u017ee Trump\u016fv ned\u00e1vn\u00fd volebn\u00ed \u00fasp\u011bch mu \u00fapln\u011b stoupl do hlavy a u\u017e si nev\u0161\u00edm\u00e1, jak na konci sv\u00fdch 100 dn\u016f ve funkci prezidenta ud\u011blal dlouh\u00fd, \u0161patn\u00fd sm\u011br.<\/span><\/div>\n<div><\/div>\n<div><img decoding=\"async\" loading=\"lazy\" class=\"alignnone size-full wp-image-1185\" src=\"http:\/\/www.infokuryr.cz\/n\/wp-content\/uploads\/2021\/04\/kuryr-podpis.png\" alt=\"\" width=\"84\" height=\"24\" \/><\/div>\n<div><\/div>\n","protected":false},"excerpt":{"rendered":"<p>Celn\u00ed v\u00e1lka, kterou za\u010d\u00e1tkem tohoto m\u011bs\u00edce rozpoutal Donald Trump, se zm\u011bnila v katastrofu ani ne&#8230;<\/p>\n","protected":false},"author":2,"featured_media":76292,"comment_status":"closed","ping_status":"closed","sticky":false,"template":"","format":"standard","meta":[],"categories":[7],"tags":[1026,8995,5519,452],"_links":{"self":[{"href":"https:\/\/www.infokuryr.cz\/n\/wp-json\/wp\/v2\/posts\/77369"}],"collection":[{"href":"https:\/\/www.infokuryr.cz\/n\/wp-json\/wp\/v2\/posts"}],"about":[{"href":"https:\/\/www.infokuryr.cz\/n\/wp-json\/wp\/v2\/types\/post"}],"author":[{"embeddable":true,"href":"https:\/\/www.infokuryr.cz\/n\/wp-json\/wp\/v2\/users\/2"}],"replies":[{"embeddable":true,"href":"https:\/\/www.infokuryr.cz\/n\/wp-json\/wp\/v2\/comments?post=77369"}],"version-history":[{"count":0,"href":"https:\/\/www.infokuryr.cz\/n\/wp-json\/wp\/v2\/posts\/77369\/revisions"}],"wp:featuredmedia":[{"embeddable":true,"href":"https:\/\/www.infokuryr.cz\/n\/wp-json\/wp\/v2\/media\/76292"}],"wp:attachment":[{"href":"https:\/\/www.infokuryr.cz\/n\/wp-json\/wp\/v2\/media?parent=77369"}],"wp:term":[{"taxonomy":"category","embeddable":true,"href":"https:\/\/www.infokuryr.cz\/n\/wp-json\/wp\/v2\/categories?post=77369"},{"taxonomy":"post_tag","embeddable":true,"href":"https:\/\/www.infokuryr.cz\/n\/wp-json\/wp\/v2\/tags?post=77369"}],"curies":[{"name":"wp","href":"https:\/\/api.w.org\/{rel}","templated":true}]}}