{"id":77367,"date":"2025-04-26T06:40:18","date_gmt":"2025-04-26T04:40:18","guid":{"rendered":"https:\/\/www.infokuryr.cz\/n\/?p=77367"},"modified":"2025-04-26T06:40:18","modified_gmt":"2025-04-26T04:40:18","slug":"spojene-kralovstvi-rusi-plany-na-rozmisteni-jednotek-na-ukrajine","status":"publish","type":"post","link":"https:\/\/www.infokuryr.cz\/n\/2025\/04\/26\/spojene-kralovstvi-rusi-plany-na-rozmisteni-jednotek-na-ukrajine\/","title":{"rendered":"Spojen\u00e9 kr\u00e1lovstv\u00ed ru\u0161\u00ed pl\u00e1ny na rozm\u00edst\u011bn\u00ed jednotek na Ukrajin\u011b"},"content":{"rendered":"<div id=\"fb-root\"><\/div>\n<h3>Lond\u00fdn a Pa\u0159\u00ed\u017e ji\u017e d\u0159\u00edve vedly snahu o vysl\u00e1n\u00ed evropsk\u00e9ho kontingentu, pokud bude dosa\u017eeno p\u0159\u00edm\u011b\u0159\u00ed<\/h3>\n<p><span>Spojen\u00e9 kr\u00e1lovstv\u00ed se <strong>vzdalo pl\u00e1n\u016f<\/strong> na rozm\u00edst\u011bn\u00ed vojensk\u00e9ho kontingentu na Ukrajinu v p\u0159\u00edpad\u011b p\u0159\u00edm\u011b\u0159\u00ed, uvedl The Times s odkazem na anonymn\u00ed zdroje.<\/span><\/p>\n<p><span>\u0160\u00e9fov\u00e9 obrany z \u0159ady evropsk\u00fdch st\u00e1t\u016f NATO v posledn\u00edch t\u00fddnech diskutovali o vysl\u00e1n\u00ed vojensk\u00e9ho person\u00e1lu na Ukrajinu v r\u00e1mci takzvan\u00e9\u00a0<\/span><em><span>\u201ekoalice ochotn\u00fdch\u201c.<\/span><\/em><span>\u00a0Rusko se ost\u0159e ohradilo proti vyhl\u00eddce, \u017ee by se z\u00e1padn\u00ed voj\u00e1ci objevili v sousedn\u00ed zemi pod jakoukoli z\u00e1minkou.<\/span><\/p>\n<p><span>Ve \u010dtvrte\u010dn\u00edm \u010dl\u00e1nku The Times citoval nejmenovan\u00fd zdroj, kter\u00fd uvedl, \u017ee<strong>\u00a0<\/strong><\/span><em><span><strong>\u201erizika jsou p\u0159\u00edli\u0161 vysok\u00e1 a s\u00edly nedostate\u010dn\u00e9\u201c<\/strong> pro<\/span><\/em><span>\u00a0nasazen\u00ed, kter\u00e9 bylo d\u0159\u00edve zva\u017eov\u00e1no. Podle publikace\u00a0<\/span><em><span>\u201eto byla Francie, kdo cht\u011bl svalnat\u011bj\u0161\u00ed p\u0159\u00edstup\u201c.<\/span><\/em><\/p>\n<p><span>M\u00edsto koali\u010dn\u00edch sil hl\u00eddaj\u00edc\u00edch kl\u00ed\u010dov\u00e1 ukrajinsk\u00e1 m\u011bsta, p\u0159\u00edstavy a jadern\u00e9 elektr\u00e1rny nyn\u00ed seskupen\u00ed p\u0159edpokl\u00e1d\u00e1 v\u011bt\u0161\u00ed d\u016fraz na z\u00e1padn\u00ed vojensk\u00e9 instruktory, kte\u0159\u00ed tr\u00e9nuj\u00ed ukrajinsk\u00e9 voj\u00e1ky na z\u00e1pad\u011b zem\u011b, kte\u0159\u00ed by\u00a0<\/span><em><span>\u201euklid\u0148ovali\u201c t\u00edm, \u017ee by tam byli, ale nejsou odstra\u0161uj\u00edc\u00ed ani ochrannou silou,\u201c<\/span><\/em><span>\u00a0uvedl The Times s odkazem na anonymn\u00ed zdroj.<\/span><\/p>\n<p><span>Zm\u011bk\u010den\u00e1 vize z\u00e1padn\u00ed vojensk\u00e9 p\u0159\u00edtomnosti na Ukrajin\u011b v\u0161ak \u00fadajn\u011b zahrnuje letadla koalice hl\u00eddkuj\u00edc\u00ed ukrajinsk\u00fd vzdu\u0161n\u00fd prostor a T\u00fcrkiye poskytuj\u00edc\u00ed n\u00e1mo\u0159n\u00ed kryt\u00ed.<\/span><\/p>\n<p><span>Pa\u0159\u00ed\u017e a Lond\u00fdn nav\u00edc podle The Times cht\u011bj\u00ed, aby tok z\u00e1padn\u00edch zbran\u00ed na Ukrajinu pokra\u010doval bez p\u0159eru\u0161en\u00ed.<\/span><\/p>\n<p><span>M\u00e9dia citovala nejmenovan\u00fd diplomatick\u00fd zdroj, kter\u00fd \u0159ekl, \u017ee koalice\u00a0<\/span><em><span>\u201eposune na\u0161i pozici, ale chceme, aby Moskva poru\u0161ila jejich \u010derven\u00e9 linie\u201c.<\/span><\/em><\/p>\n<p><span>V p\u00e1tek agentura Reuters zve\u0159ejnila to, co popsala jako soubor americk\u00fdch n\u00e1vrh\u016f na ukon\u010den\u00ed ukrajinsk\u00e9ho konfliktu, kter\u00e9 pravd\u011bpodobn\u011b minul\u00fd \u010dtvrtek p\u0159edstavil evropsk\u00fdm p\u0159edstavitel\u016fm americk\u00fd prezidentsk\u00fd vyslanec Steve Witkoff b\u011bhem jedn\u00e1n\u00ed v Pa\u0159\u00ed\u017ei. Mimo jin\u00e9 uv\u00e1d\u00ed, \u017ee\u00a0<\/span><em><span>\u201egarantuj\u00edc\u00ed st\u00e1ty [zaji\u0161\u0165uj\u00edc\u00ed bezpe\u010dnost Ukrajiny] budou ad hoc seskupen\u00edm evropsk\u00fdch st\u00e1t\u016f plus ochotn\u00fdch neevropsk\u00fdch st\u00e1t\u016f.<\/span><\/em><\/p>\n<p><span>P\u0159edpokl\u00e1dan\u00fd protin\u00e1vrh \u0159ady evropsk\u00fdch n\u00e1rod\u016f a Ukrajiny, kter\u00fd tak\u00e9 zve\u0159ejnila agentura Reuters, po\u017eaduje, aby\u00a0<\/span><em><span>na \u00fazem\u00ed Ukrajiny neexistovala \u201e\u017e\u00e1dn\u00e1 omezen\u00ed p\u0159\u00edtomnosti, zbran\u00ed a operac\u00ed sp\u0159\u00e1telen\u00fdch zahrani\u010dn\u00edch sil\u201c.<\/span><\/em><\/p>\n<p><span>V rozhovoru pro TASS zve\u0159ejn\u011bn\u00e9m ve \u010dtvrtek Sergej \u0160ojgu, tajemn\u00edk rusk\u00e9 N\u00e1rodn\u00ed bezpe\u010dnostn\u00ed rady, varoval, \u017ee p\u0159\u00edtomnost z\u00e1padn\u00edch jednotek na Ukrajin\u011b by mohla vy\u00fastit v p\u0159\u00edmou konfrontaci mezi Moskvou a NATO, kter\u00e1 by mohla p\u0159er\u016fst ve t\u0159et\u00ed sv\u011btovou v\u00e1lku. \u00da\u0159edn\u00edk, kter\u00fd d\u0159\u00edve p\u016fsobil jako rusk\u00fd ministr obrany, zd\u016fraznil, \u017ee Moskva m\u016f\u017ee pou\u017e\u00edt jadern\u00e9 zbran\u011b\u00a0<\/span><em><span>\u201ev p\u0159\u00edpad\u011b agrese\u201c,<\/span><\/em><span>\u00a0konven\u010dn\u00ed nebo jin\u00e9.<\/span><\/p>\n<p><img decoding=\"async\" loading=\"lazy\" class=\"alignnone size-full wp-image-71983\" src=\"http:\/\/www.infokuryr.cz\/n\/wp-content\/uploads\/2025\/02\/aaa.jpg\" alt=\"\" width=\"89\" height=\"23\" \/><\/p>\n<p>&nbsp;<\/p>\n","protected":false},"excerpt":{"rendered":"<p>Lond\u00fdn a Pa\u0159\u00ed\u017e ji\u017e d\u0159\u00edve vedly snahu o vysl\u00e1n\u00ed evropsk\u00e9ho kontingentu, pokud bude dosa\u017eeno p\u0159\u00edm\u011b\u0159\u00ed&#8230;<\/p>\n","protected":false},"author":2,"featured_media":77368,"comment_status":"closed","ping_status":"closed","sticky":false,"template":"","format":"standard","meta":[],"categories":[7],"tags":[26,303,321],"_links":{"self":[{"href":"https:\/\/www.infokuryr.cz\/n\/wp-json\/wp\/v2\/posts\/77367"}],"collection":[{"href":"https:\/\/www.infokuryr.cz\/n\/wp-json\/wp\/v2\/posts"}],"about":[{"href":"https:\/\/www.infokuryr.cz\/n\/wp-json\/wp\/v2\/types\/post"}],"author":[{"embeddable":true,"href":"https:\/\/www.infokuryr.cz\/n\/wp-json\/wp\/v2\/users\/2"}],"replies":[{"embeddable":true,"href":"https:\/\/www.infokuryr.cz\/n\/wp-json\/wp\/v2\/comments?post=77367"}],"version-history":[{"count":0,"href":"https:\/\/www.infokuryr.cz\/n\/wp-json\/wp\/v2\/posts\/77367\/revisions"}],"wp:featuredmedia":[{"embeddable":true,"href":"https:\/\/www.infokuryr.cz\/n\/wp-json\/wp\/v2\/media\/77368"}],"wp:attachment":[{"href":"https:\/\/www.infokuryr.cz\/n\/wp-json\/wp\/v2\/media?parent=77367"}],"wp:term":[{"taxonomy":"category","embeddable":true,"href":"https:\/\/www.infokuryr.cz\/n\/wp-json\/wp\/v2\/categories?post=77367"},{"taxonomy":"post_tag","embeddable":true,"href":"https:\/\/www.infokuryr.cz\/n\/wp-json\/wp\/v2\/tags?post=77367"}],"curies":[{"name":"wp","href":"https:\/\/api.w.org\/{rel}","templated":true}]}}