{"id":77340,"date":"2025-04-26T00:35:39","date_gmt":"2025-04-25T22:35:39","guid":{"rendered":"https:\/\/www.infokuryr.cz\/n\/?p=77340"},"modified":"2025-04-25T12:55:13","modified_gmt":"2025-04-25T10:55:13","slug":"udery-usa-zasahly-ctyri-jemenske-provincie-zatimco-vudce-husiu-slibuje-bojovat-dal","status":"publish","type":"post","link":"https:\/\/www.infokuryr.cz\/n\/2025\/04\/26\/udery-usa-zasahly-ctyri-jemenske-provincie-zatimco-vudce-husiu-slibuje-bojovat-dal\/","title":{"rendered":"\u00dadery USA zas\u00e1hly \u010dty\u0159i jemensk\u00e9 provincie, zat\u00edmco v\u016fdce H\u00fas\u00ed\u016f slibuje bojovat d\u00e1l"},"content":{"rendered":"<div id=\"fb-root\"><\/div>\n<p><strong><span>Arm\u00e1da Spojen\u00fdch st\u00e1t\u016f zah\u00e1jila \u00fadery proti \u010dty\u0159em jemensk\u00fdm provinci\u00edm dr\u017een\u00fdm H\u00fas\u00edy (Ansar Allah) v noci z 24. na 25. dubna pot\u00e9, co v\u016fdce skupiny sl\u00edbil pokra\u010dovat v \u00fatoc\u00edch v reakci na izraelskou v\u00e1lku v P\u00e1smu Gazy.<\/span><\/strong><\/p>\n<p><span>Podle televize Al-Masirah zas\u00e1hlo n\u011bkolik \u00fader\u016f okresy al-Haymah al-Dakhiliyah, Manakhah a Bani Hushaysh v hlavn\u00edm m\u011bst\u011b Sanaa.<\/span><\/p>\n<p><span>Zpravodajsk\u00fd kan\u00e1l Houthi dodal, \u017ee dal\u0161\u00ed \u010dty\u0159i \u00fadery zas\u00e1hly okres Medghal v centr\u00e1ln\u00ed provincii Ma&#8217;ib a t\u0159i dal\u0161\u00ed zam\u00ed\u0159ily na okres Sofian v severoz\u00e1padn\u00ed provincii &#8218;Amran.<\/span><\/p>\n<p><span>Dal\u0161\u00ed \u00fadery byly podle kan\u00e1lu zam\u011b\u0159eny na pob\u0159e\u017en\u00ed m\u011bsto Salif a ostrov Kamaran v z\u00e1padn\u00ed provincii al-Hodeidah.<\/span><\/p>\n<p><span>Americk\u00e1 arm\u00e1da 15. b\u0159ezna obnovila \u00fadery proti oblastem Houthi kontrolovan\u00fdm v Jemenu na rozkaz prezidenta Donalda Trumpa, kter\u00fd uvedl, \u017ee rozs\u00e1hl\u00e1 operace byla zah\u00e1jena v reakci na obnoven\u00e9 \u00fatoky skupiny na izraelskou lodn\u00ed dopravu v Rud\u00e9m mo\u0159i.<\/span><\/p>\n<p><span>Od t\u00e9 doby zas\u00e1hlo Jemen kolem 1000 \u00fader\u016f, p\u0159i nich\u017e bylo zabito 217 civilist\u016f a zran\u011bno v\u00edce ne\u017e 430, v\u011bt\u0161inou \u017een a d\u011bt\u00ed, na z\u00e1klad\u011b informac\u00ed poskytnut\u00fdch ministerstvem zdravotnictv\u00ed veden\u00fdm Houthi, kter\u00e9 vylu\u010duj\u00ed ztr\u00e1ty mezi silami skupiny.<\/span><\/p>\n<p><span>P\u0159esto\u017ee utrp\u011bli ur\u010dit\u00e9 ztr\u00e1ty, H\u00fas\u00edov\u00e9 zat\u00edm nevykazuj\u00ed \u017e\u00e1dn\u00e9 zn\u00e1mky v\u00e1lky. Skupina z\u016fst\u00e1v\u00e1 odhodlan\u00e1 a schopn\u00e1 jako d\u0159\u00edve.<\/span><\/p>\n<p><span>V projevu odvys\u00edlan\u00e9m Al-Masirahem 24. dubna v\u016fdce H\u00fas\u00ed\u016f sl\u00edbil, \u017ee jeho s\u00edly \u201ebudou pokra\u010dovat ve sv\u00fdch operac\u00edch s c\u00edlem naru\u0161it izraelskou a s USA spojenou n\u00e1mo\u0159n\u00ed plavbu v Rud\u00e9m mo\u0159i a okoln\u00edch vod\u00e1ch\u201c.<\/span><\/p>\n<p><em>&#8222;Americk\u00e1 agrese nem\u00e1 \u017e\u00e1dn\u00fd p\u0159\u00ednos v omezov\u00e1n\u00ed na\u0161ich schopnost\u00ed nebo oslaben\u00ed na\u0161eho odhodl\u00e1n\u00ed,&#8220; \u0159ekl Abdul-Malik al-Houthi a potvrdil, \u017ee postoj H\u00fas\u00ed\u016f z\u016fst\u00e1v\u00e1 neochv\u011bjn\u00fd.<\/em><\/p>\n<p><span>Zat\u00edmco v\u00fdsledky prob\u00edhaj\u00edc\u00edch operac\u00ed proti H\u00fas\u00ed\u016fm byly p\u0159inejmen\u0161\u00edm sporn\u00e9, Trumpova administrativa pravd\u011bpodobn\u011b neustoup\u00ed. Ve skute\u010dnosti se d\u00e1 o\u010dek\u00e1vat v\u011bt\u0161\u00ed eskalace proti Jemenu. Izrael by nap\u0159\u00edklad mohl obnovit \u00fadery na zemi.<\/span><\/p>\n<p><img decoding=\"async\" loading=\"lazy\" class=\"alignnone size-full wp-image-71983\" src=\"http:\/\/www.infokuryr.cz\/n\/wp-content\/uploads\/2025\/02\/aaa.jpg\" alt=\"\" width=\"89\" height=\"23\" \/><\/p>\n<p>&nbsp;<\/p>\n","protected":false},"excerpt":{"rendered":"<p>Arm\u00e1da Spojen\u00fdch st\u00e1t\u016f zah\u00e1jila \u00fadery proti \u010dty\u0159em jemensk\u00fdm provinci\u00edm dr\u017een\u00fdm H\u00fas\u00edy (Ansar Allah) v noci&#8230;<\/p>\n","protected":false},"author":2,"featured_media":77341,"comment_status":"closed","ping_status":"closed","sticky":false,"template":"","format":"standard","meta":[],"categories":[7],"tags":[6184,1400,2674,37],"_links":{"self":[{"href":"https:\/\/www.infokuryr.cz\/n\/wp-json\/wp\/v2\/posts\/77340"}],"collection":[{"href":"https:\/\/www.infokuryr.cz\/n\/wp-json\/wp\/v2\/posts"}],"about":[{"href":"https:\/\/www.infokuryr.cz\/n\/wp-json\/wp\/v2\/types\/post"}],"author":[{"embeddable":true,"href":"https:\/\/www.infokuryr.cz\/n\/wp-json\/wp\/v2\/users\/2"}],"replies":[{"embeddable":true,"href":"https:\/\/www.infokuryr.cz\/n\/wp-json\/wp\/v2\/comments?post=77340"}],"version-history":[{"count":0,"href":"https:\/\/www.infokuryr.cz\/n\/wp-json\/wp\/v2\/posts\/77340\/revisions"}],"wp:featuredmedia":[{"embeddable":true,"href":"https:\/\/www.infokuryr.cz\/n\/wp-json\/wp\/v2\/media\/77341"}],"wp:attachment":[{"href":"https:\/\/www.infokuryr.cz\/n\/wp-json\/wp\/v2\/media?parent=77340"}],"wp:term":[{"taxonomy":"category","embeddable":true,"href":"https:\/\/www.infokuryr.cz\/n\/wp-json\/wp\/v2\/categories?post=77340"},{"taxonomy":"post_tag","embeddable":true,"href":"https:\/\/www.infokuryr.cz\/n\/wp-json\/wp\/v2\/tags?post=77340"}],"curies":[{"name":"wp","href":"https:\/\/api.w.org\/{rel}","templated":true}]}}