{"id":77314,"date":"2025-04-26T00:22:19","date_gmt":"2025-04-25T22:22:19","guid":{"rendered":"https:\/\/www.infokuryr.cz\/n\/?p=77314"},"modified":"2025-04-25T11:18:47","modified_gmt":"2025-04-25T09:18:47","slug":"jsou-ukrajinci-pro-cechy-doopravdy-prinosem-jak-oficialne-tvrdi-vladni-propaganda","status":"publish","type":"post","link":"https:\/\/www.infokuryr.cz\/n\/2025\/04\/26\/jsou-ukrajinci-pro-cechy-doopravdy-prinosem-jak-oficialne-tvrdi-vladni-propaganda\/","title":{"rendered":"Jsou Ukrajinci pro \u010cechy doopravdy p\u0159\u00ednosem jak ofici\u00e1ln\u011b tvrd\u00ed vl\u00e1dn\u00ed propaganda?"},"content":{"rendered":"<div id=\"fb-root\"><\/div>\n<p>Obrovsk\u00fdm p\u0159\u00ednosem pro \u010deskou ekonomiku jsou uprchl\u00edci z Ukrajiny, tvrd\u00ed ministerstvo. Pracuje jich u\u017e 155.000 a bez nich by se \u010desk\u00e9 firmy zhroutily. Tak se na to pod\u00edvejme trochu jinak. Je pravdou, \u017ee jich 155 tis\u00edc v \u010cR pracuje, ov\u0161em kdy\u017e se \u0159ekne A, m\u011blo by se dodat i B. Do toho po\u010dtu jsou\u00a0<strong>zapo\u010d\u00edt\u00e1ni v\u0161ichni Ukrajinci, tedy i ti kte\u0159\u00ed jsou tu u\u017e l\u00e9ta<\/strong>. Z t\u00e9 n\u00e1plavky, co p\u0159i\u0161la za posledn\u00ed 3 roky, jich ofici\u00e1ln\u011b pracuje minimum.<span id=\"more-56738\"><\/span><\/p>\n<p>Ministerstvo pr\u00e1ce a soci\u00e1ln\u00edch v\u011bc\u00ed uv\u00e1d\u00ed na sv\u00fdch str\u00e1nk\u00e1ch \u017ee v roce 2021 pracovalo v \u010cR 96.703 ob\u010dan\u016f Ukrajiny. D\u00e1le se uv\u00e1d\u00ed (\u010d\u00edslo je nep\u0159esn\u00e9, proto\u017ee to po\u0159\u00e1dn\u011b nikdo nev\u00ed) \u017ee je v sou\u010dasnosti na \u00fazem\u00ed \u010cR asi 400 a\u017e 500 tis\u00edc Ukrajinc\u016f. To je ale Raku\u0161anova pr\u00e1ce, \u017ee to nikdo nev\u00ed, nikdo to nekontroluje.<\/p>\n<p>Nemus\u00edm b\u00fdt geni\u00e1ln\u00ed matematik abych si dal jedna a jedna dohromady.\u00a0<strong>T\u011bch v\u00e1le\u010dn\u00fdch uprchl\u00edk\u016f tedy pracuje asi 60.000<\/strong>. Kdo tedy \u017eiv\u00ed ten zbytek? To 60.000 vyd\u011bl\u00e1 na d\u00e1vky zbyl\u00e9mu t\u00e9m\u011b\u0159 p\u016fl milionu? To asi odevzd\u00e1vaj\u00ed celou v\u00fdplatu st\u00e1tu a \u017eij\u00ed na vod\u011b z potoka a ko\u0159\u00ednk\u00e1ch, ne? To \u017ee pob\u00edraj\u00ed vy\u0161\u0161\u00ed, ne\u017e \u010ce\u0161i net\u0159eba znovu zmi\u0148ovat. Dal\u0161\u00edm faktem kter\u00e9 uv\u00e1d\u00ed MP je to \u017ee 90% z nich pracuje na dohodu, tak\u017ee za n\u011b zam\u011bstnavatel, nebo sp\u00ed\u0161e agentura neodv\u00e1d\u00ed nic. Snad jen t\u011bch 1.100 korun a je tedy pouze na nich, zda si to zdravotn\u00ed a soci\u00e1ln\u00ed poji\u0161t\u011bn\u00ed zaplat\u00ed. No, siln\u011b pochybuji.<\/p>\n<p>P\u0159\u00ednosem jsou i v \u010desk\u00fdch \u0161kol\u00e1ch. Ty ob\u0159\u00ed v\u00fdhody p\u0159i p\u0159ij\u00edmac\u00edch zkou\u0161k\u00e1ch jsou do o\u010d\u00ed bij\u00edc\u00ed. Ty \u00falevy nech\u00e1pu. Zkuste sv\u00e9 d\u00edt\u011b p\u0159ihl\u00e1sit na S\u0160 kdekoliv jinde na sv\u011bt\u011b a \u017e\u00e1dn\u00e9 \u00falevy nikde nedostane. Prost\u011b stejn\u011b jako pro domorodce, tak pro\u010d je tomu v \u010cR jinak.<\/p>\n<p>P\u0159\u00ednosem jsou snad jen pro \u010desk\u00e9 v\u00fdrobce UA vlajek, proto\u017ee je na\u0161e vl\u00e1da objedn\u00e1v\u00e1 po tis\u00edc\u00edch. P\u0159\u00ednosem jsou jist\u011b i pro majitele byt\u016f, proto\u017ee plat\u00ed daleko vy\u0161\u0161\u00ed n\u00e1jmy, ne\u017e \u010ce\u0161i, no kde na to berou je ve hv\u011bzd\u00e1ch, kdy\u017e tvrd\u00ed \u017ee d\u011blaj\u00ed jen pod\u0159adn\u00e9 pr\u00e1ce. V \u010cR na rozd\u00edl od jin\u00fdch zem\u00ed nemusej\u00ed p\u0159i pod\u00e1n\u00ed \u017e\u00e1dosti o d\u00e1vky ud\u00e1vat soupis majetku a v\u00fdpis z \u00fa\u010dtu. O UA SPZ se ani zmi\u0148ovat nemus\u00edm. Ty P\u010cR nezastav\u00ed. STK? Nepot\u0159ebuj\u00ed nebo\u0165 drtiv\u00e1 v\u011bt\u0161ina z nich m\u00e1 \u00fapln\u011b nov\u00e1 auta. No n\u011bkdy nen\u00ed \u0161patn\u00e9 b\u00fdt v\u00e1le\u010dn\u00fdm uprchl\u00edkem. Tak co? Jsou p\u0159\u00ednosem pro \u010cR? [<a href=\"https:\/\/www.facebook.com\/permalink.php?story_fbid=2314548932260008&amp;id=100011147702217\" target=\"_blank\" rel=\"noopener\">zdroj<\/a>]<\/p>\n<h2><strong>Vl\u00e1da nepokryt\u011b l\u017ee o n\u00e1kladech na ukrajinsk\u00e9 migranty.<\/strong><\/h2>\n<p>Bylo by f\u00e9r p\u0159estat z lid\u00ed d\u011blat blbce, p\u0159estat jim v\u011b\u0161et bul\u00edky na nos, \u017ee se n\u00e1m ukrajin\u0161t\u00ed b\u011b\u017eenci finan\u010dn\u011b vypl\u00e1cej\u00ed, pod\u011bkovat jim za to, \u017ee ze sv\u00fdch pen\u011bz p\u0159isp\u00edvaj\u00ed na ukrajinsk\u00e9 \u017eeny a d\u011bti, kter\u00e9 se rozhodly u n\u00e1s hledat \u00fato\u010di\u0161t\u011b, a ud\u011blat v\u0161e proto, aby u\u017e nad\u00e1le nemuseli \u017eivit bojeschopn\u00e9 mu\u017ee, kte\u0159\u00ed by nam\u00edsto m\u00e1v\u00e1n\u00ed \u017elutomodr\u00fdmi vlajkami na Starom\u011bstsk\u00e9m n\u00e1m\u011bst\u00ed m\u011bli bojovat ve sv\u00e9 zemi za svou vlast.<\/p>\n<p><strong>VIDEO:<\/strong><\/p>\n<div id=\"arve-iframe-680b2d317e7ab828775049\" class=\"arve aligncenter\" data-mode=\"normal\" data-provider=\"iframe\"><a href=\"https:\/\/www.facebook.com\/watch\/?v=1063386409150375&amp;t=2\"><img decoding=\"async\" loading=\"lazy\" class=\"wp-image-77316 aligncenter\" src=\"http:\/\/www.infokuryr.cz\/n\/wp-content\/uploads\/2025\/04\/rajchl-300x231.jpg\" alt=\"\" width=\"560\" height=\"431\" srcset=\"https:\/\/www.infokuryr.cz\/n\/wp-content\/uploads\/2025\/04\/rajchl-300x231.jpg 300w, https:\/\/www.infokuryr.cz\/n\/wp-content\/uploads\/2025\/04\/rajchl.jpg 535w\" sizes=\"(max-width: 560px) 100vw, 560px\" \/><\/a><\/div>\n<p>V\u00edte, co mi na na\u0161\u00ed p\u011btikolai\u010dn\u00ed vl\u00e1d\u011b vad\u00ed asi \u00fapln\u011b ze v\u0161eho nejv\u00edc? To, \u017ee se nestyd\u00ed d\u011blat z lid\u00ed naprosto nepokryt\u011b \u00fapln\u00e9 blbce. Chcete d\u016fkaz? V\u010dera (pozn. video je z 25.2.2025) vy\u0161el na na\u0161ich mainstreamov\u00fdch webech \u010dl\u00e1nek pojedn\u00e1vaj\u00edc\u00ed o tom, \u017ee jsme m\u011bli z na\u0161ich dan\u00ed vyplatit ukrajinsk\u00fdm b\u011b\u017eenc\u016fm, kte\u0159\u00ed k n\u00e1m p\u0159i\u0161li na b\u00e1zi institutu tzv. do\u010dasn\u00e9 ochrany od za\u010d\u00e1tku trv\u00e1n\u00ed ukrajinsk\u00e9ho konfliktu, na jejich soci\u00e1ln\u00edch d\u00e1vk\u00e1ch \u010d\u00e1stku 62,5 miliardy korun.<\/p>\n<p>A \u017ee oni n\u00e1m ze sv\u00fdch dan\u00ed a prost\u0159ednictv\u00edm dal\u0161\u00edch poplatk\u016f p\u0159isp\u011bli do st\u00e1tn\u00edho rozpo\u010dtu \u010d\u00e1stkou 55 miliard korun. Jin\u00fdmi slovy n\u00e1m vl\u00e1da \u0159\u00edk\u00e1, \u017ee n\u00e1s st\u00e1li pouze 7 miliard korun a \u017ee za minul\u00fd rok u\u017e jsou dokonce 8 miliard v plusu a \u017ee se n\u00e1m tedy vyplat\u00ed. Tohle je nepokryt\u00e1 le\u017e a \u010dir\u00e1 demagogie.<\/p>\n<p><strong>V tom vzore\u010dku toti\u017e chyb\u00ed jeden podstatn\u00fd \u00fadaj. A to je pod\u00edl na n\u00e1kladech tohoto st\u00e1tu. Nebo Ukrajinci nevyu\u017e\u00edvaj\u00ed na\u0161e l\u00e9ka\u0159e, na\u0161e zdravotn\u00edky, na\u0161e policisty, na\u0161e hasi\u010de, nejezd\u00ed po na\u0161ich silnic\u00edch, nepot\u0159ebuj\u00ed na\u0161e \u00fa\u0159edn\u00edky, kte\u0159\u00ed jim ty \u017e\u00e1dosti vy\u0159izuj\u00ed?<\/strong><\/p>\n<p>Tedy aby ten vzorec byl f\u00e9rov\u00fd, tak byste museli do n\u011bj zapo\u010d\u00edtat zhruba 5 % v\u00fddaj\u016f st\u00e1tn\u00edho rozpo\u010dtu. A v tu chv\u00edli bychom zjistili, \u017ee na ty ukrajinsk\u00e9 b\u011b\u017eence dopl\u00e1c\u00edme des\u00edtky miliard korun ro\u010dn\u011b. To by byla pravda.<\/p>\n<p>Tak\u017ee nam\u00edsto toho, abyste lidem v\u011b\u0161eli bul\u00edky na nos a \u0159\u00edkali jim, jak se n\u00e1m Ukrajinci stra\u0161n\u011b vyplat\u00ed, byste jim m\u011bli pod\u011bkovat za to, \u017ee ze sv\u00fdch dan\u00ed, ze sv\u00e9 pr\u00e1ce p\u0159isp\u011bli na n\u00e1klady matek a d\u011bt\u00ed, kte\u0159\u00ed k n\u00e1m p\u0159i\u0161li z ukrajinsk\u00e9ho konfliktu hledat bezpe\u010d\u00ed a p\u0159\u00edst\u0159e\u0161ek. A m\u011bli byste tak\u00e9 ud\u011blat v\u0161echno pro to, aby na\u0161i lid\u00e9 ze sv\u00fdch pen\u011bz ne\u017eivili ukrajinsk\u00e9 bojeschopn\u00e9 mu\u017ee, kte\u0159\u00ed by nam\u00edsto demonstrace na Starom\u011bstsk\u00e9m n\u00e1m\u011bst\u00ed m\u011bli br\u00e1nit svoji vlast na front\u011b. To by bylo f\u00e9rov\u00e9.<\/p>\n<p>Ale vy v\u016fbec nev\u00edte, co f\u00e9rov\u00e9 znamen\u00e1. A proto v\u00e1m to tak\u00e9 v z\u00e1\u0159\u00ed ob\u010dan\u00e9 u voleb spo\u010d\u00edtaj\u00ed. Nebojte se. [<a href=\"https:\/\/www.facebook.com\/watch\/?v=1063386409150375&amp;rdid=PrEE08zQpO1JSXY8\" target=\"_blank\" rel=\"noopener\">zdroj<\/a>]<\/p>\n<h2><strong>Dvoj\u00ed metr na p\u0159ij\u00edma\u010dk\u00e1ch.<\/strong><\/h2>\n<p>Dostal jsem email od jedn\u00e9 pan\u00ed u\u010ditelky ze st\u0159edn\u00ed \u0161koly v Dobru\u0161ce.<\/p>\n<p>Sd\u011bluje mi v n\u011bm, jak je ne\u0161\u0165astn\u00e1 z toho, \u017ee \u010desk\u00e9 d\u011bti, kter\u00e9 se uch\u00e1zej\u00ed o studium, mus\u00ed pro p\u0159ijet\u00ed \u00fasp\u011b\u0161n\u011b slo\u017eit pom\u011brn\u011b t\u011b\u017ek\u00e9 testy z \u010cJ a matematiky, zat\u00edmco ukrajinsk\u00e9 d\u011bti d\u011blaj\u00ed z \u010de\u0161tiny\u00a0<strong>pouze jednoduch\u00fd pohovor<\/strong>\u00a0(test v\u016fbec nep\u00ed\u0161ou) a test z matematiky mohou v p\u0159\u00edpad\u011b sv\u00e9ho p\u0159\u00e1n\u00ed dostat v ukrajin\u0161tin\u011b.<\/p>\n<p>Jin\u00fdmi slovy, ukrajinsk\u00e9 d\u011bti maj\u00ed podm\u00ednky pro p\u0159ijet\u00ed v\u00fdrazn\u011b jednodu\u0161\u0161\u00ed a budou p\u0159ijaty ke studiu v\u0161echny, zat\u00edmco\u00a0<strong>na \u0159adu \u010desk\u00fdch d\u011bt\u00ed se z kapacitn\u00edch d\u016fvod\u016f nedostane<\/strong>.<\/p>\n<p>Pokud tohle chce n\u011bkdo naz\u00fdvat solidaritou nebo pomoc\u00ed, tak to prost\u011b nem\u00e1 v hlav\u011b v po\u0159\u00e1dku.<\/p>\n<p>Up\u0159ednost\u0148ov\u00e1n\u00ed cizinc\u016f p\u0159ed na\u0161imi ob\u010dany je amor\u00e1ln\u00ed a za m\u011b zcela nep\u0159\u00edpustn\u00e9. U d\u011bt\u00ed to plat\u00ed dvojn\u00e1sob.<\/p>\n<p>A jak je vidno, tak u\u017e se to nel\u00edb\u00ed ani na\u0161im u\u010ditel\u016fm.<\/p>\n<p>Poj\u010fme to v z\u00e1\u0159\u00ed v\u0161ichni spole\u010dn\u011b zm\u011bnit.<\/p>\n<p>\u010cesk\u00e1 republika mus\u00ed b\u00fdt pro sv\u00e9 ob\u010dany matkou, nikoliv macechou! [<a href=\"https:\/\/www.facebook.com\/rajchl.jindrich\/posts\/1020706906721329\" target=\"_blank\" rel=\"noopener\">zdroj<\/a>]<\/p>\n<h2><strong>Zneu\u017e\u00edv\u00e1n\u00ed d\u00e1vek ukrajinsk\u00fdmi migranty.<\/strong><\/h2>\n<p>Na ve\u0159ejnost dnes pronikla dal\u0161\u00ed zpr\u00e1va o zneu\u017e\u00edv\u00e1n\u00ed d\u00e1vek ukrajinsk\u00fdmi migranty.<\/p>\n<p>Dvojice ukrajinsk\u00fdch podvodn\u00edk\u016f sem vozila sv\u00e9 krajany, zalo\u017eila jim \u00fa\u010dty, aby pak n\u00e1sledn\u011b vystavili fale\u0161n\u00e1 potvrzen\u00ed o ubytov\u00e1n\u00ed, na jejich\u017e z\u00e1klad\u011b za\u010dali inkasovat d\u00e1vky na osoby, kter\u00e9 u\u017e v t\u00e9 dob\u011b byly d\u00e1vno zp\u00e1tky na Ukrajin\u011b.<\/p>\n<p>Na tuto praktiku jsem upozor\u0148oval hned od za\u010d\u00e1tku migra\u010dn\u00ed vlny, kdy Fialova vl\u00e1da nastavila d\u00e1vky s tak m\u011bkk\u00fdmi pravidly, \u017ee nebyl nejmen\u0161\u00ed probl\u00e9m je obej\u00edt.<\/p>\n<p>Jsem si zcela jist, \u017ee tenhle p\u0159\u00edpad je jen \u0161pi\u010dkou ledovce, kdy pen\u00edze na\u0161ich da\u0148ov\u00fdch poplatn\u00edk\u016f jsou rozkr\u00e1d\u00e1ny podobn\u00fdmi fintami zcela systematicky.<\/p>\n<p>Ale samoz\u0159ejm\u011b, kdy\u017e jsem volal po zp\u0159\u00edsn\u011bn\u00ed podm\u00ednek pro vyplacen\u00ed t\u011bchto d\u00e1vek, tak jsem byl stra\u0161n\u011b prorusk\u00fd.<\/p>\n<p>Ano, ka\u017ed\u00fd, kdo nechce, aby n\u00e1m tady podvodn\u00edci z Ukrajiny kradli na\u0161e pen\u00edze, je p\u0159\u00edtelem Putina.<\/p>\n<p>To fakt d\u00e1v\u00e1 logiku. [<a href=\"https:\/\/www.facebook.com\/rajchl.jindrich\/posts\/1015292833929403\" target=\"_blank\" rel=\"noopener\">zdroj<\/a>]<\/p>\n<h2><strong>Nejv\u00edce Ukrajinc\u016f uprchlo do Ruska.<\/strong><\/h2>\n<p>Pros\u00edm v\u00e1s, a\u017e zase do v\u00e1s bude hustit propaganda, \u017ee z Ukrajiny k n\u00e1m utekli lid\u00e9 z v\u00fdchodn\u00ed \u010d\u00e1sti, proto\u017ee jim padaly bomby na hlavu, a proto zde mus\u00ed 3 roky pob\u00edrat soci\u00e1ln\u00ed d\u00e1vky a r\u016fzn\u00e9 v\u00e1le\u010dn\u00e9 benefity, proto za n\u011b vl\u00e1da z na\u0161ich pen\u011bz (!) plat\u00ed zdravotn\u00ed poji\u0161t\u011bn\u00ed a mnoh\u00e9 dal\u0161\u00ed platby, a proto mus\u00ed \u010dinit\u00a0<strong>kompletn\u00ed v\u00fddaje za n\u011b ze st\u00e1tn\u00edho rozpo\u010dtu kolem 12 miliard m\u011bs\u00ed\u010dn\u011b v\u00edce ne\u017e 3 roky<\/strong>, tak je t\u0159eba zn\u00e1t fakta. V\u011bci se maj\u00ed zcela jinak!<\/p>\n<p>B\u011bhem v\u00e1lky na Ukrajin\u011b do\u0161lo k masivn\u00edmu p\u0159esunu obyvatelstva \u2013 zejm\u00e9na z v\u00fdchodn\u00edch oblast\u00ed Ukrajiny (Don\u011bck\u00e1, Luhansk\u00e1, Z\u00e1poro\u017esk\u00e1 a Chersonsk\u00e1 oblast) do Ruska.<\/p>\n<p>Odhady po\u010dtu Ukrajinc\u016f, kte\u0159\u00ed ode\u0161li do Ruska:<\/p>\n<p>Rusk\u00e1 vl\u00e1da ud\u00e1v\u00e1, \u017ee od za\u010d\u00e1tku invaze (\u00fanor 2022) p\u0159ijala p\u0159es 5 milion\u016f lid\u00ed z Ukrajiny (v\u010detn\u011b t\u011bch z okupovan\u00fdch oblast\u00ed).<\/p>\n<p>UNHCR (\u00da\u0159ad vysok\u00e9ho komisa\u0159e OSN pro uprchl\u00edky) uv\u00e1d\u011bl v roce 2023, \u017ee v Rusku se nach\u00e1z\u00ed p\u0159es 2,8 milionu uprchl\u00edk\u016f z Ukrajiny, ale p\u0159ipou\u0161t\u00ed, \u017ee p\u0159esn\u00e1 \u010d\u00edsla je obt\u00ed\u017en\u00e9 ov\u011b\u0159it.<\/p>\n<p>Odkud lid\u00e9 poch\u00e1zeli:<\/p>\n<p>V\u011bt\u0161ina t\u011bchto osob poch\u00e1zela pr\u00e1v\u011b z:<br \/>\n* Donbasu (Don\u011bck\u00e1 a Luhansk\u00e1 oblast),<br \/>\n* z jihu Ukrajiny (Z\u00e1poro\u017esk\u00e1 a Chersonsk\u00e1 oblast),<br \/>\n* \u010d\u00e1ste\u010dn\u011b tak\u00e9 z Charkovsk\u00e9 oblasti.<\/p>\n<h3>P\u0159ehled podle let.<\/h3>\n<p>2022<\/p>\n<p>Podle \u00fadaj\u016f \u00da\u0159adu vysok\u00e9ho komisa\u0159e OSN pro uprchl\u00edky (UNHCR) k 3. srpnu 2022 bylo v Rusku registrov\u00e1no p\u0159ibli\u017en\u011b 1 968 127 ukrajinsk\u00fdch uprchl\u00edk\u016f. \u200b<\/p>\n<p>Rusk\u00e9 ofici\u00e1ln\u00ed zdroje uv\u00e1d\u011bly, \u017ee mezi \u00fanorem 2022 a \u00fanorem 2023 dorazilo do Ruska a\u017e 5,3 milionu ukrajinsk\u00fdch uprchl\u00edk\u016f. \u200b<\/p>\n<p>2023<\/p>\n<p>UNHCR k 11. b\u0159eznu 2023 uv\u00e1d\u011bl, \u017ee v Rusku se nach\u00e1z\u00ed p\u0159ibli\u017en\u011b 2 852 395 ukrajinsk\u00fdch uprchl\u00edk\u016f. \u200b<\/p>\n<p>N\u011bkter\u00e9 odhady nazna\u010duj\u00ed, \u017ee po\u010det Ukrajinc\u016f, kte\u0159\u00ed uprchli do Ruska, mohl dos\u00e1hnout a\u017e 3 milion\u016f. \u200b<\/p>\n<p>2024<\/p>\n<p>Podle rusk\u00fdch\u00a0<a href=\"https:\/\/www.odbory.info\/obsah\/5\/ukrajinska-uprchlicka-krize-aktualni-situace-v-r-2024\/336487\" target=\"_blank\" rel=\"noopener\">ofici\u00e1ln\u00edch zdroj\u016f<\/a>\u00a0bylo do Ruska p\u0159es\u00eddleno v\u00edce ne\u017e 5 milion\u016f ukrajinsk\u00fdch uprchl\u00edk\u016f od za\u010d\u00e1tku konfliktu. \u200b<\/p>\n<p>Status uprchl\u00edk\u016f: V Rusku byla v\u011bt\u0161in\u011b p\u0159\u00edchoz\u00edch z Ukrajiny poskytnuta forma \u201edo\u010dasn\u00e9ho \u00fato\u010di\u0161t\u011b\u201c, co\u017e jim poskytuje omezen\u00e1 pr\u00e1va a vy\u017eaduje pravidelnou p\u0159eregistraci<\/p>\n<p>B\u011bhem let 2022\u20132024 uprchly do Ruska miliony Ukrajinc\u016f, p\u0159ev\u00e1\u017en\u011b z v\u00fdchodn\u00edch oblast\u00ed zem\u011b. P\u0159esn\u00e9 po\u010dty se li\u0161\u00ed v z\u00e1vislosti na zdroji, s odhady se pohybuj\u00edc\u00edmi mezi 1,2 a 5,3 milionu osob.<\/p>\n<p>Co z tohoto vypl\u00fdv\u00e1 \u2013 naprost\u00e1 v\u011bt\u0161ina Ukrajinc\u016f z v\u00fdchodn\u00ed Ukrajiny utekla do Ruska.\u00a0<strong>Do na\u0161\u00ed zem\u011b se p\u0159esunuli Ukrajinci z oblast\u00ed, kde se nev\u00e1l\u010dilo a nev\u00e1l\u010d\u00ed. Jde vesm\u011bs o ekonomick\u00e9 p\u0159ist\u011bhovalce.<\/strong>\u00a0O \u010dem\u017e sv\u011bd\u010d\u00ed i jejich soustavn\u00e9 pendlov\u00e1n\u00ed na Ukrajinu a zp\u00e1tky k n\u00e1m pro dal\u0161\u00ed d\u00e1vky. Florenc vypad\u00e1 jako ukrajinsk\u00e1 cestovka! [<a href=\"https:\/\/www.facebook.com\/michaela.julisova\/posts\/9880790518637769\" target=\"_blank\" rel=\"noopener\">zdroj<\/a>]<\/p>\n<p>Zjist\u011bte, kam uprchla v\u011bt\u0161ina ukrajinsk\u00fdch uprchl\u00edk\u016f od \u00fanora 2022.<\/p>\n<p>Od \u00fanora 2022 hledalo zna\u010dn\u00e9 mno\u017estv\u00ed ukrajinsk\u00fdch ob\u010dan\u016f \u00fato\u010di\u0161t\u011b v Rusku, k velk\u00e9mu zd\u011b\u0161en\u00ed ukrajinsk\u00e9 vl\u00e1dy, jak poznamenal st\u00e1l\u00fd p\u0159edstavitel Ruska p\u0159i OSN Vasilij Nebenzia na zased\u00e1n\u00ed Rady bezpe\u010dnosti.<\/p>\n<p>\u201eZelenskij a jeho klika jsou rozho\u0159\u010deni t\u00edm, \u017ee Ukrajinci se po odchodu na Z\u00e1pad a po tom, co se pot\u00fdkaj\u00ed s obt\u00ed\u017eemi, poni\u017eov\u00e1n\u00edm a jazykovou diskriminac\u00ed, vracej\u00ed nejen do Ruska, ale tak\u00e9 se ve velk\u00e9m st\u011bhuj\u00ed do region\u016f, kter\u00e9 se staly sou\u010d\u00e1st\u00ed na\u0161\u00ed zem\u011b. v\u00fdsledek referend,\u201c uvedl Nebenzia 31. \u0159\u00edjna.<\/p>\n<p>Zd\u016fraznil, \u017ee mezi \u00fanorem 2022 a \u00fanorem 2023 dorazilo do Ruska neuv\u011b\u0159iteln\u00fdch 5,3 milionu ukrajinsk\u00fdch uprchl\u00edk\u016f.<\/p>\n<h2><strong>Kde v Evrop\u011b na\u0161li ukrajin\u0161t\u00ed uprchl\u00edci \u00fato\u010di\u0161t\u011b?<\/strong><\/h2>\n<p>Podle \u00da\u0159adu vysok\u00e9ho komisa\u0159e OSN pro uprchl\u00edky (UNHCR) bylo k 15. \u0159\u00edjnu v evropsk\u00fdch zem\u00edch, krom\u011b Ruska a B\u011bloruska, zaznamen\u00e1no p\u0159ibli\u017en\u011b 4 918 245 ukrajinsk\u00fdch uprchl\u00edk\u016f.<\/p>\n<p>Toto \u010d\u00edslo zahrnuje ukrajinsk\u00e9 uprchl\u00edky, kter\u00fdm byl ud\u011blen status uprchl\u00edka, do\u010dasn\u00fd azyl, do\u010dasnou ochranu nebo podobn\u00fd status n\u00e1rodn\u00ed ochrany, a tak\u00e9 ty, kte\u0159\u00ed jsou v hostitelsk\u00e9 zemi dokumentov\u00e1ni v r\u00e1mci r\u016fzn\u00fdch forem pobytu od 24. \u00fanora 2022.<\/p>\n<p>V\u011bt\u0161ina ukrajinsk\u00fdch \u017eadatel\u016f o azyl hledala \u00fato\u010di\u0161t\u011b v n\u00e1sleduj\u00edc\u00edch zem\u00edch:<\/p>\n<p>N\u011bmecko: 1 212 835<br \/>\nPolsko: 981 335<br \/>\n\u010cesk\u00e1 republika: 380 375<br \/>\nSpojen\u00e9 kr\u00e1lovstv\u00ed: 250 035<br \/>\n\u0160pan\u011blsko: 211 305<br \/>\nIt\u00e1lie: 173 540<br \/>\nRumunsko: 162 180<br \/>\nSlovensko: 127 015<br \/>\nMoldavsk\u00e1 republika: 123 730<br \/>\nNizozemsko: 120 100<br \/>\nIrsko: 110 960<br \/>\nBelgie: 84 170<br \/>\nRakousko: 83 020<br \/>\nNorsko: 76 215<br \/>\nFinsko: 67 830<br \/>\nBulharsko: 67 540<br \/>\n\u0160v\u00fdcarsko: 67 155<br \/>\nFrancie: 65 410<br \/>\nPortugalsko: 63 470<br \/>\nMa\u010farsko: 61 245<\/p>\n<p>Krom\u011b toho UNHCR odhaduje, \u017ee k 15. \u0159\u00edjnu bylo mimo Evropu evidov\u00e1no p\u0159ibli\u017en\u011b 560 200 ukrajinsk\u00fdch uprchl\u00edk\u016f. [<a href=\"https:\/\/www.facebook.com\/michaela.julisova\/posts\/9880790518637769\" target=\"_blank\" rel=\"noopener\">zdroj<\/a>]<\/p>\n<h2><strong>Dvoj\u00ed metr p\u0159i posuzov\u00e1n\u00ed trestn\u00fdch \u010din\u016f.<\/strong><\/h2>\n<p>Jedenat\u0159icetilet\u00fd Ukrajinec hodil na d\u016fm, kde bydlela rodina s dvouletou dcerou l\u00e1hev s ho\u0159lavinou. Jen d\u00edky duchap\u0159\u00edtomnosti otce, kter\u00fd ohe\u0148 dok\u00e1zal uhasit, se nikomu nic nestalo.<\/p>\n<p>A sv\u011bte div se, na pachatele tohoto z\u00e1va\u017en\u00e9ho trestn\u00e9ho \u010dinu nebyla uvalena vazba a bude d\u00e1l st\u00edh\u00e1n na svobod\u011b. Byl propu\u0161t\u011bn p\u0159\u00edmo na pokyn dozoruj\u00edc\u00edho st\u00e1tn\u00edho zastupitele.<\/p>\n<p>Ze sv\u00e9 v\u00edce ne\u017e dvacetilet\u00e9 zku\u0161enosti advok\u00e1ta specializuj\u00edc\u00edho se na trestn\u00ed pr\u00e1vo v\u00e1m mohu jednozna\u010dn\u011b garantovat, \u017ee v 99% podobn\u00fdch p\u0159\u00edpad\u016f by st\u00e1tn\u00ed z\u00e1stupce bez v\u00e1h\u00e1n\u00ed podal n\u00e1vrh na vazbu, p\u0159i\u010dem\u017e soud by takov\u00e9mu n\u00e1vrhu velmi pravd\u011bpodobn\u011b vyhov\u011bl.<\/p>\n<p>Naprosto nech\u00e1pu, pro\u010d tomu v tomto p\u0159\u00edpad\u011b bylo jinak.<\/p>\n<p>Mo\u017en\u00e1 je to proto, \u017ee dle slov V\u00edta Raku\u0161ana \u201ejsou Ukrajinci slu\u0161n\u011bj\u0161\u00ed ne\u017e \u010ce\u0161i.\u201c<\/p>\n<p>I tento p\u0159\u00edpad je dokonal\u00fdm d\u016fkazem toho, \u017ee n\u00e1\u0161 n\u00e1vrh na zm\u011bnu legislativy, za kter\u00fdm stoj\u00edme nejen my v PRO, ale i v\u0161ichni na\u0161i partne\u0159i v SPD, Trikolo\u0159e a Svobodn\u00fdch, jen\u017e by zavedl automatick\u00fd trest vyho\u0161t\u011bn\u00ed za sp\u00e1ch\u00e1n\u00ed \u00famysln\u00e9ho trestn\u00e9ho \u010dinu cizincem na na\u0161em \u00fazem\u00ed, je zcela nezbytn\u00e9 p\u0159ijmout co nejd\u0159\u00edve po z\u00e1\u0159ijov\u00fdch volb\u00e1ch.<\/p>\n<p>Servilitu st\u00e1tn\u00ed moci v\u016f\u010di Ukrajinc\u016fm je t\u0159eba neprodlen\u011b ukon\u010dit.<\/p>\n<p>Cizinec, jen\u017e si nev\u00e1\u017e\u00ed toho, \u017ee jsme mu umo\u017enili v \u010cesk\u00e9 republice \u017e\u00edt a pracovat (\u010di velmi \u010dasto pob\u00edrat d\u00e1vky), mus\u00ed b\u00fdt bez dal\u0161\u00edho z na\u0161\u00ed zem\u011b vyk\u00e1z\u00e1n.<\/p>\n<p>V\u010dera bylo pozd\u011b. [<a href=\"https:\/\/www.facebook.com\/rajchl.jindrich\/posts\/1013557344102952\" target=\"_blank\" rel=\"noopener\">zdroj<\/a>]<\/p>\n<p><em>P\u0159ehled vy\u0161el na: <a href=\"https:\/\/www.nespokojeny.cz\/jsou-ukrajinci-pro-cechy-doopravdy-prinosem-jak-oficialne-tvrdi-vladni-propaganda\/\">NESPOKOJEN\u00dd<\/a><\/em><\/p>\n","protected":false},"excerpt":{"rendered":"<p>Obrovsk\u00fdm p\u0159\u00ednosem pro \u010deskou ekonomiku jsou uprchl\u00edci z Ukrajiny, tvrd\u00ed ministerstvo. Pracuje jich u\u017e 155.000&#8230;<\/p>\n","protected":false},"author":2,"featured_media":75878,"comment_status":"closed","ping_status":"closed","sticky":false,"template":"","format":"standard","meta":[],"categories":[6],"tags":[76,45,5881,1635,99],"_links":{"self":[{"href":"https:\/\/www.infokuryr.cz\/n\/wp-json\/wp\/v2\/posts\/77314"}],"collection":[{"href":"https:\/\/www.infokuryr.cz\/n\/wp-json\/wp\/v2\/posts"}],"about":[{"href":"https:\/\/www.infokuryr.cz\/n\/wp-json\/wp\/v2\/types\/post"}],"author":[{"embeddable":true,"href":"https:\/\/www.infokuryr.cz\/n\/wp-json\/wp\/v2\/users\/2"}],"replies":[{"embeddable":true,"href":"https:\/\/www.infokuryr.cz\/n\/wp-json\/wp\/v2\/comments?post=77314"}],"version-history":[{"count":1,"href":"https:\/\/www.infokuryr.cz\/n\/wp-json\/wp\/v2\/posts\/77314\/revisions"}],"predecessor-version":[{"id":77315,"href":"https:\/\/www.infokuryr.cz\/n\/wp-json\/wp\/v2\/posts\/77314\/revisions\/77315"}],"wp:featuredmedia":[{"embeddable":true,"href":"https:\/\/www.infokuryr.cz\/n\/wp-json\/wp\/v2\/media\/75878"}],"wp:attachment":[{"href":"https:\/\/www.infokuryr.cz\/n\/wp-json\/wp\/v2\/media?parent=77314"}],"wp:term":[{"taxonomy":"category","embeddable":true,"href":"https:\/\/www.infokuryr.cz\/n\/wp-json\/wp\/v2\/categories?post=77314"},{"taxonomy":"post_tag","embeddable":true,"href":"https:\/\/www.infokuryr.cz\/n\/wp-json\/wp\/v2\/tags?post=77314"}],"curies":[{"name":"wp","href":"https:\/\/api.w.org\/{rel}","templated":true}]}}