{"id":7731,"date":"2022-01-23T06:34:36","date_gmt":"2022-01-23T05:34:36","guid":{"rendered":"http:\/\/www.infokuryr.cz\/n\/?p=7731"},"modified":"2022-01-23T07:44:07","modified_gmt":"2022-01-23T06:44:07","slug":"zasveceny-miliardar-prozradil-jaky-dalsi-plan-s-pandemii-ma-globalni-elita","status":"publish","type":"post","link":"https:\/\/www.infokuryr.cz\/n\/2022\/01\/23\/zasveceny-miliardar-prozradil-jaky-dalsi-plan-s-pandemii-ma-globalni-elita\/","title":{"rendered":"Zasv\u011bcen\u00fd miliard\u00e1\u0159 prozradil, jak\u00fd dal\u0161\u00ed pl\u00e1n s pandemi\u00ed m\u00e1 glob\u00e1ln\u00ed elita"},"content":{"rendered":"<div id=\"fb-root\"><\/div>\n<p>Pl\u00e1nem glob\u00e1ln\u00ed elity je, aby se oklaman\u00ed o\u010dkovan\u00ed vzbou\u0159ili a vytvo\u0159ili stav anarchie, jak\u00fd jsme mohli vid\u011bt ve filmech o \u0160\u00edlen\u00e9m Maxovi (Mad Max).\u00a0V\u0161echno pak zachr\u00e1n\u00ed jednotn\u00e1 sv\u011btovl\u00e1da.<\/p>\n<p>Tyto informace z\u0159ejm\u011b prozradil poskytovateli slu\u017eeb, se kter\u00fdm se sp\u0159\u00e1telil, jist\u00fd miliard\u00e1\u0159 z Nov\u00e9ho Z\u00e9landu.\u00a0C\u00edlem je, samoz\u0159ejm\u011b, n\u00e1vrat k feudalismu v re\u017eii celosv\u011btov\u00e9 tyranie.<\/p>\n<h2>N\u00e1stin pl\u00e1nu glob\u00e1ln\u00ed elity<\/h2>\n<p>Nejmenovan\u00fd miliard\u00e1\u0159 uvedl n\u00e1sleduj\u00edc\u00ed sc\u00e9n\u00e1\u0159 v\u00fdvoje pandemie:<\/p>\n<p>PL\u00c1N je n\u00e1siln\u011b obr\u00e1tit ka\u017ed\u00e9ho ob\u010dana proti jeho vlastn\u00ed vl\u00e1d\u011b, kdy\u017e vakc\u00edny povedou k hromadn\u00fdm \u00famrt\u00edm.\u00a0Lid\u00e9 propaguj\u00edc\u00ed o\u010dkov\u00e1n\u00ed padnou.\u00a0Proto jsou tak pou\u017eiteln\u00ed.\u00a0Biden je t\u00e9m\u011b\u0159 mrtv\u00fd.\u00a0Fidelito (pozn. redakce: kanadsk\u00fd premi\u00e9r Justin Trudeau, o kter\u00e9m se tvrd\u00ed, \u017ee je synem Fidela Castra) je na posm\u011bch.<\/p>\n<p>\u010casov\u00e1 lh\u016fta, ve kter\u00e9 se projev\u00ed po\u0161kozen\u00ed vakc\u00ednami mRNA, jsou 2-3 roky. O\u010dkov\u00e1n\u00ed mRNA vakc\u00ednami \u201ep\u0159ekonalo jejich nejdivo\u010dej\u0161\u00ed\u00a0o\u010dek\u00e1v\u00e1n\u00ed.\u201c<\/p>\n<p>Existuje protijed, kte\u0159\u00ed dostanou jen n\u011bkte\u0159\u00ed.\u00a0St\u00e1le toti\u017e budou pot\u0159ebovat lidi, aby jim slou\u017eili.<\/p>\n<p>Hn\u011bv o\u010dkovan\u00fdch, kter\u00e9 oklamali a um\u00edraj\u00ed, povede k destrukci v\u0161ech spole\u010densk\u00fdch instituc\u00ed. \u201eSp\u00e1l\u00ed sv\u00e9 vl\u00e1dy na popel\u201c. Hned po anarchii se jako \u201evelk\u00fd spasitel\u201c vyno\u0159\u00ed nov\u00e1 sv\u011btovl\u00e1da.<\/p>\n<p>Je toto d\u016fvod, pro\u010d n\u011bkte\u0159\u00ed prominentn\u00ed antivaxe\u0159i pat\u0159\u00ed ke zedn\u00e1\u0159sk\u00e9 organizaci?<\/p>\n<p>V\u011b\u0159\u00ed v u\u017eite\u010dnost toho, \u017ee n\u00e1m p\u0159edem \u0159eknou, co budou d\u011blat.\u00a0Jsou to n\u011bkte\u0159\u00ed z lid\u00ed, o kter\u00fdch miliard\u00e1\u0159 \u0159\u00edk\u00e1, \u017ee je \u201ezverbovali\u201c?\u00a0Je toto d\u016fvod, pro\u010d nyn\u00ed Twitter dovoluje \u0161\u00ed\u0159en\u00ed antivakcina\u010dn\u00edch informac\u00ed?<\/p>\n<p><strong>Dementi: O\u010dividn\u011b nev\u00edm, jestli se tento nejhor\u0161\u00ed sc\u00e9n\u00e1\u0159 odehraje.\u00a0Rozhodn\u011b douf\u00e1m, \u017ee ne.\u00a0Ale m\u011bli bychom ho m\u00edt na pam\u011bti.<\/strong><\/p>\n<h2>Podrobnosti prozrazen\u00e9ho pl\u00e1nu glob\u00e1ln\u00ed elity<\/h2>\n<p>Ne\u0159eknu v\u00e1m kdo, ani kdy.\u00a0\u0158ekn\u011bme jen, \u017ee jsem s touto osobou (nejmenovan\u00fdm zasv\u011bcen\u00fdm miliard\u00e1\u0159em) tr\u00e1vil dny a \u017ee na Nov\u00e9m Z\u00e9landu maj\u00ed \u00fakryt.<\/p>\n<p>Bylo to poprv\u00e9 v\u016fbec, \u010dem jsem se \u201efl\u00e1kal\u201c se zn\u00e1mou z\u00e1mo\u017enou osobou.\u00a0\u0160lo o n\u00e1hodn\u00e9 setk\u00e1n\u00ed pot\u00e9, co jsem pro n\u011b ud\u011blal n\u011bjakou pr\u00e1ci v Queenstownu.\u00a0M\u011bli jsme ve\u010de\u0159i, drinky a vedli rozhovory.<\/p>\n<p>Na v\u00edkend m\u011b pozvali k nim dom\u016f.\u00a0Zve\u0159ej\u0148uji to a\u017e te\u010f, kdy\u017e jsem to zpracoval.<\/p>\n<p>Byli mluvn\u00ed a otev\u0159en\u00ed, ale \u0159ekli mi, \u017ee pokud se o t\u011bchto v\u011bcech zm\u00edn\u00edm, tak jsme se \u201enikdy nesetkali\u201c.\u00a0Se sm\u00edchem v\u0161ak \u0159\u00edkali, \u017ee tomu stejn\u011b nikdo neuv\u011b\u0159\u00ed, tak\u017ee \u201ea\u0165 se l\u00edb\u00ed\u201c, jen z toho m\u00e1m vynechat jejich identitu.<\/p>\n<p>\u0158ekli, \u017ee zde (pozn. redakce: na Nov\u00e9m Z\u00e9landu) se nem\u00e1me \u010deho ob\u00e1vat, tak\u017ee navzdory jimi \u0159e\u010den\u00e9mu se m\u00e1m pova\u017eovat za jednoho z nej\u0161\u0165astn\u011bj\u0161\u00edch lid\u00ed, kte\u0159\u00ed pr\u00e1v\u011b te\u010f \u017eij\u00ed na Nov\u00e9m Z\u00e9landu.<\/p>\n<p>Zeptali se m\u011b, jestli jsem se dal o\u010dkovat a ulevilo se jim, kdy\u017e jsem \u0159ekl ne.\u00a0Podle nich \\&#8220;kiwiov\u00e9\\&#8220; (pozn. redakce: p\u0159ezd\u00edvka Novoz\u00e9lan\u010fanov) protijed stejn\u011b dostanou, ale n\u011bkte\u0159\u00ed se ho nedo\u017eij\u00ed.\u00a0Kone\u010dn\u011b, n\u011bkdo to tady \u201epro n\u011b\u201c mus\u00ed v\u00e9st.<\/p>\n<p>Nejprve jsem se zeptal, co je podle nich c\u00edlem cel\u00e9 t\u00e9to covidov\u00e9 z\u00e1le\u017eitosti.\u00a0S velk\u00fdm z\u00e1jmem se m\u011b zeptali, co j\u00edm je podle m\u011b, ale neuhodl jsem.<\/p>\n<p>V podstat\u011b \u0159ekli toto\u2026<\/p>\n<p>\u2013 Pl\u00e1n byl vymy\u0161len ji\u017e p\u0159ed mnoha lety a dlouho byl jen pl\u00e1nem.\u00a0Museli \u010dekat mnoho let, ne\u017e budou dostupn\u00e9 technologie k jeho uskute\u010dn\u011bn\u00ed.\u00a0A naverbovat vhodn\u00e9 jednotlivce.<\/p>\n<p>\u2013 Rozhodn\u011b je to o nastolen\u00ed\u00a0<a href=\"https:\/\/www.badatel.net\/globalisti-chcu-zneuzit-pandemiu-a-cez-velky-reset-zaviest-celosvetovy-fasizmus\/\">nov\u00e9 sv\u011btovl\u00e1dy<\/a>\u00a0(podrobnosti budou n\u00e1sledovat).<\/p>\n<p>\u2013 Tato nov\u00e1 sv\u011btovl\u00e1da je ji\u017e nastolen\u00e1 a roky funguje v \u00fapln\u00e9m utajen\u00ed, \u010dekaj\u00edc za postrann\u00edmi \u010darami, t\u00e1hnouc \u0161achov\u00fdmi figurkami.<\/p>\n<p>Nov\u00e1 vl\u00e1da pot\u0159ebovala n\u011bkter\u00e9 nejlep\u0161\u00ed mozky planety, t\u00e9m\u011b\u0159 v\u0161ichni se ji\u017e p\u0159idali z vlastn\u00ed svobodn\u00e9 v\u016fle a v pln\u00e9 v\u00ed\u0159e ve v\u011bc nov\u00e9 sv\u011btovl\u00e1dy.\u00a0Podle jejich n\u00e1zoru jsou hrubou silou, za ka\u017edou cenu zachra\u0148uj\u00edc\u00ed lidstvo.<\/p>\n<p>\u2013 S t\u011bmi, kte\u0159\u00ed odm\u00edtli, se pr\u00fd vypo\u0159\u00e1dali, ale ve v\u011bt\u0161in\u011b p\u0159\u00edpad\u016f tu osobu p\u0159iv\u00e1d\u011bj\u00ed do \u0161ir\u0161\u00ed skupiny a prost\u0159ednictv\u00edm diskus\u00ed ji p\u0159esv\u011bd\u010d\u00ed a stane se oddanou v\u011bci.\u00a0Tyto \u201emozky\u201c se v\u011bt\u0161inou uch\u00e1zej\u00ed o smy\u0161len\u00e9 pozice a jako prvn\u00ed krok podstupuj\u00ed psychologick\u00e1 hodnocen\u00ed a podobn\u011b.<\/p>\n<p>\u2013 Tento pl\u00e1n je pokra\u010duj\u00edc\u00edm a t\u00edm nejslo\u017eit\u011bj\u0161\u00edm celosv\u011btov\u00fdm \u0159et\u011bzem ud\u00e1lost\u00ed, jak\u00fd byl kdy uveden do pohybu.\u00a0PL\u00c1NEM je v podstat\u011b n\u00e1sil\u00ed obr\u00e1tit ka\u017ed\u00e9ho ob\u010dana ka\u017ed\u00e9 zem\u011b proti jeho vlastn\u00ed vl\u00e1d\u011b.<\/p>\n<p>To, jak to d\u011blaj\u00ed, je \u010dir\u00e1 genialita a \u010dir\u00e9 zlo.<\/p>\n<p><em>\u201eJak bych k dosa\u017een\u00ed tohoto pl\u00e1nu postupoval j\u00e1?\u201c<\/em>\u00a0zeptali se m\u011b moji n\u00e1hodn\u00ed zn\u00e1m\u00ed.\u00a0<em>\u201eJak byste obr\u00e1tili ka\u017ed\u00e9ho ob\u010dana ka\u017ed\u00e9 zem\u011b proti jeho vlastn\u00ed vl\u00e1d\u011b?\u201c<\/em><\/p>\n<p>To opravdu netu\u0161\u00edm.\u00a0A tak mi vysv\u011btlili podstatu:<\/p>\n<p>\u2013 Mus\u00ed b\u00fdt vytvo\u0159eno n\u011bjak\u00e9 glob\u00e1ln\u00ed \u201eonemocn\u011bn\u00ed\u201c.<\/p>\n<p>\u2013 Mus\u00ed existovat hromadn\u00fd strach, panika a paranoia.<\/p>\n<p>\u2013 L\u00edd\u0159i, v\u011bdci a m\u00e9dia se mus\u00ed dohodnout na konsenzu l\u00e9\u010dby.<\/p>\n<p>\u2013 P\u0159\u00edpravek jim bude pod\u00e1v\u00e1n v podstat\u011b, ani\u017e by si to v\u016fbec uv\u011bdomovali.<\/p>\n<p>\u2013 Zpo\u010d\u00e1tku m\u016f\u017ee b\u00fdt jen n\u011bkolik \u201epovolen\u00fdch\u201c l\u00e9k\u016f, v\u0161echny ostatn\u00ed mus\u00ed b\u00fdt pova\u017eov\u00e1ny za nebezpe\u010dn\u00e9, nespolehliv\u00e9 a\u00a0\u00a0<a href=\"https:\/\/www.badatel.net\/ked-vakciny-zlyhali-zaviedli-japonci-ivermektin-a-za-mesiac-porazili-pandemiu\/\">zak\u00e1zan\u00e9<\/a>\u00a0.<\/p>\n<p>\u2013 L\u00edd\u0159i, v\u011bdci a m\u00e9dia jsou zmanipulov\u00e1ni k p\u0159esv\u011bd\u010den\u00ed, \u017ee tento l\u00e9k (vakc\u00edna) je jedin\u00e1 mo\u017enost, jedin\u00fd zp\u016fsob, jak uchr\u00e1nit v\u00e1s a va\u0161i rodinu.<\/p>\n<p>\u2013 L\u00edd\u0159i, v\u011bdci a m\u00e9dia v\u00e1m sv\u00fdm zp\u016fsobem d\u00e1vaj\u00ed sv\u00e9 slovo, \u017ee tento l\u00e9k je bezpe\u010dn\u00fd a \u00fa\u010dinn\u00fd.<\/p>\n<p>\u2013 Pro vyvol\u00e1n\u00ed maxim\u00e1ln\u00ed bolesti a hn\u011bvu, kdy\u017e se to pokaz\u00ed, se c\u00edlem st\u00e1vaj\u00ed i d\u011bti.<\/p>\n<p>Tuto \u010d\u00e1st jsem pokl\u00e1dal za zaj\u00edmavou.\u00a0Na\u0161i l\u00edd\u0159i, v\u011bdci a m\u00e9dia NEJSOU spoluvin\u00edky v tomto pl\u00e1nu, ba vlastn\u011b ani \u017e\u00e1dnou jeho sou\u010d\u00e1st\u00ed.\u00a0\u017d\u00c1DN\u00dd z nich, dokonce ani Fauci (pozn. redakce: americk\u00fd mix Mikasa, Lengvarsk\u00e9ho a Kr\u010dm\u00e9ryho).<\/p>\n<p>Pro tyto elity jsou jen materi\u00e1l, kter\u00fd poslou\u017e\u00ed \u00fa\u010delu a pak bude \u201eodlo\u017een\u201c, nebo \u201ehozen\u00fd rozzloben\u00fdm\u201c!\u00a0Jsou vyu\u017e\u00edv\u00e1ni.<\/p>\n<p>\u2013 N\u011bkte\u0159\u00ed outside\u0159i, kte\u0159\u00ed \u201el\u00e9k\u201c zpochyb\u0148uj\u00ed, jsou r\u016fzn\u00fdmi zp\u016fsoby diskreditov\u00e1ni a cenzurov\u00e1ni.<\/p>\n<p>\u2013 Povolen\u00e9 \u201el\u00e9ky\u201c jsou biologick\u00e9 jedy, jejich\u017e pln\u00e9 projeven\u00ed se trv\u00e1 2-3 roky.<\/p>\n<p>\u2013 Tou pokro\u010dilou technologi\u00ed, na kterou \u010dekali, byla mRNA.<\/p>\n<p>\u2013 Soci\u00e1ln\u00ed s\u00edt\u011b zaru\u010duj\u00ed, \u017ee lid\u00e9 o \u201el\u00e9k\u201c pros\u00ed a stoj\u00ed na n\u011bm v \u0159ad\u011b.<\/p>\n<p>Dalo by se \u0159\u00edci, \u017ee pl\u00e1n je v tomto bod\u011b ji\u017e dob\u0159e rozjet\u00fd a zat\u00edm nesm\u00edrn\u011b \u00fasp\u011b\u0161n\u00fd.\u00a0O\u010dkov\u00e1n\u00ed mRNA bylo obrovsk\u00e9 a v\u0161ichni lid\u00e9 v\u011b\u0159\u00ed, \u017ee \u201el\u00e9k\u201c je jedinou cestou zp\u011bt k normalit\u011b.<\/p>\n<p>\u0158ekli mi, \u017ee to p\u0159ekonalo i jejich nejdivo\u010dej\u0161\u00ed o\u010dek\u00e1v\u00e1n\u00ed!<\/p>\n<h2>Co d\u00e1l?<\/h2>\n<p>Nyn\u00ed se realizuje kone\u010dn\u00fd pl\u00e1n.<\/p>\n<p>\u00dapln\u011b se zm\u011bn\u00ed vakc\u00ednov\u00fd narativ.\u00a0\u0158ekli mi, \u017ee vakc\u00edna po \u010dase zv\u00fd\u0161\u00ed infekce a \u00famrt\u00ed.\u00a0Zem\u0159ou miliardy a lid\u00e9 od zu\u0159ivosti sp\u00e1l\u00ed sv\u00e9 vl\u00e1dy na popel.<\/p>\n<p>Jejich l\u00edd\u0159i, v\u011bdci a m\u00e9dia budou upalov\u00e1ni, hon\u011bni a zav\u011b\u0161ov\u00e1ni na ulic\u00edch.\u00a0Sv\u00e9 vl\u00e1dy svrhnou OBE strany.\u00a0Ta provaxersk\u00e1, zcela oklaman\u00e1 a um\u00edraj\u00edc\u00ed strana bude zu\u0159it\u2026 nevaxersk\u00e1 strana bude zu\u0159it, \u017ee je vl\u00e1da dopustila, aby se to stalo.<\/p>\n<p>\u0158ekli mi tak\u00e9, \u017ee kdy\u017e se to stane, m\u00e1m si na chv\u00edli vzpomenout na \u201e\u0160\u00edlen\u00e9ho Maxe\u201c, ale jako \u201eElysium\u201c, tedy r\u00e1j, si p\u0159edstavit Nov\u00fd Z\u00e9land.<\/p>\n<p>Je n\u011bkolik ur\u010den\u00fdch dostupn\u00fdch z\u00f3n, ale kv\u016fli geografii a infrastruktu\u0159e je Nov\u00fd Z\u00e9land zn\u00e1m jako Z\u00f3na 1. Kdy\u017e se masy zbav\u00ed sv\u00fdch vl\u00e1d a v\u0161ech, kte\u0159\u00ed je \u201ezradili\u201c a budou m\u00edt dost utrpen\u00ed, vyno\u0159\u00ed se jako velk\u00fd spasitel nov\u00e1 sv\u011btovl\u00e1da.\u00a0Pr\u00fd to bude lehk\u00e9.<\/p>\n<h2>Z\u00e1v\u011br<\/h2>\n<p>Tolik jsem si z vypr\u00e1v\u011bn\u00ed okruhu doty\u010dn\u00e9ho miliard\u00e1\u0159e zapamatoval.\u00a0Z\u0159ejm\u011b jsem toho dost vynechal.\u00a0Mluvili o tom dost ob\u0161\u00edrn\u011b, trochu v\u0161ak ignorovali p\u0159\u00edm\u00e9 ot\u00e1zky.<\/p>\n<p>\u0158ekli, \u017ee se jim l\u00edb\u00edm a cht\u011bj\u00ed m\u011b m\u00edt nabl\u00edzku, kdy\u017e se prach usad\u00ed, a \u017ee jsem jim byl nesm\u00edrn\u011b u\u017eite\u010dn\u00fd.<\/p>\n<p>Tak nev\u00edm, z\u010d\u00e1sti si mysl\u00edm, \u017ee si se mnou pohr\u00e1vali.\u00a0Opravdu se c\u00edt\u00edm l\u00e9pe tam, kde jsem te\u010f.<\/p>\n<p>Autor: Henry Makow, Zdroj:\u00a0\u00a0<a href=\"https:\/\/www.henrymakow.com\/2021\/10\/vax-bloodbath-will-create-anarchy.html\" target=\"_blank\" rel=\"noopener\">henrymakow.com<\/a>\u00a0, Zpracoval: Badatel.net<\/p>\n<p>&nbsp;<\/p>\n<p>&nbsp;<\/p>\n","protected":false},"excerpt":{"rendered":"<p>Pl\u00e1nem glob\u00e1ln\u00ed elity je, aby se oklaman\u00ed o\u010dkovan\u00ed vzbou\u0159ili a vytvo\u0159ili stav anarchie, jak\u00fd jsme&#8230;<\/p>\n","protected":false},"author":2,"featured_media":7732,"comment_status":"closed","ping_status":"closed","sticky":false,"template":"","format":"standard","meta":[],"categories":[7],"tags":[279,694,259,1505,48,651],"_links":{"self":[{"href":"https:\/\/www.infokuryr.cz\/n\/wp-json\/wp\/v2\/posts\/7731"}],"collection":[{"href":"https:\/\/www.infokuryr.cz\/n\/wp-json\/wp\/v2\/posts"}],"about":[{"href":"https:\/\/www.infokuryr.cz\/n\/wp-json\/wp\/v2\/types\/post"}],"author":[{"embeddable":true,"href":"https:\/\/www.infokuryr.cz\/n\/wp-json\/wp\/v2\/users\/2"}],"replies":[{"embeddable":true,"href":"https:\/\/www.infokuryr.cz\/n\/wp-json\/wp\/v2\/comments?post=7731"}],"version-history":[{"count":0,"href":"https:\/\/www.infokuryr.cz\/n\/wp-json\/wp\/v2\/posts\/7731\/revisions"}],"wp:featuredmedia":[{"embeddable":true,"href":"https:\/\/www.infokuryr.cz\/n\/wp-json\/wp\/v2\/media\/7732"}],"wp:attachment":[{"href":"https:\/\/www.infokuryr.cz\/n\/wp-json\/wp\/v2\/media?parent=7731"}],"wp:term":[{"taxonomy":"category","embeddable":true,"href":"https:\/\/www.infokuryr.cz\/n\/wp-json\/wp\/v2\/categories?post=7731"},{"taxonomy":"post_tag","embeddable":true,"href":"https:\/\/www.infokuryr.cz\/n\/wp-json\/wp\/v2\/tags?post=7731"}],"curies":[{"name":"wp","href":"https:\/\/api.w.org\/{rel}","templated":true}]}}