{"id":77309,"date":"2025-04-26T00:16:13","date_gmt":"2025-04-25T22:16:13","guid":{"rendered":"https:\/\/www.infokuryr.cz\/n\/?p=77309"},"modified":"2025-04-25T10:58:22","modified_gmt":"2025-04-25T08:58:22","slug":"jindrich-kulhavy-mimo-realitu-a-s-sikanou","status":"publish","type":"post","link":"https:\/\/www.infokuryr.cz\/n\/2025\/04\/26\/jindrich-kulhavy-mimo-realitu-a-s-sikanou\/","title":{"rendered":"Jind\u0159ich Kulhav\u00fd: Mimo realitu  a s \u0161ikanou"},"content":{"rendered":"<div id=\"fb-root\"><\/div>\n<p><strong><span class=\"anotation\">Instituci nad\u0159\u00edzenou Evropsk\u00e9 komisi opustil jej\u00ed zakladatel a dlouhodob\u00fd l\u00eddr Klaus Schwab a ve sv\u00fdch 88 letech s ostudou ode\u0161el do d\u016fchodu. Sv\u00e9 nebezpe\u010dn\u00e9 filozofov\u00e1n\u00ed a p\u0159\u00edpravu lidstva na Great Reset zakon\u010dil ostudou, kdy\u017e za\u010dalo vy\u0161et\u0159ov\u00e1n\u00ed jeho defraudace a tunelov\u00e1n\u00ed pen\u011bz ur\u010den\u00fdch k provozu WEF. Neradujme se, prozat\u00edmn\u00edm p\u0159edsedou byl jmenov\u00e1n dal\u0161\u00ed ultragr\u00e1zl Brabeck pracuj\u00edc\u00ed l\u00e9ta v \u010dele nadn\u00e1rodn\u00ed spole\u010dnosti Nestl\u00e9, jeho\u017e z\u00e1m\u011brem je zpen\u011b\u017eit do posledn\u00ed kapky pitnou vodu na Zemi a d\u011bl\u00e1 proto opravdu v\u0161e u\u017e mnoho let.<\/span><\/strong><\/p>\n<div id=\"pagetext\">\n<p>\u00a0 WEF je skute\u010dnou koncentrac\u00ed zla, kterou Schwab p\u0159edstavoval po mnoho rok\u016f. Evidentn\u011b byl jeho odchod p\u0159ipraven, co\u017e znamen\u00e1, \u017ee i nad t\u00edmto peklem na zemi m\u00e1 n\u011bkdo dal\u0161\u00ed vliv. Tak\u00e9 zm\u011bna ve veden\u00ed nazna\u010duje, \u017ee tyto skute\u010dn\u00e9 elity cht\u011bj\u00ed nad\u00e1le utahovat \u0161rouby a budou pokra\u010dovat ve sv\u00fdch pl\u00e1nech. A jestli\u017ee se dok\u00e1zaly zbavit Schwaba a dosadit Brabecka, je vcelku jasn\u00e9, \u017ee n\u011bjak\u00e1 Leyenov\u00e1 pln\u00edc\u00ed do punt\u00edku instrukce je skute\u010dn\u011b jen jejich loutkou. Schwabovi \u0161l\u00e1pnuli na ku\u0159\u00ed oko, vyvedli ho s ostudou a p\u0159ipomn\u011bli mu, \u017ee se okr\u00e1dat nenechaj\u00ed. Co v\u0161e zat\u00edm v\u0161\u00edm je, to se nedozv\u00edme, proto\u017ee informace pu\u0161t\u011bn\u00e9 do m\u00e9di\u00ed jsou pouze t\u00edm, co zve\u0159ejnit cht\u011bli. Schwab kon\u010d\u00ed a\u017e ostudn\u011b a je varov\u00e1n\u00edm pro dal\u0161\u00ed sluhy, aby zase tak moc nenarostli.<\/p>\n<p>Leyenov\u00e1 mezit\u00edm nad\u00e1le likviduje Evropu. Green Deal a v\u00e1lka s\u00a0Ruskem jsou jej\u00ed hlavn\u00ed mantrou. Celoplo\u0161n\u00e1 vakcinace je pro ni p\u0159\u00edli\u0161 velk\u00fd o\u0159\u00ed\u0161ek, naopak se j\u00ed poda\u0159ilo plno lid\u00ed p\u0159esv\u011bd\u010dit, \u017ee u\u017e si nenechaj\u00ed p\u00edchnout ani protitetanovku, a kdyby to \u0161lo, odo\u010dkovali by i sv\u00e9 d\u011bti. Bohu\u017eel svinstvo do nich v\u00a0ran\u00e9m d\u011btstv\u00ed nap\u00edchan\u00e9 u\u017e z\u00a0nich nedostaneme, tak\u017ee budou m\u00edt n\u00e1sledky, ale z\u00a0nov\u00e9 generace naroste jist\u011b po\u010det d\u011bt\u00ed, kter\u00e1 se nesmysln\u00fdm o\u010dkov\u00e1n\u00edm vyhnou. Ostatn\u011b Kennedy z\u00a0t\u00fdmu Donalda Trumpa v\u00a0USA tvrd\u011b proti trendu naprat do mal\u00fdch kojenc\u016f a batolat co nejv\u00edce injekc\u00ed bojuje a vysv\u011btluje, pro\u010d bylo dosud tolik posti\u017een\u00fdch autismem a dal\u0161\u00edmi onemocn\u011bn\u00edmi, kter\u00e1 spojuje pr\u00e1v\u011b s\u00a0vakc\u00ednami. Pro Leyenovou tedy z\u016fst\u00e1vaj\u00ed v\u00e1lka a zelen\u00e9 \u0161\u00edlenstv\u00ed prioritou.<\/p>\n<p>Evropsk\u00e1 komise \u017e\u00e1d\u00e1 ka\u017edoro\u010dn\u00ed technick\u00e9\u00a0 kontroly vozidel star\u0161\u00edch deseti let, p\u0159i\u010dem\u017e opravovat dvacetilet\u00e1 auta u\u017e m\u00e1 b\u00fdt velmi omezeno. \u0158e\u010di o snaze sn\u00ed\u017eit nehodovost nap\u0159\u00ed\u010d Evropou jsou bl\u00e1bolem, d\u016fvodem je urychlen\u00e1 likvidace aut se spalovac\u00edm motorem. Jak u\u017e jsme si n\u011bkolikr\u00e1t \u0159ekli, elektrifikace dopravy je Evropskou komis\u00ed pova\u017eov\u00e1na za nezvratnou, a to i p\u0159es v\u00fdrazn\u00e9 probl\u00e9my s\u00a0energetikou. Mo\u017enost ovl\u00e1dat Evropany pomoc\u00ed n\u011bkolika vyp\u00edna\u010d\u016f ovl\u00e1dan\u00fdch centr\u00e1ln\u011b by se t\u00edm v\u00fdrazn\u011b nav\u00fd\u0161ila a bylo by snadn\u011bji dosa\u017eeno c\u00edle okle\u0161tit svobodn\u00fd pohyb milion\u016f obyvatel Evropy. Emise z\u016fstanou stejn\u00e9, proto\u017ee v\u00fdroba za\u0159\u00edzen\u00ed produkuj\u00edc\u00edch a expeduj\u00edc\u00ed elekt\u0159inu \u010di jej\u00ed samotn\u00fd vznik budou nad\u00e1le spojeny s\u00a0lidstvem, nav\u00edc naprosto neovliv\u0148uj\u00ed klima na planet\u011b. K\u00a0jeho cyklick\u00fdm zm\u011bn\u00e1m se u\u017e vyj\u00e1d\u0159ila v\u011bdeck\u00e1 sf\u00e9ra i my a tvrdit, \u017ee se Zem\u011b otepluje z\u00a0d\u016fvodu \u010dinnosti \u010dlov\u011bka je sm\u011b\u0161n\u00e9. Na\u0161t\u011bst\u00ed mimo Evropu k\u00a0t\u00e9to problematice p\u0159istupuj\u00ed jinak. \u010c\u00edna n\u00e1s sice zaplavuje elektromobily, ale z\u00e1rove\u0148 otv\u00edr\u00e1 jednu uhelnou elektr\u00e1rnu za druhou. A v\u00a0USA se vrac\u00ed do v\u00fdroby v\u00fdkonn\u00e9 osmiv\u00e1lce.<\/p>\n<p>V\u00e1lka s\u00a0Ruskem je stejn\u011b nebezpe\u010dnou ideou, jako vpu\u0161t\u011bn\u00ed milion\u016f muslim\u016f na n\u00e1\u0161 kontinent. Samotn\u00e1 m\u011bsta Brusel \u010di Lond\u00fdn jsou uk\u00e1zkou toho, jak\u00e9 pr\u016fvodn\u00ed jevy islamizace m\u00e1 a my d\u011blejme v\u0161e proto, aby n\u00e1s nezas\u00e1hnula.\u00a0 N\u011bmecko, Francie, Velk\u00e1 Brit\u00e1nie u\u017e nemaj\u00ed z\u00e1chrannou brzdu, za kterou by mohly zat\u00e1hnout. Dozimetr Raku\u0161an migra\u010dn\u00ed pakt podepsal, ale po\u0159\u00e1d ho budouc\u00ed vl\u00e1da m\u016f\u017ee odm\u00edtnout plnit. Pol\u00e1ci a Ma\u010fa\u0159i ozn\u00e1mili, \u017ee to tak u\u010din\u00ed. Pokud jde o p\u0159\u00edpravu na v\u00e1lku, na\u0161e vl\u00e1da by m\u011bla r\u00e1da voln\u00e9 ruce v\u00a0mo\u017enosti poslat na\u0161e voj\u00e1ky kamkoliv v\u00e1l\u010dit. A to bez pot\u0159eby pt\u00e1t se Parlamentu. Oni u\u017e by byli nejrad\u0161i, kdyby se nemuseli pt\u00e1t na nic. Demokratick\u00e9 principy jsou na obt\u00ed\u017e, pil\u00ed\u0159e demokracie se hrout\u00ed a cel\u00e1 EU se st\u00e1v\u00e1 instituc\u00ed dr\u017eenou pohromad\u011b pomoc\u00ed absolutistick\u00e9 moci.<\/p>\n<p>Rusov\u00e9 se plno let p\u0159ipravuj\u00ed na obranu sv\u00e9 zem\u011b, jsou o m\u00edle nap\u0159ed p\u0159ed cel\u00fdm sv\u011btem a konkurovat jim m\u016f\u017ee jen p\u0159\u00edtel \u010c\u00edna a militantn\u00ed USA. Nezd\u00e1 se n\u00e1m, \u017ee by sou\u010dasn\u00e9 veden\u00ed Spojen\u00fdch st\u00e1t\u016f m\u011blo rad\u0161i Evropskou unii ne\u017e Ruskou federaci. P\u0159edstavy Brit\u016f, N\u011bmc\u016f a Francouz\u016f jsou tak trochu mimo realitu, nav\u00edc by polovina bojeschopn\u00fdch Evropan\u016f n\u00e1sledovala ukrajinsk\u00e9ho vzoru a rad\u0161i by Evropu opustila. Nach\u00e1z\u00edme se tak v\u00a0situaci, kdy tu jsou Leyenov\u00e1 &amp; spol. nav\u00edc, jen jim to je\u0161t\u011b nikdo ne\u0159ekl. Snad se ten okam\u017eik bl\u00ed\u017e\u00ed.<\/p>\n<p><a href=\"https:\/\/www.inadhled.live\/uvaha-dne\/mimo-realitu-a-s-sikanou\/\">Jind\u0159ich Kulhav\u00fd<\/a><\/p>\n<p><img decoding=\"async\" loading=\"lazy\" class=\"alignnone size-full wp-image-48136\" src=\"http:\/\/www.infokuryr.cz\/n\/wp-content\/uploads\/2024\/02\/kulhavy-jindrich.jpg\" alt=\"\" width=\"219\" height=\"221\" srcset=\"https:\/\/www.infokuryr.cz\/n\/wp-content\/uploads\/2024\/02\/kulhavy-jindrich.jpg 219w, https:\/\/www.infokuryr.cz\/n\/wp-content\/uploads\/2024\/02\/kulhavy-jindrich-150x150.jpg 150w\" sizes=\"(max-width: 219px) 100vw, 219px\" \/><\/p>\n<p>&nbsp;<\/p>\n<\/div>\n","protected":false},"excerpt":{"rendered":"<p>Instituci nad\u0159\u00edzenou Evropsk\u00e9 komisi opustil jej\u00ed zakladatel a dlouhodob\u00fd l\u00eddr Klaus Schwab a ve sv\u00fdch&#8230;<\/p>\n","protected":false},"author":2,"featured_media":77310,"comment_status":"closed","ping_status":"closed","sticky":false,"template":"","format":"standard","meta":[],"categories":[6],"tags":[279,291,1503,3251,20],"_links":{"self":[{"href":"https:\/\/www.infokuryr.cz\/n\/wp-json\/wp\/v2\/posts\/77309"}],"collection":[{"href":"https:\/\/www.infokuryr.cz\/n\/wp-json\/wp\/v2\/posts"}],"about":[{"href":"https:\/\/www.infokuryr.cz\/n\/wp-json\/wp\/v2\/types\/post"}],"author":[{"embeddable":true,"href":"https:\/\/www.infokuryr.cz\/n\/wp-json\/wp\/v2\/users\/2"}],"replies":[{"embeddable":true,"href":"https:\/\/www.infokuryr.cz\/n\/wp-json\/wp\/v2\/comments?post=77309"}],"version-history":[{"count":0,"href":"https:\/\/www.infokuryr.cz\/n\/wp-json\/wp\/v2\/posts\/77309\/revisions"}],"wp:featuredmedia":[{"embeddable":true,"href":"https:\/\/www.infokuryr.cz\/n\/wp-json\/wp\/v2\/media\/77310"}],"wp:attachment":[{"href":"https:\/\/www.infokuryr.cz\/n\/wp-json\/wp\/v2\/media?parent=77309"}],"wp:term":[{"taxonomy":"category","embeddable":true,"href":"https:\/\/www.infokuryr.cz\/n\/wp-json\/wp\/v2\/categories?post=77309"},{"taxonomy":"post_tag","embeddable":true,"href":"https:\/\/www.infokuryr.cz\/n\/wp-json\/wp\/v2\/tags?post=77309"}],"curies":[{"name":"wp","href":"https:\/\/api.w.org\/{rel}","templated":true}]}}