{"id":77308,"date":"2025-04-26T00:13:24","date_gmt":"2025-04-25T22:13:24","guid":{"rendered":"https:\/\/www.infokuryr.cz\/n\/?p=77308"},"modified":"2025-04-25T10:55:36","modified_gmt":"2025-04-25T08:55:36","slug":"jiri-paroubek-mir-na-dohled","status":"publish","type":"post","link":"https:\/\/www.infokuryr.cz\/n\/2025\/04\/26\/jiri-paroubek-mir-na-dohled\/","title":{"rendered":"Ji\u0159\u00ed Paroubek: M\u00edr na dohled\u2026"},"content":{"rendered":"<div id=\"fb-root\"><\/div>\n<p><strong>Americk\u00fd prezident Donald Trump se zm\u00ednil p\u0159i setk\u00e1n\u00ed s novin\u00e1\u0159i v B\u00edl\u00e9m dom\u011b o tom, \u017ee po projedn\u00e1n\u00ed s prezidenty obou zem\u00ed, tedy s rusk\u00fdm prezidentem Putinem a ukrajinsk\u00fdm prezidentem Zelensk\u00fdm, je re\u00e1ln\u00e9 uva\u017eovat o ukon\u010den\u00ed v\u00e1lky na Ukrajin\u011b a o m\u00edru. Podle zpr\u00e1v, kter\u00e9 unikaj\u00ed z americk\u00e9 administrativy do m\u00e9di\u00ed, je z\u0159ejm\u00e9, \u017ee Krymsk\u00fd poloostrov bude nap\u0159\u00ed\u0161t\u011b ji\u017e vn\u00edm\u00e1n jako integr\u00e1ln\u00ed sou\u010d\u00e1st Ruska. A \u010dty\u0159i v\u00fdchodo a jihoukrajinsk\u00e9 provincie, p\u0159ev\u00e1\u017en\u011b os\u00eddlen\u00e9 rusk\u00fdm obyvatelstvem, se stanou sou\u010d\u00e1st\u00ed Rusk\u00e9 federace, z hlediska Ameri\u010dan\u016f a Ukrajinc\u016f v\u0161ak pouze de facto. Ukrajina tedy neuzn\u00e1 pr\u00e1vn\u011b rusk\u00fd z\u00e1bor, ale bude jej respektovat.<\/strong><\/p>\n<p style=\"font-weight: 400;\">Dal\u0161\u00edm bodem a vlastn\u011b t\u00edm pro Rusko\u00a0 nejpodstatn\u011bj\u0161\u00edm, kv\u016fli kter\u00e9mu se vlastn\u011b strhla v\u00e1lka na Ukrajin\u011b, zapo\u010dat\u00e1 invaz\u00ed Ruska v\u00a0\u00fanoru 2022, je to, \u017ee se Ukrajina ani dnes, ani do budoucna \u00a0nestane sou\u010d\u00e1st\u00ed Severoatlantick\u00e9 aliance.<\/p>\n<p style=\"font-weight: 400;\">Je ot\u00e1zka, jak bude p\u0159istupov\u00e1no k\u00a0dal\u0161\u00edm bod\u016fm agendy, kter\u00e9 byly na po\u010d\u00e1tku v\u00e1lky vyhl\u00e1\u0161eny rusk\u00fdm prezidentem jako c\u00edl v\u00e1le\u010dn\u00e9 operace. M\u00e1m na mysli zejm\u00e9na demilitarizaci Ukrajiny. Ale sv\u00fdm zp\u016fsobem to u\u017e nebude tak podstatn\u00e9.<\/p>\n<p style=\"font-weight: 400;\">Pokud jde o rusk\u00fd c\u00edl denacifikace Ukrajiny, tedy p\u0159elo\u017eeno do re\u00e1ln\u00e9 mluvy \u2013 odstran\u011bn\u00ed vlivu ultranacionalist\u016f banderovsk\u00e9ho typu na vl\u00e1du v\u00a0Kyjev\u011b, &#8211; cel\u00fd probl\u00e9m se rovn\u011b\u017e vy\u0159e\u0161il de facto. Tato ideologie byla pora\u017eena u\u017e proto, \u017ee zat\u00e1hla Ukrajinu, spolu s\u00a0nesmi\u0159itelnost\u00ed ukrajinsk\u00e9ho prezidenta Zelensk\u00e9ho, Bidenovy demokratick\u00e9 administrativy USA, Johnsonovy britsk\u00e9 vl\u00e1dy, a d\u00edky povolnosti dal\u0161\u00edch z\u00e1padoevropsk\u00fdch v\u016fdc\u016f do v\u00e1lky, kterou nebylo mo\u017en\u00e9 vyhr\u00e1t.<\/p>\n<p style=\"font-weight: 400;\">Prezident Trump je p\u0159edev\u0161\u00edm \u010dlov\u011bk, p\u0159es v\u0161echny jeho chyby, kter\u00fd vid\u00ed zbyte\u010dnost v\u00e1le\u010dn\u00fdch konflikt\u016f, p\u0159edev\u0161\u00edm proto, \u017ee p\u0159edstavuj\u00ed ohromn\u00e9 zmarn\u011bn\u00ed mnoha lidsk\u00fdch \u017eivot\u016f a materi\u00e1ln\u00edch hodnot. Je to spr\u00e1vn\u00fd, pragmatick\u00fd p\u0159\u00edstup. V\u00e1le\u010dn\u00edci u n\u00e1s a v\u00a0cel\u00e9 z\u00e1padn\u00ed Evrop\u011b by ov\u0161em\u00a0 r\u00e1di pokra\u010dovali v ozbrojen\u00e9m\u00a0 konfliktu s\u00a0Ruskem a\u017e do vz\u00e1jemn\u00e9ho zni\u010den\u00ed. Nekladou si v\u016fbec ot\u00e1zku, zda je mo\u017en\u00e9 zv\u00edt\u011bzit nad mocnost\u00ed, kter\u00e1 m\u00e1 ve sv\u00fdch arzen\u00e1lech nejv\u011bt\u0161\u00ed mno\u017estv\u00ed raket opat\u0159en\u00fdch jadern\u00fdmi hlavicemi, na sv\u011bt\u011b. Krom\u011b toho, z\u00e1padn\u00ed v\u016fdci naprosto podce\u0148uj\u00ed\u00a0 hospod\u00e1\u0159sk\u00fd potenci\u00e1l Ruska, kter\u00e9 podle ned\u00e1vno zve\u0159ejn\u011bn\u00e9ho p\u0159ehledu Sv\u011btov\u00e9 banky je, pokud jde o tvorbu hrub\u00e9ho dom\u00e1c\u00edho produktu podle parity kupn\u00ed s\u00edly, st\u00e1tem se zhruba stejn\u011b silnou ekonomikou jakou m\u00e1 N\u011bmecko \u010di Japonsko.<\/p>\n<p style=\"font-weight: 400;\">Tak\u00e9 p\u0159edstavy o politick\u00e9\u00a0 izolaci Ruska a o jeho zni\u010den\u00ed postupn\u011b graduj\u00edc\u00edmi ekonomick\u00fdmi a dal\u0161\u00edmi sankcemi, se uk\u00e1zaly jako lich\u00e9. Rusko m\u00e1 p\u0159\u00e1tel\u00e9 po cel\u00e9m sv\u011bt\u011b, p\u0159edev\u0161\u00edm pak mezi zem\u011bmi BRICS, po\u010d\u00ednaje nekone\u010dn\u00fdm potenci\u00e1lem \u010d\u00ednsk\u00e9 ekonomiky. P\u0159es p\u0159\u00e1telsky neutr\u00e1ln\u00ed Indii, tedy nejlidnat\u011bj\u0161\u00ed st\u00e1t sv\u011bta s\u00a0velk\u00fdm ekonomick\u00fdm potenci\u00e1lem. Ale tak\u00e9 finan\u010dn\u011b mocn\u00e9 Spojen\u00e9 arabsk\u00e9 emir\u00e1ty \u010di \u00cdr\u00e1n atd. Na rusk\u00e9 potravinov\u00e9 pomoci (Rusko vyv\u00e1\u017e\u00ed ka\u017edoro\u010dn\u011b cca 50 milion\u016f tun p\u0161enice) z\u00e1vis\u00ed des\u00edtky st\u00e1t\u016f Afriky i Asie.<\/p>\n<p style=\"font-weight: 400;\">Na\u0161i v\u00e1le\u010dn\u00edci, v\u010detn\u011b prezidenta Pavla, ostrouhali a Fialova vl\u00e1da zavedla zemi &#8211; jak se ukazuje &#8211;\u00a0 do slep\u00e9 uli\u010dky. Na ukrajinsk\u00e9 dobrodru\u017estv\u00ed bylo vynalo\u017eeno z\u00a0\u010desk\u00e9 strany ke konci \u00fanora tohoto roku ji\u017e 232 miliard korun.\u00a0 P\u0159edstavit si k \u010demu v\u0161emu by tyto prost\u0159edky mohly slou\u017eit v\u00a0r\u00e1mci na\u0161\u00ed republiky, k tomu nen\u00ed t\u0159eba m\u00edt velkou fantazii.<\/p>\n<p style=\"font-weight: 400;\">Prost\u011b, jedno dobrodru\u017estv\u00ed z\u0159ejm\u011b kon\u010d\u00ed a je pot\u0159eba se z\u00a0n\u011bj pou\u010dit. Lid\u00e9 by nem\u011bli opakovat ve volb\u00e1ch stejn\u00e9 chyby a volit politick\u00e9 strany, kter\u00e9 jim nejsou schopny prosp\u011bt a naopak ni\u010d\u00ed jejich \u017eivotn\u00ed \u00farove\u0148. To se stalo v\u00a0uplynul\u00e9m volebn\u00edm obdob\u00ed, kdy\u017e v\u00a0letech 2022 a 2023 do\u0161lo v souhrnu\u00a0za 2 roky k\u00a0inflaci cca 30 %. To vedlo ke sn\u00ed\u017een\u00ed \u017eivotn\u00ed \u00farovn\u011b \u010desk\u00e9ho obyvatelstva.<\/p>\n<p style=\"font-weight: 400;\">\u00a0Jist\u011b se objev\u00ed n\u00e1zory, \u017ee je ve v\u00e1lce nutn\u00e9 pokra\u010dovat a\u017e do posledn\u00edho ukrajinsk\u00e9ho voj\u00e1ka i bez americk\u00e9 pomoci. Je t\u0159eba p\u0159ipomenout, \u017ee zj. zpravodajsk\u00e9 informace dod\u00e1van\u00e9 ukrajinsk\u00e9 arm\u00e1d\u011b z\u00a0USA, jsou vlastn\u011b o\u010dima a u\u0161ima ukrajinsk\u00e9 arm\u00e1dy. Bez nich by Ukrajina vedla v\u00e1lku tak, jak se vedla za II. sv\u011btov\u00e9 v\u00e1lky. Byla by n\u00e1sledn\u011b rusk\u00fdmi silami zcela rozdrcena. Tedy, americk\u00fd prezident m\u00e1 s\u00edlu a moc prosadit ukon\u010den\u00ed zbyte\u010dn\u00e9ho konfliktu na v\u00fdchod\u011b Evropy. A tak lamentace nad t\u00edm co by bylo, kdyby bylo, je \u00fapln\u011b zbyte\u010dn\u00e1.<\/p>\n<p style=\"font-weight: 400;\">Jak nazna\u010dil B\u00edl\u00fd d\u016fm, v\u00a0kv\u011btnu se prezident Trump chce setkat s\u00a0prezidentem Putinem. A bylo by hezk\u00e9 a \u010dinilo by to skv\u011bl\u00fd p\u0159\u00edslib budouc\u00edch dobr\u00fdch vztah\u016f Ruska a USA, kdyby to bylo je\u0161t\u011b p\u0159ed 8. a 9. kv\u011btnem. Tedy p\u0159ed dnem spole\u010dn\u00e9ho v\u00edt\u011bzstv\u00ed Ruska, USA a dal\u0161\u00edch spojenc\u016f nad nacistick\u00fdm N\u011bmeckem.<\/p>\n<p><a href=\"https:\/\/vasevec.info\/komentare\/mir-na-dohled-0\">Ji\u0159\u00ed Paroubek<\/a><\/p>\n<p><img decoding=\"async\" loading=\"lazy\" class=\"alignnone size-medium wp-image-2342\" src=\"http:\/\/www.infokuryr.cz\/n\/wp-content\/uploads\/2021\/06\/paroubek-300x208.jpg\" alt=\"\" width=\"300\" height=\"208\" srcset=\"https:\/\/www.infokuryr.cz\/n\/wp-content\/uploads\/2021\/06\/paroubek-300x208.jpg 300w, https:\/\/www.infokuryr.cz\/n\/wp-content\/uploads\/2021\/06\/paroubek.jpg 318w\" sizes=\"(max-width: 300px) 100vw, 300px\" \/><\/p>\n<p>&nbsp;<\/p>\n","protected":false},"excerpt":{"rendered":"<p>Americk\u00fd prezident Donald Trump se zm\u00ednil p\u0159i setk\u00e1n\u00ed s novin\u00e1\u0159i v B\u00edl\u00e9m dom\u011b o tom,&#8230;<\/p>\n","protected":false},"author":2,"featured_media":22962,"comment_status":"closed","ping_status":"closed","sticky":false,"template":"","format":"standard","meta":[],"categories":[6],"tags":[1503,565,26,37],"_links":{"self":[{"href":"https:\/\/www.infokuryr.cz\/n\/wp-json\/wp\/v2\/posts\/77308"}],"collection":[{"href":"https:\/\/www.infokuryr.cz\/n\/wp-json\/wp\/v2\/posts"}],"about":[{"href":"https:\/\/www.infokuryr.cz\/n\/wp-json\/wp\/v2\/types\/post"}],"author":[{"embeddable":true,"href":"https:\/\/www.infokuryr.cz\/n\/wp-json\/wp\/v2\/users\/2"}],"replies":[{"embeddable":true,"href":"https:\/\/www.infokuryr.cz\/n\/wp-json\/wp\/v2\/comments?post=77308"}],"version-history":[{"count":0,"href":"https:\/\/www.infokuryr.cz\/n\/wp-json\/wp\/v2\/posts\/77308\/revisions"}],"wp:featuredmedia":[{"embeddable":true,"href":"https:\/\/www.infokuryr.cz\/n\/wp-json\/wp\/v2\/media\/22962"}],"wp:attachment":[{"href":"https:\/\/www.infokuryr.cz\/n\/wp-json\/wp\/v2\/media?parent=77308"}],"wp:term":[{"taxonomy":"category","embeddable":true,"href":"https:\/\/www.infokuryr.cz\/n\/wp-json\/wp\/v2\/categories?post=77308"},{"taxonomy":"post_tag","embeddable":true,"href":"https:\/\/www.infokuryr.cz\/n\/wp-json\/wp\/v2\/tags?post=77308"}],"curies":[{"name":"wp","href":"https:\/\/api.w.org\/{rel}","templated":true}]}}