{"id":77303,"date":"2025-04-26T00:23:47","date_gmt":"2025-04-25T22:23:47","guid":{"rendered":"https:\/\/www.infokuryr.cz\/n\/?p=77303"},"modified":"2025-04-25T10:47:47","modified_gmt":"2025-04-25T08:47:47","slug":"arcibiskup-vigano-bergoglia-vyuzili-globaliste-k-prosazeni-zednarske-revoluce","status":"publish","type":"post","link":"https:\/\/www.infokuryr.cz\/n\/2025\/04\/26\/arcibiskup-vigano-bergoglia-vyuzili-globaliste-k-prosazeni-zednarske-revoluce\/","title":{"rendered":"Arcibiskup Vigan\u00f2: Bergoglia vyu\u017eili globalist\u00e9 k prosazen\u00ed zedn\u00e1\u0159sk\u00e9 revoluce"},"content":{"rendered":"<div id=\"fb-root\"><\/div>\n<div class=\"elementor-element elementor-element-1fb4c2c elementor-widget elementor-widget-theme-post-content\" data-id=\"1fb4c2c\" data-element_type=\"widget\" data-widget_type=\"theme-post-content.default\">\n<div class=\"elementor-widget-container\">\n<p><span>Arcibiskup Carlo Maria Vigan\u00f2 v dosud nezve\u0159ejn\u011bn\u00e9m rozhovoru pro italsk\u00e1 m\u00e9dia nazna\u010dil, \u017ee ka\u017ed\u00e9mu katol\u00edkovi by se Franti\u0161k\u016fv pontifik\u00e1t ve Vatik\u00e1nu p\u0159ipadal \u201ehrozn\u00fd\u201c.<\/span><\/p>\n<p><span>Vigan\u00f2 je p\u0159esv\u011bd\u010den, \u017ee globalist\u00e9 v z\u00e1kulis\u00ed pl\u00e1novali svr\u017een\u00ed Benedikta XVI. sesadit ho z \u00fa\u0159adu a dosadit Franti\u0161ka jako sou\u010d\u00e1st glob\u00e1ln\u00edho \u201ep\u0159evratu\u201c. V dopise z 23. dubna arcibiskup uvedl, \u017ee poskytl rozhovor redaktor\u016fm italsk\u00e9ho televizn\u00edho po\u0159adu\u00a0<\/span><em><span>Fuori dal coro<\/span><\/em><span>\u00a0(\u201eMimo oby\u010dejn\u00e9\u201c), ve kter\u00e9m zhodnotil bergoglianskou \u00e9ru.<\/span><\/p>\n<p><span>Kdy\u017e byl dot\u00e1z\u00e1n na jeho hodnocen\u00ed pape\u017ee Franti\u0161ka, b\u00fdval\u00fd apo\u0161tolsk\u00fd nuncius v USA odpov\u011bd\u011bl, \u017ee ka\u017ed\u00fd katol\u00edk by tento pontifik\u00e1t \u2013 \u201ekter\u00fd ve skute\u010dnosti v\u016fbec nebyl, jen se j\u00edm zd\u00e1l\u201c \u2013 posoudil jako \u201estra\u0161n\u00fd\u201c.<\/span><\/p>\n<p><em>\u201e\u0158\u00edmsk\u00e1 c\u00edrkev byla po t\u011bchto dvan\u00e1cti letech tyranie zdevastov\u00e1na skand\u00e1ly, korupc\u00ed, poru\u0161ov\u00e1n\u00edm lidsk\u00fdch pr\u00e1v \u2013 m\u00e1m na mysli dohodu s komunistickou diktaturou v Pekingu \u2013 a ne\u00fasp\u011b\u0161n\u00fdm \u0159\u00edzen\u00edm na v\u0161ech \u00farovn\u00edch,\u201c dodal.<\/em><\/p>\n<p><span>Vigan\u00f2 vysv\u011btlil, \u017ee \u201epodvratn\u00e1 lobby\u201c byla v procesu implementace \u201eprotik\u0159es\u0165ansk\u00e9ho a zedn\u00e1\u0159sk\u00e9ho revolu\u010dn\u00edho pl\u00e1nu\u201c. Tyto s\u00edly p\u0159evzaly jak vl\u00e1dy, tak instituce. K dosa\u017een\u00ed tohoto \u201eglob\u00e1ln\u00edho p\u0159evratu\u201c se spol\u00e9hali na spolupr\u00e1ci \u201ezkorumpovan\u00fdch vl\u00e1dn\u00edch \u00fa\u0159edn\u00edk\u016f&#8230; politik\u016f, l\u00e9ka\u0159\u016f, soudc\u016f a u\u010ditel\u016f\u201c. I po 2. vatik\u00e1nsk\u00e9m koncilu bylo v \u0158\u00edm\u011b mnoho t\u011bch, \u201ekte\u0159\u00ed se dr\u017eeli nesmlouvav\u00fdch z\u00e1sad\u201c \u2013 a tak nad\u00e1le p\u0159edstavovali pro globalisty p\u0159ek\u00e1\u017eku.<\/span><\/p>\n<p><em>\u201eBenedikt XVI. byl jasn\u011b proti pl\u00e1n\u016fm globalist\u016f a nikdy by se od t\u011bchto princip\u016f neodch\u00fdlil t\u00edm, \u017ee by legitimizoval nap\u0159\u00edklad ideologii LGBTQ, gender ideologii, pseudov\u011bdeck\u00e9 po\u0161etilosti WHO o genetick\u00e9 manipulaci a sv\u011btov\u00e9 depopulaci nebo islamizaci Evropy prost\u0159ednictv\u00edm etnick\u00e9 substituce,\u201c napsal Vigan\u00f2.<br \/>\n<\/em><br \/>\n<em>Proto bylo nutn\u00e9 \u201eeliminovat Josepha Ratzingera\u201c a jmenovat osobnost, \u201ekter\u00e1 l\u00e9pe odpov\u00edd\u00e1 vzoru\u201c.<\/em><\/p>\n<p><span>Podle jeho n\u00e1zoru se tak stalo prost\u0159ednictv\u00edm \u201ep\u0159evratu\u201c tzv.\u00a0<\/span><em><span>St. Gallen Mafia<\/span><\/em><span>\u00a0a American\u00a0<\/span><em><span>Deep State<\/span><\/em><span>\u00a0, kter\u00fd svrhl Benedikta XVI. donucen rezignovat a pov\u00fd\u0161il Jorgeho Maria Bergoglia na nejvy\u0161\u0161\u00ed \u00fa\u0159ad v c\u00edrkvi.<\/span><\/p>\n<p><span>Tato \u201euzurpace\u201c se odehr\u00e1la ve stejnou dobu jako \u201eglobalistick\u00e1 restrukturalizace\u201c, p\u0159i kter\u00e9 byly vl\u00e1dy po cel\u00e9m sv\u011bt\u011b znovu jmenov\u00e1ny v souladu s Davosk\u00fdm f\u00f3rem. Vigan\u00f2 uv\u00e1d\u00ed jako p\u0159\u00edklady: Emmanuel Macron (Francie), Boris Johnson a Sir Keir Starmer (UK), Justin Trudeau (Kanada), Clintonovi, Barack Obama, Joe Biden (USA) a Ursula von der Leyen (EU).<\/span><\/p>\n<p><span>Ital\u0161t\u00ed novin\u00e1\u0159i po\u017e\u00e1dali Vigan\u00f2a tak\u00e9 o vysv\u011btlen\u00ed jeho v\u00fdroku v den Francisovy smrti, kdy\u017e sv\u00e9 v\u00fdroky na adresu ateistick\u00e9ho novin\u00e1\u0159e Eugenia Scalfariho ozna\u010dil za \u201ekac\u00ed\u0159sk\u00e1 nad\u0161en\u00ed\u201c.<\/span><\/p>\n<p><span>Vigan\u00f2 od\u016fvodnil toto tvrzen\u00ed Francisov\u00fdm \u00fadajn\u00fdm pop\u0159en\u00edm pekla:<\/span><\/p>\n<p><em>Bergoglio se mu podle Scalfariho sv\u011b\u0159il, \u017ee nev\u011b\u0159\u00ed v peklo a je p\u0159esv\u011bd\u010den, \u017ee dobr\u00e9 du\u0161e budou spaseny \u201esplynut\u00edm s Bohem\u201c, zat\u00edmco zatracen\u00e9 du\u0161e budou zni\u010deny a zmiz\u00ed v nicot\u011b.<\/em><br \/>\n<em>To je v rozporu jak s P\u00edsmem svat\u00fdm, tak s u\u010ditelsk\u00fdm \u00fa\u0159adem c\u00edrkve, kter\u00e9 u\u010d\u00ed, \u017ee ka\u017ed\u00e1 du\u0161e \u010del\u00ed p\u0159i smrti zvl\u00e1\u0161tn\u00edmu soudu a je konfrontov\u00e1na s v\u011b\u010dnou bla\u017eenost\u00ed nebo v\u011b\u010dn\u00fdm zatracen\u00edm v z\u00e1vislosti na sv\u00e9m chov\u00e1n\u00ed.<\/em><br \/>\n<em>&#8222;Proto jsem mluvil o kac\u00ed\u0159sk\u00e9m nad\u0161en\u00ed &#8211; p\u0159ipojuj\u00ed se k dlouh\u00e9mu seznamu fale\u0161n\u00fdch u\u010den\u00ed a nesmysl\u016f, kter\u00e9 jsme museli v posledn\u00edch letech sn\u00e1\u0161et.&#8220;<\/em><\/p>\n<p><span>Arcibiskup byl tak\u00e9 dot\u00e1z\u00e1n na jeho zm\u00ednku o Franti\u0161kov\u00fdch \u201ed\u011bdicech\u201c, kter\u00e9 popsal jako \u201epodvratn\u00edky\u201c. Tato odpov\u011b\u010f tak\u00e9 nezanechala \u017e\u00e1dn\u00e9 p\u0159\u00e1n\u00ed, pokud jde o jasnost:<\/span><\/p>\n<p><em>Bergoglio se obklopil zkorumpovan\u00fdmi a vyd\u00edrateln\u00fdmi lidmi, kter\u00e9 vyko\u0159is\u0165oval. Posm\u00edval se, ur\u00e1\u017eel a pron\u00e1sledoval poctiv\u00e9 kardin\u00e1ly a biskupy a p\u0159itom kryl a chr\u00e1nil pachatele z\u00e1va\u017en\u00fdch zlo\u010din\u016f.<\/em><br \/>\n<em>Vigan\u00f2 zvl\u00e1\u0161t\u011b zd\u016fraz\u0148uje podporu cel\u00e9ho \u0159et\u011bzce americk\u00fdch prel\u00e1t\u016f, kte\u0159\u00ed jsou napojeni na b\u00fdval\u00e9ho kardin\u00e1la McCarricka a kte\u0159\u00ed dnes zast\u00e1vaj\u00ed kl\u00ed\u010dov\u00e9 pozice v americk\u00e9 c\u00edrkvi a Vatik\u00e1nu.<\/em><br \/>\n<em>Krom\u011b toho Franti\u0161ek zru\u0161il exkomunikaci sv\u00e9ho jezuitsk\u00e9ho bratra Marca Rupnika, p\u0159esto\u017ee jeho p\u0159\u00edpady zneu\u017e\u00edv\u00e1n\u00ed pobou\u0159ily i um\u00edrn\u011bn\u00e9.<\/em><br \/>\n<em>&#8222;Pron\u00e1sledoval sv\u00e9 odp\u016frce &#8211; v\u010detn\u011b m\u011b &#8211; a nez\u00e1konn\u011b m\u011b exkomunikoval.&#8220;<\/em><\/p>\n<p><span>Tyto postavy podle Vigan\u00f2a z\u016fst\u00e1vaj\u00ed ve funkci a pracuj\u00ed na \u201etransformaci Kristovy c\u00edrkve v ekumenicko-synkretistickou organizaci zedn\u00e1\u0159sk\u00e9ho p\u016fvodu\u201c, kter\u00e1 slou\u017e\u00ed Nov\u00e9mu sv\u011btov\u00e9mu \u0159\u00e1du.<\/span><\/p>\n<p><span>Nakonec byl Vigan\u00f2 dot\u00e1z\u00e1n, pro\u010d pova\u017euje Franti\u0161ka za antipape\u017ee. Jeho odpov\u011b\u010f:<\/span><\/p>\n<p><em>Domn\u00edv\u00e1 se, \u017ee kardin\u00e1l Bergoglio p\u0159evzal \u00fa\u0159ad pape\u017ee, ani\u017e by kdy m\u011bl v \u00famyslu vykon\u00e1vat sv\u00e9 skute\u010dn\u00e9 povinnosti.<\/em><br \/>\n<em>To je srovnateln\u00e9 s n\u011bk\u00fdm, kdo slo\u017e\u00ed man\u017eelsk\u00fd slib s podvodn\u00fdm \u00famyslem.<\/em><br \/>\n<em>&#8222;Domn\u00edv\u00e1m se, \u017ee Bergogliovo p\u0159ijet\u00ed pape\u017estv\u00ed bylo chybn\u00e9, proto\u017ee pape\u017estv\u00ed pova\u017eoval za n\u011bco jin\u00e9ho, \u200b\u200bne\u017e \u010d\u00edm je &#8211; jako man\u017eelsk\u00fd partner, kter\u00fd se o\u017een\u00ed, ani\u017e by p\u0159ijal prav\u00fd smysl man\u017eelstv\u00ed. Takov\u00e9 man\u017eelstv\u00ed by bylo neplatn\u00e9 &#8211; a jeho pape\u017estv\u00ed tak\u00e9.&#8220;<\/em><\/p>\n<\/div>\n<\/div>\n<div class=\"elementor-element elementor-element-8c57238 quelle dc-has-condition dc-condition-empty elementor-widget elementor-widget-heading\" data-id=\"8c57238\" data-element_type=\"widget\" data-widget_type=\"heading.default\">\n<div class=\"elementor-widget-container\">\n<h3 class=\"elementor-heading-title elementor-size-default\"><span style=\"font-size: 10pt;\"><a href=\"https:\/\/www.lifesitenews.com\/news\/archbishop-vigano-bergoglio-was-installed-by-globalists-to-further-the-masonic-revolution\/?utm_source=popular\" target=\"_blank\" rel=\"nofollow noopener\">Zdroj<\/a><\/span><\/h3>\n<p>&nbsp;<\/p>\n<\/div>\n<\/div>\n","protected":false},"excerpt":{"rendered":"<p>Arcibiskup Carlo Maria Vigan\u00f2 v dosud nezve\u0159ejn\u011bn\u00e9m rozhovoru pro italsk\u00e1 m\u00e9dia nazna\u010dil, \u017ee ka\u017ed\u00e9mu katol\u00edkovi&#8230;<\/p>\n","protected":false},"author":2,"featured_media":8961,"comment_status":"closed","ping_status":"closed","sticky":false,"template":"","format":"standard","meta":[],"categories":[7],"tags":[1413,752,279,1503,254,650],"_links":{"self":[{"href":"https:\/\/www.infokuryr.cz\/n\/wp-json\/wp\/v2\/posts\/77303"}],"collection":[{"href":"https:\/\/www.infokuryr.cz\/n\/wp-json\/wp\/v2\/posts"}],"about":[{"href":"https:\/\/www.infokuryr.cz\/n\/wp-json\/wp\/v2\/types\/post"}],"author":[{"embeddable":true,"href":"https:\/\/www.infokuryr.cz\/n\/wp-json\/wp\/v2\/users\/2"}],"replies":[{"embeddable":true,"href":"https:\/\/www.infokuryr.cz\/n\/wp-json\/wp\/v2\/comments?post=77303"}],"version-history":[{"count":0,"href":"https:\/\/www.infokuryr.cz\/n\/wp-json\/wp\/v2\/posts\/77303\/revisions"}],"wp:featuredmedia":[{"embeddable":true,"href":"https:\/\/www.infokuryr.cz\/n\/wp-json\/wp\/v2\/media\/8961"}],"wp:attachment":[{"href":"https:\/\/www.infokuryr.cz\/n\/wp-json\/wp\/v2\/media?parent=77303"}],"wp:term":[{"taxonomy":"category","embeddable":true,"href":"https:\/\/www.infokuryr.cz\/n\/wp-json\/wp\/v2\/categories?post=77303"},{"taxonomy":"post_tag","embeddable":true,"href":"https:\/\/www.infokuryr.cz\/n\/wp-json\/wp\/v2\/tags?post=77303"}],"curies":[{"name":"wp","href":"https:\/\/api.w.org\/{rel}","templated":true}]}}